{"id":80569,"date":"2026-04-30T21:56:00","date_gmt":"2026-04-30T19:56:00","guid":{"rendered":"https:\/\/www.tennispassionzone.com\/?p=80569"},"modified":"2026-05-01T09:29:08","modified_gmt":"2026-05-01T07:29:08","slug":"internazionali-di-roma-swiatek-si-allena-a-piazza-del-popolo","status":"publish","type":"post","link":"https:\/\/www.tennispassionzone.com\/it\/notizie\/internazionali-di-roma-swiatek-si-allena-a-piazza-del-popolo\/","title":{"rendered":"Internazionali di Roma: Swiatek si allena a Piazza del Popolo"},"content":{"rendered":"<p>Roma accoglie i primi tennisti in vista degli Internazionali d&#8217;Italia. Le sessioni di allenamento pre-torneo sono iniziate, con diverse stelle attese sui campi della Capitale.<\/p>\n<h2>Programma degli allenamenti<\/h2>\n<p>Iga Swiatek, numero tre del mondo, \u00e8 attesa per una sessione di allenamento alle 16:00 in Piazza del Popolo. L&#8217;evento offre agli appassionati l&#8217;opportunit\u00e0 di vederla da vicino. Aryna Sabalenka, attuale numero uno, scender\u00e0 in campo al Centrale del Foro Italico dalle 15:00 alle 17:00. La mattinata vedr\u00e0 anche Zheng allenarsi sullo stesso campo. Lorenzo Sonego, dopo il Sardegna Open, sar\u00e0 presente sul Campo 13.<\/p>\n","protected":false},"excerpt":{"rendered":"<p>Iga Swiatek si allena a Piazza del Popolo per gli Internazionali di Roma. Anche Sabalenka, Zheng e Sonego in campo per le prime sessioni nella Capitale.<\/p>\n","protected":false},"author":2,"featured_media":80570,"comment_status":"closed","ping_status":"open","sticky":false,"template":"","format":"standard","meta":{"_overwrite_by_ai":false,"footnotes":""},"categories":[5023,5024,5028,5033,5022,5027],"tags":[],"class_list":["post-80569","post","type-post","status-publish","format-standard","has-post-thumbnail","hentry","category-atp","category-calendario-risultati","category-calendario-risultati-wta","category-giocatrici","category-notizie","category-wta"],"acf":[],"yoast_head":"<!-- This site is optimized with the Yoast SEO plugin v26.8 - https:\/\/yoast.com\/product\/yoast-seo-wordpress\/ -->\n<title>Swiatek a Piazza del Popolo per Internazionali di Roma<\/title>\n<meta name=\"description\" content=\"Iga Swiatek si allena a Piazza del Popolo per gli Internazionali di Roma. Anche Sabalenka, Zheng e Sonego in campo per le prime sessioni nella Capitale.\" \/>\n<meta name=\"robots\" content=\"index, follow, max-snippet:-1, max-image-preview:large, max-video-preview:-1\" \/>\n<link rel=\"canonical\" href=\"https:\/\/www.tennispassionzone.com\/it\/notizie\/internazionali-di-roma-swiatek-si-allena-a-piazza-del-popolo\/\" \/>\n<meta property=\"og:locale\" content=\"it_IT\" \/>\n<meta property=\"og:type\" content=\"article\" \/>\n<meta property=\"og:title\" content=\"Swiatek a Piazza del Popolo per Internazionali di Roma\" \/>\n<meta property=\"og:description\" content=\"Iga Swiatek si allena a Piazza del Popolo per gli Internazionali di Roma. Anche Sabalenka, Zheng e Sonego in campo per le prime sessioni nella Capitale.\" \/>\n<meta property=\"og:url\" content=\"https:\/\/www.tennispassionzone.com\/it\/notizie\/internazionali-di-roma-swiatek-si-allena-a-piazza-del-popolo\/\" \/>\n<meta property=\"og:site_name\" content=\"Tennis Passion Zone\" \/>\n<meta property=\"article:published_time\" content=\"2026-04-30T19:56:00+00:00\" \/>\n<meta property=\"article:modified_time\" content=\"2026-05-01T07:29:08+00:00\" \/>\n<meta property=\"og:image\" content=\"https:\/\/www.tennispassionzone.com\/wp-content\/uploads\/2026\/04\/iga-swiatek-of-poland-competes-against-ann-li-of-the-united-states-during-their-womens-singles.jpg?v=1777585924\" \/>\n\t<meta property=\"og:image:width\" content=\"2048\" \/>\n\t<meta property=\"og:image:height\" content=\"1366\" \/>\n\t<meta property=\"og:image:type\" content=\"image\/jpeg\" \/>\n<meta name=\"author\" content=\"Redazione\" \/>\n<meta name=\"twitter:card\" content=\"summary_large_image\" \/>\n<meta name=\"twitter:label1\" content=\"Scritto da\" \/>\n\t<meta name=\"twitter:data1\" content=\"Redazione\" \/>\n\t<meta name=\"twitter:label2\" content=\"Tempo di lettura stimato\" \/>\n\t<meta name=\"twitter:data2\" content=\"1 minuto\" \/>\n<script type=\"application\/ld+json\" class=\"yoast-schema-graph\">{\"@context\":\"https:\/\/schema.org\",\"@graph\":[{\"@type\":\"Article\",\"@id\":\"https:\/\/www.tennispassionzone.com\/it\/notizie\/internazionali-di-roma-swiatek-si-allena-a-piazza-del-popolo\/#article\",\"isPartOf\":{\"@id\":\"https:\/\/www.tennispassionzone.com\/it\/notizie\/internazionali-di-roma-swiatek-si-allena-a-piazza-del-popolo\/\"},\"author\":{\"name\":\"Redazione\",\"@id\":\"https:\/\/www.tennispassionzone.com\/it\/#\/schema\/person\/7482dd2bdb5dcadceff44db779dcf888\"},\"headline\":\"Internazionali di Roma: Swiatek si allena a Piazza del Popolo\",\"datePublished\":\"2026-04-30T19:56:00+00:00\",\"dateModified\":\"2026-05-01T07:29:08+00:00\",\"mainEntityOfPage\":{\"@id\":\"https:\/\/www.tennispassionzone.com\/it\/notizie\/internazionali-di-roma-swiatek-si-allena-a-piazza-del-popolo\/\"},\"wordCount\":101,\"publisher\":{\"@id\":\"https:\/\/www.tennispassionzone.com\/it\/#organization\"},\"image\":{\"@id\":\"https:\/\/www.tennispassionzone.com\/it\/notizie\/internazionali-di-roma-swiatek-si-allena-a-piazza-del-popolo\/#primaryimage\"},\"thumbnailUrl\":\"https:\/\/www.tennispassionzone.com\/wp-content\/uploads\/2026\/04\/iga-swiatek-of-poland-competes-against-ann-li-of-the-united-states-during-their-womens-singles.jpg?v=1777585924\",\"articleSection\":[\"ATP\",\"Calendario e risultati\",\"Calendario e risultati\",\"Giocatrici\",\"Notizie\",\"WTA\"],\"inLanguage\":\"it-IT\"},{\"@type\":\"WebPage\",\"@id\":\"https:\/\/www.tennispassionzone.com\/it\/notizie\/internazionali-di-roma-swiatek-si-allena-a-piazza-del-popolo\/\",\"url\":\"https:\/\/www.tennispassionzone.com\/it\/notizie\/internazionali-di-roma-swiatek-si-allena-a-piazza-del-popolo\/\",\"name\":\"Swiatek a Piazza del Popolo per Internazionali di Roma\",\"isPartOf\":{\"@id\":\"https:\/\/www.tennispassionzone.com\/it\/#website\"},\"primaryImageOfPage\":{\"@id\":\"https:\/\/www.tennispassionzone.com\/it\/notizie\/internazionali-di-roma-swiatek-si-allena-a-piazza-del-popolo\/#primaryimage\"},\"image\":{\"@id\":\"https:\/\/www.tennispassionzone.com\/it\/notizie\/internazionali-di-roma-swiatek-si-allena-a-piazza-del-popolo\/#primaryimage\"},\"thumbnailUrl\":\"https:\/\/www.tennispassionzone.com\/wp-content\/uploads\/2026\/04\/iga-swiatek-of-poland-competes-against-ann-li-of-the-united-states-during-their-womens-singles.jpg?v=1777585924\",\"datePublished\":\"2026-04-30T19:56:00+00:00\",\"dateModified\":\"2026-05-01T07:29:08+00:00\",\"description\":\"Iga Swiatek si allena a Piazza del Popolo per gli Internazionali di Roma. Anche Sabalenka, Zheng e Sonego in campo per le prime sessioni nella Capitale.\",\"breadcrumb\":{\"@id\":\"https:\/\/www.tennispassionzone.com\/it\/notizie\/internazionali-di-roma-swiatek-si-allena-a-piazza-del-popolo\/#breadcrumb\"},\"inLanguage\":\"it-IT\",\"potentialAction\":[{\"@type\":\"ReadAction\",\"target\":[\"https:\/\/www.tennispassionzone.com\/it\/notizie\/internazionali-di-roma-swiatek-si-allena-a-piazza-del-popolo\/\"]}]},{\"@type\":\"ImageObject\",\"inLanguage\":\"it-IT\",\"@id\":\"https:\/\/www.tennispassionzone.com\/it\/notizie\/internazionali-di-roma-swiatek-si-allena-a-piazza-del-popolo\/#primaryimage\",\"url\":\"https:\/\/www.tennispassionzone.com\/wp-content\/uploads\/2026\/04\/iga-swiatek-of-poland-competes-against-ann-li-of-the-united-states-during-their-womens-singles.jpg?v=1777585924\",\"contentUrl\":\"https:\/\/www.tennispassionzone.com\/wp-content\/uploads\/2026\/04\/iga-swiatek-of-poland-competes-against-ann-li-of-the-united-states-during-their-womens-singles.jpg?v=1777585924\",\"width\":2048,\"height\":1366},{\"@type\":\"BreadcrumbList\",\"@id\":\"https:\/\/www.tennispassionzone.com\/it\/notizie\/internazionali-di-roma-swiatek-si-allena-a-piazza-del-popolo\/#breadcrumb\",\"itemListElement\":[{\"@type\":\"ListItem\",\"position\":1,\"name\":\"Home\",\"item\":\"https:\/\/www.tennispassionzone.com\/it\/\"},{\"@type\":\"ListItem\",\"position\":2,\"name\":\"ATP\",\"item\":\"https:\/\/www.tennispassionzone.com\/it\/atp\/\"},{\"@type\":\"ListItem\",\"position\":3,\"name\":\"Calendario e risultati\",\"item\":\"https:\/\/www.tennispassionzone.com\/it\/atp\/calendario-risultati\/\"},{\"@type\":\"ListItem\",\"position\":4,\"name\":\"Internazionali di Roma: Swiatek si allena a Piazza del Popolo\"}]},{\"@type\":\"WebSite\",\"@id\":\"https:\/\/www.tennispassionzone.com\/it\/#website\",\"url\":\"https:\/\/www.tennispassionzone.com\/it\/\",\"name\":\"Tennis Passion Zone\",\"description\":\"\",\"publisher\":{\"@id\":\"https:\/\/www.tennispassionzone.com\/it\/#organization\"},\"potentialAction\":[{\"@type\":\"SearchAction\",\"target\":{\"@type\":\"EntryPoint\",\"urlTemplate\":\"https:\/\/www.tennispassionzone.com\/it\/?s={search_term_string}\"},\"query-input\":{\"@type\":\"PropertyValueSpecification\",\"valueRequired\":true,\"valueName\":\"search_term_string\"}}],\"inLanguage\":\"it-IT\"},{\"@type\":\"Organization\",\"@id\":\"https:\/\/www.tennispassionzone.com\/it\/#organization\",\"name\":\"Tennis Passion Zone\",\"url\":\"https:\/\/www.tennispassionzone.com\/it\/\",\"logo\":{\"@type\":\"ImageObject\",\"inLanguage\":\"it-IT\",\"@id\":\"https:\/\/www.tennispassionzone.com\/it\/#\/schema\/logo\/image\/\",\"url\":\"https:\/\/www.tennispassionzone.com\/wp-content\/uploads\/2025\/12\/Logo_tennis_passion-zone.png?v=1764615384\",\"contentUrl\":\"https:\/\/www.tennispassionzone.com\/wp-content\/uploads\/2025\/12\/Logo_tennis_passion-zone.png?v=1764615384\",\"width\":450,\"height\":225,\"caption\":\"Tennis Passion Zone\"},\"image\":{\"@id\":\"https:\/\/www.tennispassionzone.com\/it\/#\/schema\/logo\/image\/\"}},{\"@type\":\"Person\",\"@id\":\"https:\/\/www.tennispassionzone.com\/it\/#\/schema\/person\/7482dd2bdb5dcadceff44db779dcf888\",\"name\":\"Redazione\",\"image\":{\"@type\":\"ImageObject\",\"inLanguage\":\"it-IT\",\"@id\":\"https:\/\/www.tennispassionzone.com\/it\/#\/schema\/person\/image\/\",\"url\":\"https:\/\/secure.gravatar.com\/avatar\/c45218f258fcfc0967c01cbb78b145e68bbbcceb3cd677a1f765de698d1b9af4?s=96&d=mm&r=g\",\"contentUrl\":\"https:\/\/secure.gravatar.com\/avatar\/c45218f258fcfc0967c01cbb78b145e68bbbcceb3cd677a1f765de698d1b9af4?s=96&d=mm&r=g\",\"caption\":\"Redazione\"},\"url\":\"https:\/\/www.tennispassionzone.com\/it\/author\/redazione\/\"}]}<\/script>\n<!-- \/ Yoast SEO plugin. -->","yoast_head_json":{"title":"Swiatek a Piazza del Popolo per Internazionali di Roma","description":"Iga Swiatek si allena a Piazza del Popolo per gli Internazionali di Roma. Anche Sabalenka, Zheng e Sonego in campo per le prime sessioni nella Capitale.","robots":{"index":"index","follow":"follow","max-snippet":"max-snippet:-1","max-image-preview":"max-image-preview:large","max-video-preview":"max-video-preview:-1"},"canonical":"https:\/\/www.tennispassionzone.com\/it\/notizie\/internazionali-di-roma-swiatek-si-allena-a-piazza-del-popolo\/","og_locale":"it_IT","og_type":"article","og_title":"Swiatek a Piazza del Popolo per Internazionali di Roma","og_description":"Iga Swiatek si allena a Piazza del Popolo per gli Internazionali di Roma. Anche Sabalenka, Zheng e Sonego in campo per le prime sessioni nella Capitale.","og_url":"https:\/\/www.tennispassionzone.com\/it\/notizie\/internazionali-di-roma-swiatek-si-allena-a-piazza-del-popolo\/","og_site_name":"Tennis Passion Zone","article_published_time":"2026-04-30T19:56:00+00:00","article_modified_time":"2026-05-01T07:29:08+00:00","og_image":[{"width":2048,"height":1366,"url":"https:\/\/www.tennispassionzone.com\/wp-content\/uploads\/2026\/04\/iga-swiatek-of-poland-competes-against-ann-li-of-the-united-states-during-their-womens-singles.jpg?v=1777585924","type":"image\/jpeg"}],"author":"Redazione","twitter_card":"summary_large_image","twitter_misc":{"Scritto da":"Redazione","Tempo di lettura stimato":"1 minuto"},"schema":{"@context":"https:\/\/schema.org","@graph":[{"@type":"Article","@id":"https:\/\/www.tennispassionzone.com\/it\/notizie\/internazionali-di-roma-swiatek-si-allena-a-piazza-del-popolo\/#article","isPartOf":{"@id":"https:\/\/www.tennispassionzone.com\/it\/notizie\/internazionali-di-roma-swiatek-si-allena-a-piazza-del-popolo\/"},"author":{"name":"Redazione","@id":"https:\/\/www.tennispassionzone.com\/it\/#\/schema\/person\/7482dd2bdb5dcadceff44db779dcf888"},"headline":"Internazionali di Roma: Swiatek si allena a Piazza del Popolo","datePublished":"2026-04-30T19:56:00+00:00","dateModified":"2026-05-01T07:29:08+00:00","mainEntityOfPage":{"@id":"https:\/\/www.tennispassionzone.com\/it\/notizie\/internazionali-di-roma-swiatek-si-allena-a-piazza-del-popolo\/"},"wordCount":101,"publisher":{"@id":"https:\/\/www.tennispassionzone.com\/it\/#organization"},"image":{"@id":"https:\/\/www.tennispassionzone.com\/it\/notizie\/internazionali-di-roma-swiatek-si-allena-a-piazza-del-popolo\/#primaryimage"},"thumbnailUrl":"https:\/\/www.tennispassionzone.com\/wp-content\/uploads\/2026\/04\/iga-swiatek-of-poland-competes-against-ann-li-of-the-united-states-during-their-womens-singles.jpg?v=1777585924","articleSection":["ATP","Calendario e risultati","Calendario e risultati","Giocatrici","Notizie","WTA"],"inLanguage":"it-IT"},{"@type":"WebPage","@id":"https:\/\/www.tennispassionzone.com\/it\/notizie\/internazionali-di-roma-swiatek-si-allena-a-piazza-del-popolo\/","url":"https:\/\/www.tennispassionzone.com\/it\/notizie\/internazionali-di-roma-swiatek-si-allena-a-piazza-del-popolo\/","name":"Swiatek a Piazza del Popolo per Internazionali di Roma","isPartOf":{"@id":"https:\/\/www.tennispassionzone.com\/it\/#website"},"primaryImageOfPage":{"@id":"https:\/\/www.tennispassionzone.com\/it\/notizie\/internazionali-di-roma-swiatek-si-allena-a-piazza-del-popolo\/#primaryimage"},"image":{"@id":"https:\/\/www.tennispassionzone.com\/it\/notizie\/internazionali-di-roma-swiatek-si-allena-a-piazza-del-popolo\/#primaryimage"},"thumbnailUrl":"https:\/\/www.tennispassionzone.com\/wp-content\/uploads\/2026\/04\/iga-swiatek-of-poland-competes-against-ann-li-of-the-united-states-during-their-womens-singles.jpg?v=1777585924","datePublished":"2026-04-30T19:56:00+00:00","dateModified":"2026-05-01T07:29:08+00:00","description":"Iga Swiatek si allena a Piazza del Popolo per gli Internazionali di Roma. Anche Sabalenka, Zheng e Sonego in campo per le prime sessioni nella Capitale.","breadcrumb":{"@id":"https:\/\/www.tennispassionzone.com\/it\/notizie\/internazionali-di-roma-swiatek-si-allena-a-piazza-del-popolo\/#breadcrumb"},"inLanguage":"it-IT","potentialAction":[{"@type":"ReadAction","target":["https:\/\/www.tennispassionzone.com\/it\/notizie\/internazionali-di-roma-swiatek-si-allena-a-piazza-del-popolo\/"]}]},{"@type":"ImageObject","inLanguage":"it-IT","@id":"https:\/\/www.tennispassionzone.com\/it\/notizie\/internazionali-di-roma-swiatek-si-allena-a-piazza-del-popolo\/#primaryimage","url":"https:\/\/www.tennispassionzone.com\/wp-content\/uploads\/2026\/04\/iga-swiatek-of-poland-competes-against-ann-li-of-the-united-states-during-their-womens-singles.jpg?v=1777585924","contentUrl":"https:\/\/www.tennispassionzone.com\/wp-content\/uploads\/2026\/04\/iga-swiatek-of-poland-competes-against-ann-li-of-the-united-states-during-their-womens-singles.jpg?v=1777585924","width":2048,"height":1366},{"@type":"BreadcrumbList","@id":"https:\/\/www.tennispassionzone.com\/it\/notizie\/internazionali-di-roma-swiatek-si-allena-a-piazza-del-popolo\/#breadcrumb","itemListElement":[{"@type":"ListItem","position":1,"name":"Home","item":"https:\/\/www.tennispassionzone.com\/it\/"},{"@type":"ListItem","position":2,"name":"ATP","item":"https:\/\/www.tennispassionzone.com\/it\/atp\/"},{"@type":"ListItem","position":3,"name":"Calendario e risultati","item":"https:\/\/www.tennispassionzone.com\/it\/atp\/calendario-risultati\/"},{"@type":"ListItem","position":4,"name":"Internazionali di Roma: Swiatek si allena a Piazza del Popolo"}]},{"@type":"WebSite","@id":"https:\/\/www.tennispassionzone.com\/it\/#website","url":"https:\/\/www.tennispassionzone.com\/it\/","name":"Tennis Passion Zone","description":"","publisher":{"@id":"https:\/\/www.tennispassionzone.com\/it\/#organization"},"potentialAction":[{"@type":"SearchAction","target":{"@type":"EntryPoint","urlTemplate":"https:\/\/www.tennispassionzone.com\/it\/?s={search_term_string}"},"query-input":{"@type":"PropertyValueSpecification","valueRequired":true,"valueName":"search_term_string"}}],"inLanguage":"it-IT"},{"@type":"Organization","@id":"https:\/\/www.tennispassionzone.com\/it\/#organization","name":"Tennis Passion Zone","url":"https:\/\/www.tennispassionzone.com\/it\/","logo":{"@type":"ImageObject","inLanguage":"it-IT","@id":"https:\/\/www.tennispassionzone.com\/it\/#\/schema\/logo\/image\/","url":"https:\/\/www.tennispassionzone.com\/wp-content\/uploads\/2025\/12\/Logo_tennis_passion-zone.png?v=1764615384","contentUrl":"https:\/\/www.tennispassionzone.com\/wp-content\/uploads\/2025\/12\/Logo_tennis_passion-zone.png?v=1764615384","width":450,"height":225,"caption":"Tennis Passion Zone"},"image":{"@id":"https:\/\/www.tennispassionzone.com\/it\/#\/schema\/logo\/image\/"}},{"@type":"Person","@id":"https:\/\/www.tennispassionzone.com\/it\/#\/schema\/person\/7482dd2bdb5dcadceff44db779dcf888","name":"Redazione","image":{"@type":"ImageObject","inLanguage":"it-IT","@id":"https:\/\/www.tennispassionzone.com\/it\/#\/schema\/person\/image\/","url":"https:\/\/secure.gravatar.com\/avatar\/c45218f258fcfc0967c01cbb78b145e68bbbcceb3cd677a1f765de698d1b9af4?s=96&d=mm&r=g","contentUrl":"https:\/\/secure.gravatar.com\/avatar\/c45218f258fcfc0967c01cbb78b145e68bbbcceb3cd677a1f765de698d1b9af4?s=96&d=mm&r=g","caption":"Redazione"},"url":"https:\/\/www.tennispassionzone.com\/it\/author\/redazione\/"}]}},"_links":{"self":[{"href":"https:\/\/www.tennispassionzone.com\/it\/wp-json\/wp\/v2\/posts\/80569","targetHints":{"allow":["GET"]}}],"collection":[{"href":"https:\/\/www.tennispassionzone.com\/it\/wp-json\/wp\/v2\/posts"}],"about":[{"href":"https:\/\/www.tennispassionzone.com\/it\/wp-json\/wp\/v2\/types\/post"}],"author":[{"embeddable":true,"href":"https:\/\/www.tennispassionzone.com\/it\/wp-json\/wp\/v2\/users\/2"}],"replies":[{"embeddable":true,"href":"https:\/\/www.tennispassionzone.com\/it\/wp-json\/wp\/v2\/comments?post=80569"}],"version-history":[{"count":1,"href":"https:\/\/www.tennispassionzone.com\/it\/wp-json\/wp\/v2\/posts\/80569\/revisions"}],"predecessor-version":[{"id":80587,"href":"https:\/\/www.tennispassionzone.com\/it\/wp-json\/wp\/v2\/posts\/80569\/revisions\/80587"}],"wp:featuredmedia":[{"embeddable":true,"href":"https:\/\/www.tennispassionzone.com\/it\/wp-json\/wp\/v2\/media\/80570"}],"wp:attachment":[{"href":"https:\/\/www.tennispassionzone.com\/it\/wp-json\/wp\/v2\/media?parent=80569"}],"wp:term":[{"taxonomy":"category","embeddable":true,"href":"https:\/\/www.tennispassionzone.com\/it\/wp-json\/wp\/v2\/categories?post=80569"},{"taxonomy":"post_tag","embeddable":true,"href":"https:\/\/www.tennispassionzone.com\/it\/wp-json\/wp\/v2\/tags?post=80569"}],"curies":[{"name":"wp","href":"https:\/\/api.w.org\/{rel}","templated":true}]}}