{"id":80591,"date":"2026-05-01T12:49:00","date_gmt":"2026-05-01T10:49:00","guid":{"rendered":"https:\/\/www.tennispassionzone.com\/?p=80591"},"modified":"2026-05-01T18:02:39","modified_gmt":"2026-05-01T16:02:39","slug":"sabalenka-a-roma-per-la-rivincita-primo-allenamento-al-foro-italico","status":"publish","type":"post","link":"https:\/\/www.tennispassionzone.com\/it\/personaggi\/giocatori\/sabalenka-a-roma-per-la-rivincita-primo-allenamento-al-foro-italico\/","title":{"rendered":"Sabalenka a Roma per la rivincita: primo allenamento al Foro Italico"},"content":{"rendered":"<p>Aryna Sabalenka torna a Roma con un obiettivo preciso. La finalista dell&#8217;edizione 2024, sconfitta da Iga Swiatek, ha iniziato la sua preparazione per gli Internazionali BNL d&#8217;Italia. La numero uno del mondo ha programmato il suo primo allenamento sul Campo Centrale del Foro Italico, dove si \u00e8 esercitata dalle 15 alle 17. L&#8217;obiettivo \u00e8 conquistare un titolo che ancora manca nel suo palmar\u00e8s.<\/p>\n<h2>Gli italiani al lavoro<\/h2>\n<p>Il primo maggio non vede protagonista solo la tennista bielorussa. Anche i giocatori italiani hanno iniziato a calcare la terra rossa del Foro. Tra questi c&#8217;\u00e8 Lorenzo Sonego, alla sua prima uscita a Roma dopo l&#8217;impegno nel Sardegna Open. Insieme a lui si allenano anche Luca Nardi, Martina Trevisan e Lucrezia Stefanini, pronti a dare il via alla loro avventura nel torneo di casa.<\/p>\n","protected":false},"excerpt":{"rendered":"<p>Aryna Sabalenka, finalista nel 2024, torna a Roma con un obiettivo chiaro: il titolo. Primo allenamento sul Centrale del Foro Italico per la numero uno del mondo.<\/p>\n","protected":false},"author":7,"featured_media":80592,"comment_status":"closed","ping_status":"open","sticky":false,"template":"","format":"standard","meta":{"_overwrite_by_ai":false,"footnotes":""},"categories":[5032,5033,5022,5037,5027],"tags":[],"class_list":["post-80591","post","type-post","status-publish","format-standard","has-post-thumbnail","hentry","category-giocatori","category-giocatrici","category-notizie","category-roland-garros","category-wta"],"acf":[],"yoast_head":"<!-- This site is optimized with the Yoast SEO plugin v26.8 - https:\/\/yoast.com\/product\/yoast-seo-wordpress\/ -->\n<title>Sabalenka a Roma: primo allenamento al Foro Italico<\/title>\n<meta name=\"description\" content=\"Aryna Sabalenka, finalista 2024, inizia la sua caccia al titolo di Roma. Primo allenamento al Foro Italico per la numero uno del mondo.\" \/>\n<meta name=\"robots\" content=\"index, follow, max-snippet:-1, max-image-preview:large, max-video-preview:-1\" \/>\n<link rel=\"canonical\" href=\"https:\/\/www.tennispassionzone.com\/it\/personaggi\/giocatori\/sabalenka-a-roma-per-la-rivincita-primo-allenamento-al-foro-italico\/\" \/>\n<meta property=\"og:locale\" content=\"it_IT\" \/>\n<meta property=\"og:type\" content=\"article\" \/>\n<meta property=\"og:title\" content=\"Sabalenka a Roma: primo allenamento al Foro Italico\" \/>\n<meta property=\"og:description\" content=\"Aryna Sabalenka, finalista 2024, inizia la sua caccia al titolo di Roma. Primo allenamento al Foro Italico per la numero uno del mondo.\" \/>\n<meta property=\"og:url\" content=\"https:\/\/www.tennispassionzone.com\/it\/personaggi\/giocatori\/sabalenka-a-roma-per-la-rivincita-primo-allenamento-al-foro-italico\/\" \/>\n<meta property=\"og:site_name\" content=\"Tennis Passion Zone\" \/>\n<meta property=\"article:published_time\" content=\"2026-05-01T10:49:00+00:00\" \/>\n<meta property=\"article:modified_time\" content=\"2026-05-01T16:02:39+00:00\" \/>\n<meta property=\"og:image\" content=\"https:\/\/www.tennispassionzone.com\/wp-content\/uploads\/2026\/05\/rome-italy-aryna-sabalenka-reacts-in-the-womens-singles-quarterfinal-match-against-zheng.jpg?v=1777638148\" \/>\n\t<meta property=\"og:image:width\" content=\"2048\" \/>\n\t<meta property=\"og:image:height\" content=\"1365\" \/>\n\t<meta property=\"og:image:type\" content=\"image\/jpeg\" \/>\n<meta name=\"author\" content=\"Lorenzo Topello\" \/>\n<meta name=\"twitter:card\" content=\"summary_large_image\" \/>\n<meta name=\"twitter:label1\" content=\"Scritto da\" \/>\n\t<meta name=\"twitter:data1\" content=\"Lorenzo Topello\" \/>\n\t<meta name=\"twitter:label2\" content=\"Tempo di lettura stimato\" \/>\n\t<meta name=\"twitter:data2\" content=\"1 minuto\" \/>\n<script type=\"application\/ld+json\" class=\"yoast-schema-graph\">{\"@context\":\"https:\/\/schema.org\",\"@graph\":[{\"@type\":\"Article\",\"@id\":\"https:\/\/www.tennispassionzone.com\/it\/personaggi\/giocatori\/sabalenka-a-roma-per-la-rivincita-primo-allenamento-al-foro-italico\/#article\",\"isPartOf\":{\"@id\":\"https:\/\/www.tennispassionzone.com\/it\/personaggi\/giocatori\/sabalenka-a-roma-per-la-rivincita-primo-allenamento-al-foro-italico\/\"},\"author\":{\"name\":\"Lorenzo Topello\",\"@id\":\"https:\/\/www.tennispassionzone.com\/it\/#\/schema\/person\/36a2901852f0209a0ada4f70506bdc25\"},\"headline\":\"Sabalenka a Roma per la rivincita: primo allenamento al Foro Italico\",\"datePublished\":\"2026-05-01T10:49:00+00:00\",\"dateModified\":\"2026-05-01T16:02:39+00:00\",\"mainEntityOfPage\":{\"@id\":\"https:\/\/www.tennispassionzone.com\/it\/personaggi\/giocatori\/sabalenka-a-roma-per-la-rivincita-primo-allenamento-al-foro-italico\/\"},\"wordCount\":142,\"publisher\":{\"@id\":\"https:\/\/www.tennispassionzone.com\/it\/#organization\"},\"image\":{\"@id\":\"https:\/\/www.tennispassionzone.com\/it\/personaggi\/giocatori\/sabalenka-a-roma-per-la-rivincita-primo-allenamento-al-foro-italico\/#primaryimage\"},\"thumbnailUrl\":\"https:\/\/www.tennispassionzone.com\/wp-content\/uploads\/2026\/05\/rome-italy-aryna-sabalenka-reacts-in-the-womens-singles-quarterfinal-match-against-zheng.jpg?v=1777638148\",\"articleSection\":[\"Giocatori\",\"Giocatrici\",\"Notizie\",\"Roland Garros\",\"WTA\"],\"inLanguage\":\"it-IT\"},{\"@type\":\"WebPage\",\"@id\":\"https:\/\/www.tennispassionzone.com\/it\/personaggi\/giocatori\/sabalenka-a-roma-per-la-rivincita-primo-allenamento-al-foro-italico\/\",\"url\":\"https:\/\/www.tennispassionzone.com\/it\/personaggi\/giocatori\/sabalenka-a-roma-per-la-rivincita-primo-allenamento-al-foro-italico\/\",\"name\":\"Sabalenka a Roma: primo allenamento al Foro Italico\",\"isPartOf\":{\"@id\":\"https:\/\/www.tennispassionzone.com\/it\/#website\"},\"primaryImageOfPage\":{\"@id\":\"https:\/\/www.tennispassionzone.com\/it\/personaggi\/giocatori\/sabalenka-a-roma-per-la-rivincita-primo-allenamento-al-foro-italico\/#primaryimage\"},\"image\":{\"@id\":\"https:\/\/www.tennispassionzone.com\/it\/personaggi\/giocatori\/sabalenka-a-roma-per-la-rivincita-primo-allenamento-al-foro-italico\/#primaryimage\"},\"thumbnailUrl\":\"https:\/\/www.tennispassionzone.com\/wp-content\/uploads\/2026\/05\/rome-italy-aryna-sabalenka-reacts-in-the-womens-singles-quarterfinal-match-against-zheng.jpg?v=1777638148\",\"datePublished\":\"2026-05-01T10:49:00+00:00\",\"dateModified\":\"2026-05-01T16:02:39+00:00\",\"description\":\"Aryna Sabalenka, finalista 2024, inizia la sua caccia al titolo di Roma. Primo allenamento al Foro Italico per la numero uno del mondo.\",\"breadcrumb\":{\"@id\":\"https:\/\/www.tennispassionzone.com\/it\/personaggi\/giocatori\/sabalenka-a-roma-per-la-rivincita-primo-allenamento-al-foro-italico\/#breadcrumb\"},\"inLanguage\":\"it-IT\",\"potentialAction\":[{\"@type\":\"ReadAction\",\"target\":[\"https:\/\/www.tennispassionzone.com\/it\/personaggi\/giocatori\/sabalenka-a-roma-per-la-rivincita-primo-allenamento-al-foro-italico\/\"]}]},{\"@type\":\"ImageObject\",\"inLanguage\":\"it-IT\",\"@id\":\"https:\/\/www.tennispassionzone.com\/it\/personaggi\/giocatori\/sabalenka-a-roma-per-la-rivincita-primo-allenamento-al-foro-italico\/#primaryimage\",\"url\":\"https:\/\/www.tennispassionzone.com\/wp-content\/uploads\/2026\/05\/rome-italy-aryna-sabalenka-reacts-in-the-womens-singles-quarterfinal-match-against-zheng.jpg?v=1777638148\",\"contentUrl\":\"https:\/\/www.tennispassionzone.com\/wp-content\/uploads\/2026\/05\/rome-italy-aryna-sabalenka-reacts-in-the-womens-singles-quarterfinal-match-against-zheng.jpg?v=1777638148\",\"width\":2048,\"height\":1365},{\"@type\":\"BreadcrumbList\",\"@id\":\"https:\/\/www.tennispassionzone.com\/it\/personaggi\/giocatori\/sabalenka-a-roma-per-la-rivincita-primo-allenamento-al-foro-italico\/#breadcrumb\",\"itemListElement\":[{\"@type\":\"ListItem\",\"position\":1,\"name\":\"Home\",\"item\":\"https:\/\/www.tennispassionzone.com\/it\/\"},{\"@type\":\"ListItem\",\"position\":2,\"name\":\"Personaggi\",\"item\":\"https:\/\/www.tennispassionzone.com\/it\/personaggi\/\"},{\"@type\":\"ListItem\",\"position\":3,\"name\":\"Giocatori\",\"item\":\"https:\/\/www.tennispassionzone.com\/it\/personaggi\/giocatori\/\"},{\"@type\":\"ListItem\",\"position\":4,\"name\":\"Sabalenka a Roma per la rivincita: primo allenamento al Foro Italico\"}]},{\"@type\":\"WebSite\",\"@id\":\"https:\/\/www.tennispassionzone.com\/it\/#website\",\"url\":\"https:\/\/www.tennispassionzone.com\/it\/\",\"name\":\"Tennis Passion Zone\",\"description\":\"\",\"publisher\":{\"@id\":\"https:\/\/www.tennispassionzone.com\/it\/#organization\"},\"potentialAction\":[{\"@type\":\"SearchAction\",\"target\":{\"@type\":\"EntryPoint\",\"urlTemplate\":\"https:\/\/www.tennispassionzone.com\/it\/?s={search_term_string}\"},\"query-input\":{\"@type\":\"PropertyValueSpecification\",\"valueRequired\":true,\"valueName\":\"search_term_string\"}}],\"inLanguage\":\"it-IT\"},{\"@type\":\"Organization\",\"@id\":\"https:\/\/www.tennispassionzone.com\/it\/#organization\",\"name\":\"Tennis Passion Zone\",\"url\":\"https:\/\/www.tennispassionzone.com\/it\/\",\"logo\":{\"@type\":\"ImageObject\",\"inLanguage\":\"it-IT\",\"@id\":\"https:\/\/www.tennispassionzone.com\/it\/#\/schema\/logo\/image\/\",\"url\":\"https:\/\/www.tennispassionzone.com\/wp-content\/uploads\/2025\/12\/Logo_tennis_passion-zone.png?v=1764615384\",\"contentUrl\":\"https:\/\/www.tennispassionzone.com\/wp-content\/uploads\/2025\/12\/Logo_tennis_passion-zone.png?v=1764615384\",\"width\":450,\"height\":225,\"caption\":\"Tennis Passion Zone\"},\"image\":{\"@id\":\"https:\/\/www.tennispassionzone.com\/it\/#\/schema\/logo\/image\/\"}},{\"@type\":\"Person\",\"@id\":\"https:\/\/www.tennispassionzone.com\/it\/#\/schema\/person\/36a2901852f0209a0ada4f70506bdc25\",\"name\":\"Lorenzo Topello\",\"image\":{\"@type\":\"ImageObject\",\"inLanguage\":\"it-IT\",\"@id\":\"https:\/\/www.tennispassionzone.com\/it\/#\/schema\/person\/image\/\",\"url\":\"https:\/\/secure.gravatar.com\/avatar\/1d216b5437e1102e7a882971bf9d14551a6877d2c77adc9a8a10706adf10bc22?s=96&d=mm&r=g\",\"contentUrl\":\"https:\/\/secure.gravatar.com\/avatar\/1d216b5437e1102e7a882971bf9d14551a6877d2c77adc9a8a10706adf10bc22?s=96&d=mm&r=g\",\"caption\":\"Lorenzo Topello\"},\"url\":\"https:\/\/www.tennispassionzone.com\/it\/author\/lorenzo-topello\/\"}]}<\/script>\n<!-- \/ Yoast SEO plugin. -->","yoast_head_json":{"title":"Sabalenka a Roma: primo allenamento al Foro Italico","description":"Aryna Sabalenka, finalista 2024, inizia la sua caccia al titolo di Roma. Primo allenamento al Foro Italico per la numero uno del mondo.","robots":{"index":"index","follow":"follow","max-snippet":"max-snippet:-1","max-image-preview":"max-image-preview:large","max-video-preview":"max-video-preview:-1"},"canonical":"https:\/\/www.tennispassionzone.com\/it\/personaggi\/giocatori\/sabalenka-a-roma-per-la-rivincita-primo-allenamento-al-foro-italico\/","og_locale":"it_IT","og_type":"article","og_title":"Sabalenka a Roma: primo allenamento al Foro Italico","og_description":"Aryna Sabalenka, finalista 2024, inizia la sua caccia al titolo di Roma. Primo allenamento al Foro Italico per la numero uno del mondo.","og_url":"https:\/\/www.tennispassionzone.com\/it\/personaggi\/giocatori\/sabalenka-a-roma-per-la-rivincita-primo-allenamento-al-foro-italico\/","og_site_name":"Tennis Passion Zone","article_published_time":"2026-05-01T10:49:00+00:00","article_modified_time":"2026-05-01T16:02:39+00:00","og_image":[{"width":2048,"height":1365,"url":"https:\/\/www.tennispassionzone.com\/wp-content\/uploads\/2026\/05\/rome-italy-aryna-sabalenka-reacts-in-the-womens-singles-quarterfinal-match-against-zheng.jpg?v=1777638148","type":"image\/jpeg"}],"author":"Lorenzo Topello","twitter_card":"summary_large_image","twitter_misc":{"Scritto da":"Lorenzo Topello","Tempo di lettura stimato":"1 minuto"},"schema":{"@context":"https:\/\/schema.org","@graph":[{"@type":"Article","@id":"https:\/\/www.tennispassionzone.com\/it\/personaggi\/giocatori\/sabalenka-a-roma-per-la-rivincita-primo-allenamento-al-foro-italico\/#article","isPartOf":{"@id":"https:\/\/www.tennispassionzone.com\/it\/personaggi\/giocatori\/sabalenka-a-roma-per-la-rivincita-primo-allenamento-al-foro-italico\/"},"author":{"name":"Lorenzo Topello","@id":"https:\/\/www.tennispassionzone.com\/it\/#\/schema\/person\/36a2901852f0209a0ada4f70506bdc25"},"headline":"Sabalenka a Roma per la rivincita: primo allenamento al Foro Italico","datePublished":"2026-05-01T10:49:00+00:00","dateModified":"2026-05-01T16:02:39+00:00","mainEntityOfPage":{"@id":"https:\/\/www.tennispassionzone.com\/it\/personaggi\/giocatori\/sabalenka-a-roma-per-la-rivincita-primo-allenamento-al-foro-italico\/"},"wordCount":142,"publisher":{"@id":"https:\/\/www.tennispassionzone.com\/it\/#organization"},"image":{"@id":"https:\/\/www.tennispassionzone.com\/it\/personaggi\/giocatori\/sabalenka-a-roma-per-la-rivincita-primo-allenamento-al-foro-italico\/#primaryimage"},"thumbnailUrl":"https:\/\/www.tennispassionzone.com\/wp-content\/uploads\/2026\/05\/rome-italy-aryna-sabalenka-reacts-in-the-womens-singles-quarterfinal-match-against-zheng.jpg?v=1777638148","articleSection":["Giocatori","Giocatrici","Notizie","Roland Garros","WTA"],"inLanguage":"it-IT"},{"@type":"WebPage","@id":"https:\/\/www.tennispassionzone.com\/it\/personaggi\/giocatori\/sabalenka-a-roma-per-la-rivincita-primo-allenamento-al-foro-italico\/","url":"https:\/\/www.tennispassionzone.com\/it\/personaggi\/giocatori\/sabalenka-a-roma-per-la-rivincita-primo-allenamento-al-foro-italico\/","name":"Sabalenka a Roma: primo allenamento al Foro Italico","isPartOf":{"@id":"https:\/\/www.tennispassionzone.com\/it\/#website"},"primaryImageOfPage":{"@id":"https:\/\/www.tennispassionzone.com\/it\/personaggi\/giocatori\/sabalenka-a-roma-per-la-rivincita-primo-allenamento-al-foro-italico\/#primaryimage"},"image":{"@id":"https:\/\/www.tennispassionzone.com\/it\/personaggi\/giocatori\/sabalenka-a-roma-per-la-rivincita-primo-allenamento-al-foro-italico\/#primaryimage"},"thumbnailUrl":"https:\/\/www.tennispassionzone.com\/wp-content\/uploads\/2026\/05\/rome-italy-aryna-sabalenka-reacts-in-the-womens-singles-quarterfinal-match-against-zheng.jpg?v=1777638148","datePublished":"2026-05-01T10:49:00+00:00","dateModified":"2026-05-01T16:02:39+00:00","description":"Aryna Sabalenka, finalista 2024, inizia la sua caccia al titolo di Roma. Primo allenamento al Foro Italico per la numero uno del mondo.","breadcrumb":{"@id":"https:\/\/www.tennispassionzone.com\/it\/personaggi\/giocatori\/sabalenka-a-roma-per-la-rivincita-primo-allenamento-al-foro-italico\/#breadcrumb"},"inLanguage":"it-IT","potentialAction":[{"@type":"ReadAction","target":["https:\/\/www.tennispassionzone.com\/it\/personaggi\/giocatori\/sabalenka-a-roma-per-la-rivincita-primo-allenamento-al-foro-italico\/"]}]},{"@type":"ImageObject","inLanguage":"it-IT","@id":"https:\/\/www.tennispassionzone.com\/it\/personaggi\/giocatori\/sabalenka-a-roma-per-la-rivincita-primo-allenamento-al-foro-italico\/#primaryimage","url":"https:\/\/www.tennispassionzone.com\/wp-content\/uploads\/2026\/05\/rome-italy-aryna-sabalenka-reacts-in-the-womens-singles-quarterfinal-match-against-zheng.jpg?v=1777638148","contentUrl":"https:\/\/www.tennispassionzone.com\/wp-content\/uploads\/2026\/05\/rome-italy-aryna-sabalenka-reacts-in-the-womens-singles-quarterfinal-match-against-zheng.jpg?v=1777638148","width":2048,"height":1365},{"@type":"BreadcrumbList","@id":"https:\/\/www.tennispassionzone.com\/it\/personaggi\/giocatori\/sabalenka-a-roma-per-la-rivincita-primo-allenamento-al-foro-italico\/#breadcrumb","itemListElement":[{"@type":"ListItem","position":1,"name":"Home","item":"https:\/\/www.tennispassionzone.com\/it\/"},{"@type":"ListItem","position":2,"name":"Personaggi","item":"https:\/\/www.tennispassionzone.com\/it\/personaggi\/"},{"@type":"ListItem","position":3,"name":"Giocatori","item":"https:\/\/www.tennispassionzone.com\/it\/personaggi\/giocatori\/"},{"@type":"ListItem","position":4,"name":"Sabalenka a Roma per la rivincita: primo allenamento al Foro Italico"}]},{"@type":"WebSite","@id":"https:\/\/www.tennispassionzone.com\/it\/#website","url":"https:\/\/www.tennispassionzone.com\/it\/","name":"Tennis Passion Zone","description":"","publisher":{"@id":"https:\/\/www.tennispassionzone.com\/it\/#organization"},"potentialAction":[{"@type":"SearchAction","target":{"@type":"EntryPoint","urlTemplate":"https:\/\/www.tennispassionzone.com\/it\/?s={search_term_string}"},"query-input":{"@type":"PropertyValueSpecification","valueRequired":true,"valueName":"search_term_string"}}],"inLanguage":"it-IT"},{"@type":"Organization","@id":"https:\/\/www.tennispassionzone.com\/it\/#organization","name":"Tennis Passion Zone","url":"https:\/\/www.tennispassionzone.com\/it\/","logo":{"@type":"ImageObject","inLanguage":"it-IT","@id":"https:\/\/www.tennispassionzone.com\/it\/#\/schema\/logo\/image\/","url":"https:\/\/www.tennispassionzone.com\/wp-content\/uploads\/2025\/12\/Logo_tennis_passion-zone.png?v=1764615384","contentUrl":"https:\/\/www.tennispassionzone.com\/wp-content\/uploads\/2025\/12\/Logo_tennis_passion-zone.png?v=1764615384","width":450,"height":225,"caption":"Tennis Passion Zone"},"image":{"@id":"https:\/\/www.tennispassionzone.com\/it\/#\/schema\/logo\/image\/"}},{"@type":"Person","@id":"https:\/\/www.tennispassionzone.com\/it\/#\/schema\/person\/36a2901852f0209a0ada4f70506bdc25","name":"Lorenzo Topello","image":{"@type":"ImageObject","inLanguage":"it-IT","@id":"https:\/\/www.tennispassionzone.com\/it\/#\/schema\/person\/image\/","url":"https:\/\/secure.gravatar.com\/avatar\/1d216b5437e1102e7a882971bf9d14551a6877d2c77adc9a8a10706adf10bc22?s=96&d=mm&r=g","contentUrl":"https:\/\/secure.gravatar.com\/avatar\/1d216b5437e1102e7a882971bf9d14551a6877d2c77adc9a8a10706adf10bc22?s=96&d=mm&r=g","caption":"Lorenzo Topello"},"url":"https:\/\/www.tennispassionzone.com\/it\/author\/lorenzo-topello\/"}]}},"_links":{"self":[{"href":"https:\/\/www.tennispassionzone.com\/it\/wp-json\/wp\/v2\/posts\/80591","targetHints":{"allow":["GET"]}}],"collection":[{"href":"https:\/\/www.tennispassionzone.com\/it\/wp-json\/wp\/v2\/posts"}],"about":[{"href":"https:\/\/www.tennispassionzone.com\/it\/wp-json\/wp\/v2\/types\/post"}],"author":[{"embeddable":true,"href":"https:\/\/www.tennispassionzone.com\/it\/wp-json\/wp\/v2\/users\/7"}],"replies":[{"embeddable":true,"href":"https:\/\/www.tennispassionzone.com\/it\/wp-json\/wp\/v2\/comments?post=80591"}],"version-history":[{"count":1,"href":"https:\/\/www.tennispassionzone.com\/it\/wp-json\/wp\/v2\/posts\/80591\/revisions"}],"predecessor-version":[{"id":80601,"href":"https:\/\/www.tennispassionzone.com\/it\/wp-json\/wp\/v2\/posts\/80591\/revisions\/80601"}],"wp:featuredmedia":[{"embeddable":true,"href":"https:\/\/www.tennispassionzone.com\/it\/wp-json\/wp\/v2\/media\/80592"}],"wp:attachment":[{"href":"https:\/\/www.tennispassionzone.com\/it\/wp-json\/wp\/v2\/media?parent=80591"}],"wp:term":[{"taxonomy":"category","embeddable":true,"href":"https:\/\/www.tennispassionzone.com\/it\/wp-json\/wp\/v2\/categories?post=80591"},{"taxonomy":"post_tag","embeddable":true,"href":"https:\/\/www.tennispassionzone.com\/it\/wp-json\/wp\/v2\/tags?post=80591"}],"curies":[{"name":"wp","href":"https:\/\/api.w.org\/{rel}","templated":true}]}}