{"id":82593,"date":"2026-06-19T14:19:06","date_gmt":"2026-06-19T12:19:06","guid":{"rendered":"https:\/\/www.tennispassionzone.com\/?p=82593"},"modified":"2026-06-19T14:20:21","modified_gmt":"2026-06-19T12:20:21","slug":"sinner-accelera-verso-wimbledon-primo-allenamento-sui-prati-e-visita-al-centre-court","status":"publish","type":"post","link":"https:\/\/www.tennispassionzone.com\/atp\/sinner-accelera-verso-wimbledon-primo-allenamento-sui-prati-e-visita-al-centre-court\/","title":{"rendered":"Sinner accelera verso Wimbledon: primo allenamento sui prati e visita al Centre Court"},"content":{"rendered":"\n<p>Jannik Sinner \u00e8 arrivato a Wimbledon e ha gi\u00e0 iniziato la preparazione sui campi dei Championships. Gioved\u00ec 18 giugno il numero 1 del mondo ha raggiunto Londra, a undici giorni dall&#8217;inizio del terzo Slam stagionale, dove dovr\u00e0 difendere il titolo conquistato lo scorso anno.<\/p>\n\n\n\n<p>L&#8217;azzurro user\u00e0 la settimana che precede il torneo ufficiale anche per partecipare al Giorgio Armani Tennis Classic, evento di esibizione in programma al Hurlingham Club. Nel frattempo, per\u00f2, Sinner ha gi\u00e0 messo piede sull&#8217;erba di Church Road.<\/p>\n\n\n\n<h2 class=\"wp-block-heading\">Sinner torna sull&#8217;erba di Wimbledon<\/h2>\n\n\n\n<p>Il primo allenamento della stagione sui campi londinesi \u00e8 arrivato nella giornata di gioved\u00ec. Con il tradizionale completo bianco richiesto a Wimbledon, il campione italiano ha svolto una seduta composta da riscaldamento, scambi da fondo campo e lavoro alternato tra dritto e rovescio.<\/p>\n\n\n\n<p>Le immagini pubblicate sui canali social ufficiali di Wimbledon hanno mostrato i primi momenti di Sinner sull&#8217;erba dei Championships. Inoltre, nel pomeriggio il numero 1 del mondo ha visitato il Centre Court, il campo pi\u00f9 prestigioso del torneo.<\/p>\n\n\n\n<p>Dopo alcune fotografie, Jannik si \u00e8 fermato per qualche istante ad assaporare l&#8217;atmosfera dello stadio che lo vedr\u00e0 protagonista da campione uscente.<\/p>\n\n\n\n<h2 class=\"wp-block-heading\">Dal Roland Garros alla sfida londinese<\/h2>\n\n\n\n<p>Il percorso verso Wimbledon \u00e8 iniziato dopo una pausa necessaria. Sinner ha infatti lasciato alle spalle la delusione del Roland Garros, dove \u00e8 stato eliminato al secondo turno contro Juan Manuel Cerundolo in cinque set dopo aver avuto l&#8217;opportunit\u00e0 di chiudere la partita in tre.<\/p>\n\n\n\n<p>Successivamente, il tennista italiano si \u00e8 concesso alcuni giorni di riposo in Sardegna con le persone a lui vicine. Poi ha svolto degli accertamenti all&#8217;ospedale San Raffaele di Milano e ha ripreso gli allenamenti sul cemento di Montecarlo.<\/p>\n\n\n\n<p>Durante la preparazione ha lavorato anche con Holger Rune, scegliendo di non disputare tornei ufficiali prima dei Championships. Dopo la partecipazione al matrimonio di Mondo Duplantis in Costa Azzurra, Sinner ha raggiunto Londra.<\/p>\n\n\n\n<p>Ora il prossimo appuntamento sar\u00e0 Wimbledon, dove partir\u00e0 con l&#8217;obiettivo di difendere il titolo.<\/p>\n","protected":false},"excerpt":{"rendered":"<p>Jannik Sinner \u00e8 arrivato a Wimbledon e ha gi\u00e0 iniziato la preparazione sui campi dei Championships. Gioved\u00ec 18 giugno il numero 1 del mondo ha raggiunto Londra, a undici giorni dall&#8217;inizio del terzo Slam stagionale, dove dovr\u00e0 difendere il titolo conquistato lo scorso anno. L&#8217;azzurro user\u00e0 la settimana che precede il torneo ufficiale anche per [&hellip;]<\/p>\n","protected":false},"author":19,"featured_media":81547,"comment_status":"closed","ping_status":"open","sticky":false,"template":"","format":"standard","meta":{"_overwrite_by_ai":false,"footnotes":""},"categories":[5023,5032,5038],"tags":[],"class_list":["post-82593","post","type-post","status-publish","format-standard","has-post-thumbnail","hentry","category-atp","category-giocatori","category-wimbledon"],"acf":[],"yoast_head":"<!-- This site is optimized with the Yoast SEO plugin v26.8 - https:\/\/yoast.com\/product\/yoast-seo-wordpress\/ -->\n<title>Sinner accelera verso Wimbledon: primo allenamento sui prati e visita al Centre Court - Tennis Passion Zone<\/title>\n<meta name=\"robots\" content=\"index, follow, max-snippet:-1, max-image-preview:large, max-video-preview:-1\" \/>\n<link rel=\"canonical\" href=\"https:\/\/www.tennispassionzone.com\/it\/atp\/sinner-accelera-verso-wimbledon-primo-allenamento-sui-prati-e-visita-al-centre-court\/\" \/>\n<meta property=\"og:locale\" content=\"it_IT\" \/>\n<meta property=\"og:type\" content=\"article\" \/>\n<meta property=\"og:title\" content=\"Sinner accelera verso Wimbledon: primo allenamento sui prati e visita al Centre Court - Tennis Passion Zone\" \/>\n<meta property=\"og:description\" content=\"Jannik Sinner \u00e8 arrivato a Wimbledon e ha gi\u00e0 iniziato la preparazione sui campi dei Championships. Gioved\u00ec 18 giugno il numero 1 del mondo ha raggiunto Londra, a undici giorni dall&#8217;inizio del terzo Slam stagionale, dove dovr\u00e0 difendere il titolo conquistato lo scorso anno. L&#8217;azzurro user\u00e0 la settimana che precede il torneo ufficiale anche per [&hellip;]\" \/>\n<meta property=\"og:url\" content=\"https:\/\/www.tennispassionzone.com\/atp\/sinner-accelera-verso-wimbledon-primo-allenamento-sui-prati-e-visita-al-centre-court\/\" \/>\n<meta property=\"og:site_name\" content=\"Tennis Passion Zone\" \/>\n<meta property=\"article:published_time\" content=\"2026-06-19T12:19:06+00:00\" \/>\n<meta property=\"article:modified_time\" content=\"2026-06-19T12:20:21+00:00\" \/>\n<meta property=\"og:image\" content=\"https:\/\/www.tennispassionzone.com\/wp-content\/uploads\/2026\/05\/paris-france-jannik-sinner-of-italy-during-practice-on-court-philippe-chatrier-in-preparation.jpg?v=1779366759\" \/>\n\t<meta property=\"og:image:width\" content=\"2048\" \/>\n\t<meta property=\"og:image:height\" content=\"1365\" \/>\n\t<meta property=\"og:image:type\" content=\"image\/jpeg\" \/>\n<meta name=\"author\" content=\"Cosimo Albano\" \/>\n<meta name=\"twitter:card\" content=\"summary_large_image\" \/>\n<meta name=\"twitter:label1\" content=\"Scritto da\" \/>\n\t<meta name=\"twitter:data1\" content=\"Cosimo Albano\" \/>\n\t<meta name=\"twitter:label2\" content=\"Tempo di lettura stimato\" \/>\n\t<meta name=\"twitter:data2\" content=\"2 minuti\" \/>\n<script type=\"application\/ld+json\" class=\"yoast-schema-graph\">{\"@context\":\"https:\/\/schema.org\",\"@graph\":[{\"@type\":\"Article\",\"@id\":\"https:\/\/www.tennispassionzone.com\/atp\/sinner-accelera-verso-wimbledon-primo-allenamento-sui-prati-e-visita-al-centre-court\/#article\",\"isPartOf\":{\"@id\":\"https:\/\/www.tennispassionzone.com\/atp\/sinner-accelera-verso-wimbledon-primo-allenamento-sui-prati-e-visita-al-centre-court\/\"},\"author\":{\"name\":\"Cosimo Albano\",\"@id\":\"https:\/\/www.tennispassionzone.com\/it\/#\/schema\/person\/b11dbe6823422d3fd9a091fea2bec8e6\"},\"headline\":\"Sinner accelera verso Wimbledon: primo allenamento sui prati e visita al Centre Court\",\"datePublished\":\"2026-06-19T12:19:06+00:00\",\"dateModified\":\"2026-06-19T12:20:21+00:00\",\"mainEntityOfPage\":{\"@id\":\"https:\/\/www.tennispassionzone.com\/atp\/sinner-accelera-verso-wimbledon-primo-allenamento-sui-prati-e-visita-al-centre-court\/\"},\"wordCount\":338,\"publisher\":{\"@id\":\"https:\/\/www.tennispassionzone.com\/it\/#organization\"},\"image\":{\"@id\":\"https:\/\/www.tennispassionzone.com\/atp\/sinner-accelera-verso-wimbledon-primo-allenamento-sui-prati-e-visita-al-centre-court\/#primaryimage\"},\"thumbnailUrl\":\"https:\/\/www.tennispassionzone.com\/wp-content\/uploads\/2026\/05\/paris-france-jannik-sinner-of-italy-during-practice-on-court-philippe-chatrier-in-preparation.jpg?v=1779366759\",\"articleSection\":[\"ATP\",\"Giocatori\",\"Wimbledon\"],\"inLanguage\":\"it-IT\"},{\"@type\":\"WebPage\",\"@id\":\"https:\/\/www.tennispassionzone.com\/atp\/sinner-accelera-verso-wimbledon-primo-allenamento-sui-prati-e-visita-al-centre-court\/\",\"url\":\"https:\/\/www.tennispassionzone.com\/atp\/sinner-accelera-verso-wimbledon-primo-allenamento-sui-prati-e-visita-al-centre-court\/\",\"name\":\"Sinner accelera verso Wimbledon: primo allenamento sui prati e visita al Centre Court - Tennis Passion Zone\",\"isPartOf\":{\"@id\":\"https:\/\/www.tennispassionzone.com\/it\/#website\"},\"primaryImageOfPage\":{\"@id\":\"https:\/\/www.tennispassionzone.com\/atp\/sinner-accelera-verso-wimbledon-primo-allenamento-sui-prati-e-visita-al-centre-court\/#primaryimage\"},\"image\":{\"@id\":\"https:\/\/www.tennispassionzone.com\/atp\/sinner-accelera-verso-wimbledon-primo-allenamento-sui-prati-e-visita-al-centre-court\/#primaryimage\"},\"thumbnailUrl\":\"https:\/\/www.tennispassionzone.com\/wp-content\/uploads\/2026\/05\/paris-france-jannik-sinner-of-italy-during-practice-on-court-philippe-chatrier-in-preparation.jpg?v=1779366759\",\"datePublished\":\"2026-06-19T12:19:06+00:00\",\"dateModified\":\"2026-06-19T12:20:21+00:00\",\"breadcrumb\":{\"@id\":\"https:\/\/www.tennispassionzone.com\/atp\/sinner-accelera-verso-wimbledon-primo-allenamento-sui-prati-e-visita-al-centre-court\/#breadcrumb\"},\"inLanguage\":\"it-IT\",\"potentialAction\":[{\"@type\":\"ReadAction\",\"target\":[\"https:\/\/www.tennispassionzone.com\/atp\/sinner-accelera-verso-wimbledon-primo-allenamento-sui-prati-e-visita-al-centre-court\/\"]}]},{\"@type\":\"ImageObject\",\"inLanguage\":\"it-IT\",\"@id\":\"https:\/\/www.tennispassionzone.com\/atp\/sinner-accelera-verso-wimbledon-primo-allenamento-sui-prati-e-visita-al-centre-court\/#primaryimage\",\"url\":\"https:\/\/www.tennispassionzone.com\/wp-content\/uploads\/2026\/05\/paris-france-jannik-sinner-of-italy-during-practice-on-court-philippe-chatrier-in-preparation.jpg?v=1779366759\",\"contentUrl\":\"https:\/\/www.tennispassionzone.com\/wp-content\/uploads\/2026\/05\/paris-france-jannik-sinner-of-italy-during-practice-on-court-philippe-chatrier-in-preparation.jpg?v=1779366759\",\"width\":2048,\"height\":1365},{\"@type\":\"BreadcrumbList\",\"@id\":\"https:\/\/www.tennispassionzone.com\/atp\/sinner-accelera-verso-wimbledon-primo-allenamento-sui-prati-e-visita-al-centre-court\/#breadcrumb\",\"itemListElement\":[{\"@type\":\"ListItem\",\"position\":1,\"name\":\"Home\",\"item\":\"https:\/\/www.tennispassionzone.com\/it\/\"},{\"@type\":\"ListItem\",\"position\":2,\"name\":\"Personaggi\",\"item\":\"https:\/\/www.tennispassionzone.com\/it\/personaggi\/\"},{\"@type\":\"ListItem\",\"position\":3,\"name\":\"Giocatori\",\"item\":\"https:\/\/www.tennispassionzone.com\/it\/personaggi\/giocatori\/\"},{\"@type\":\"ListItem\",\"position\":4,\"name\":\"Sinner accelera verso Wimbledon: primo allenamento sui prati e visita al Centre Court\"}]},{\"@type\":\"WebSite\",\"@id\":\"https:\/\/www.tennispassionzone.com\/it\/#website\",\"url\":\"https:\/\/www.tennispassionzone.com\/it\/\",\"name\":\"Tennis Passion Zone\",\"description\":\"\",\"publisher\":{\"@id\":\"https:\/\/www.tennispassionzone.com\/it\/#organization\"},\"potentialAction\":[{\"@type\":\"SearchAction\",\"target\":{\"@type\":\"EntryPoint\",\"urlTemplate\":\"https:\/\/www.tennispassionzone.com\/it\/?s={search_term_string}\"},\"query-input\":{\"@type\":\"PropertyValueSpecification\",\"valueRequired\":true,\"valueName\":\"search_term_string\"}}],\"inLanguage\":\"it-IT\"},{\"@type\":\"Organization\",\"@id\":\"https:\/\/www.tennispassionzone.com\/it\/#organization\",\"name\":\"Tennis Passion Zone\",\"url\":\"https:\/\/www.tennispassionzone.com\/it\/\",\"logo\":{\"@type\":\"ImageObject\",\"inLanguage\":\"it-IT\",\"@id\":\"https:\/\/www.tennispassionzone.com\/it\/#\/schema\/logo\/image\/\",\"url\":\"https:\/\/www.tennispassionzone.com\/wp-content\/uploads\/2025\/12\/Logo_tennis_passion-zone.png?v=1764615384\",\"contentUrl\":\"https:\/\/www.tennispassionzone.com\/wp-content\/uploads\/2025\/12\/Logo_tennis_passion-zone.png?v=1764615384\",\"width\":450,\"height\":225,\"caption\":\"Tennis Passion Zone\"},\"image\":{\"@id\":\"https:\/\/www.tennispassionzone.com\/it\/#\/schema\/logo\/image\/\"}},{\"@type\":\"Person\",\"@id\":\"https:\/\/www.tennispassionzone.com\/it\/#\/schema\/person\/b11dbe6823422d3fd9a091fea2bec8e6\",\"name\":\"Cosimo Albano\",\"image\":{\"@type\":\"ImageObject\",\"inLanguage\":\"it-IT\",\"@id\":\"https:\/\/www.tennispassionzone.com\/it\/#\/schema\/person\/image\/\",\"url\":\"https:\/\/secure.gravatar.com\/avatar\/8ddf925735e24fbbdda897f977c3da31f9fe50c92a434c20957756bc7b9541e6?s=96&d=mm&r=g\",\"contentUrl\":\"https:\/\/secure.gravatar.com\/avatar\/8ddf925735e24fbbdda897f977c3da31f9fe50c92a434c20957756bc7b9541e6?s=96&d=mm&r=g\",\"caption\":\"Cosimo Albano\"},\"description\":\"Appassionato di calcio e fantacalcio da oltre venticinque anni, segue ogni stagione con lo stesso entusiasmo degli esordi. Da sempre interessato a statistiche, analisi e storie del mondo dello sport, scrive e revisiona articoli e testi editoriali, con particolare attenzione all\u2019accuratezza delle informazioni e alla qualit\u00e0 dei contenuti.\",\"url\":\"https:\/\/www.tennispassionzone.com\/it\/author\/cosimo-albano\/\"}]}<\/script>\n<!-- \/ Yoast SEO plugin. -->","yoast_head_json":{"title":"Sinner accelera verso Wimbledon: primo allenamento sui prati e visita al Centre Court - Tennis Passion Zone","robots":{"index":"index","follow":"follow","max-snippet":"max-snippet:-1","max-image-preview":"max-image-preview:large","max-video-preview":"max-video-preview:-1"},"canonical":"https:\/\/www.tennispassionzone.com\/it\/atp\/sinner-accelera-verso-wimbledon-primo-allenamento-sui-prati-e-visita-al-centre-court\/","og_locale":"it_IT","og_type":"article","og_title":"Sinner accelera verso Wimbledon: primo allenamento sui prati e visita al Centre Court - Tennis Passion Zone","og_description":"Jannik Sinner \u00e8 arrivato a Wimbledon e ha gi\u00e0 iniziato la preparazione sui campi dei Championships. Gioved\u00ec 18 giugno il numero 1 del mondo ha raggiunto Londra, a undici giorni dall&#8217;inizio del terzo Slam stagionale, dove dovr\u00e0 difendere il titolo conquistato lo scorso anno. L&#8217;azzurro user\u00e0 la settimana che precede il torneo ufficiale anche per [&hellip;]","og_url":"https:\/\/www.tennispassionzone.com\/atp\/sinner-accelera-verso-wimbledon-primo-allenamento-sui-prati-e-visita-al-centre-court\/","og_site_name":"Tennis Passion Zone","article_published_time":"2026-06-19T12:19:06+00:00","article_modified_time":"2026-06-19T12:20:21+00:00","og_image":[{"width":2048,"height":1365,"url":"https:\/\/www.tennispassionzone.com\/wp-content\/uploads\/2026\/05\/paris-france-jannik-sinner-of-italy-during-practice-on-court-philippe-chatrier-in-preparation.jpg?v=1779366759","type":"image\/jpeg"}],"author":"Cosimo Albano","twitter_card":"summary_large_image","twitter_misc":{"Scritto da":"Cosimo Albano","Tempo di lettura stimato":"2 minuti"},"schema":{"@context":"https:\/\/schema.org","@graph":[{"@type":"Article","@id":"https:\/\/www.tennispassionzone.com\/atp\/sinner-accelera-verso-wimbledon-primo-allenamento-sui-prati-e-visita-al-centre-court\/#article","isPartOf":{"@id":"https:\/\/www.tennispassionzone.com\/atp\/sinner-accelera-verso-wimbledon-primo-allenamento-sui-prati-e-visita-al-centre-court\/"},"author":{"name":"Cosimo Albano","@id":"https:\/\/www.tennispassionzone.com\/it\/#\/schema\/person\/b11dbe6823422d3fd9a091fea2bec8e6"},"headline":"Sinner accelera verso Wimbledon: primo allenamento sui prati e visita al Centre Court","datePublished":"2026-06-19T12:19:06+00:00","dateModified":"2026-06-19T12:20:21+00:00","mainEntityOfPage":{"@id":"https:\/\/www.tennispassionzone.com\/atp\/sinner-accelera-verso-wimbledon-primo-allenamento-sui-prati-e-visita-al-centre-court\/"},"wordCount":338,"publisher":{"@id":"https:\/\/www.tennispassionzone.com\/it\/#organization"},"image":{"@id":"https:\/\/www.tennispassionzone.com\/atp\/sinner-accelera-verso-wimbledon-primo-allenamento-sui-prati-e-visita-al-centre-court\/#primaryimage"},"thumbnailUrl":"https:\/\/www.tennispassionzone.com\/wp-content\/uploads\/2026\/05\/paris-france-jannik-sinner-of-italy-during-practice-on-court-philippe-chatrier-in-preparation.jpg?v=1779366759","articleSection":["ATP","Giocatori","Wimbledon"],"inLanguage":"it-IT"},{"@type":"WebPage","@id":"https:\/\/www.tennispassionzone.com\/atp\/sinner-accelera-verso-wimbledon-primo-allenamento-sui-prati-e-visita-al-centre-court\/","url":"https:\/\/www.tennispassionzone.com\/atp\/sinner-accelera-verso-wimbledon-primo-allenamento-sui-prati-e-visita-al-centre-court\/","name":"Sinner accelera verso Wimbledon: primo allenamento sui prati e visita al Centre Court - Tennis Passion Zone","isPartOf":{"@id":"https:\/\/www.tennispassionzone.com\/it\/#website"},"primaryImageOfPage":{"@id":"https:\/\/www.tennispassionzone.com\/atp\/sinner-accelera-verso-wimbledon-primo-allenamento-sui-prati-e-visita-al-centre-court\/#primaryimage"},"image":{"@id":"https:\/\/www.tennispassionzone.com\/atp\/sinner-accelera-verso-wimbledon-primo-allenamento-sui-prati-e-visita-al-centre-court\/#primaryimage"},"thumbnailUrl":"https:\/\/www.tennispassionzone.com\/wp-content\/uploads\/2026\/05\/paris-france-jannik-sinner-of-italy-during-practice-on-court-philippe-chatrier-in-preparation.jpg?v=1779366759","datePublished":"2026-06-19T12:19:06+00:00","dateModified":"2026-06-19T12:20:21+00:00","breadcrumb":{"@id":"https:\/\/www.tennispassionzone.com\/atp\/sinner-accelera-verso-wimbledon-primo-allenamento-sui-prati-e-visita-al-centre-court\/#breadcrumb"},"inLanguage":"it-IT","potentialAction":[{"@type":"ReadAction","target":["https:\/\/www.tennispassionzone.com\/atp\/sinner-accelera-verso-wimbledon-primo-allenamento-sui-prati-e-visita-al-centre-court\/"]}]},{"@type":"ImageObject","inLanguage":"it-IT","@id":"https:\/\/www.tennispassionzone.com\/atp\/sinner-accelera-verso-wimbledon-primo-allenamento-sui-prati-e-visita-al-centre-court\/#primaryimage","url":"https:\/\/www.tennispassionzone.com\/wp-content\/uploads\/2026\/05\/paris-france-jannik-sinner-of-italy-during-practice-on-court-philippe-chatrier-in-preparation.jpg?v=1779366759","contentUrl":"https:\/\/www.tennispassionzone.com\/wp-content\/uploads\/2026\/05\/paris-france-jannik-sinner-of-italy-during-practice-on-court-philippe-chatrier-in-preparation.jpg?v=1779366759","width":2048,"height":1365},{"@type":"BreadcrumbList","@id":"https:\/\/www.tennispassionzone.com\/atp\/sinner-accelera-verso-wimbledon-primo-allenamento-sui-prati-e-visita-al-centre-court\/#breadcrumb","itemListElement":[{"@type":"ListItem","position":1,"name":"Home","item":"https:\/\/www.tennispassionzone.com\/it\/"},{"@type":"ListItem","position":2,"name":"Personaggi","item":"https:\/\/www.tennispassionzone.com\/it\/personaggi\/"},{"@type":"ListItem","position":3,"name":"Giocatori","item":"https:\/\/www.tennispassionzone.com\/it\/personaggi\/giocatori\/"},{"@type":"ListItem","position":4,"name":"Sinner accelera verso Wimbledon: primo allenamento sui prati e visita al Centre Court"}]},{"@type":"WebSite","@id":"https:\/\/www.tennispassionzone.com\/it\/#website","url":"https:\/\/www.tennispassionzone.com\/it\/","name":"Tennis Passion Zone","description":"","publisher":{"@id":"https:\/\/www.tennispassionzone.com\/it\/#organization"},"potentialAction":[{"@type":"SearchAction","target":{"@type":"EntryPoint","urlTemplate":"https:\/\/www.tennispassionzone.com\/it\/?s={search_term_string}"},"query-input":{"@type":"PropertyValueSpecification","valueRequired":true,"valueName":"search_term_string"}}],"inLanguage":"it-IT"},{"@type":"Organization","@id":"https:\/\/www.tennispassionzone.com\/it\/#organization","name":"Tennis Passion Zone","url":"https:\/\/www.tennispassionzone.com\/it\/","logo":{"@type":"ImageObject","inLanguage":"it-IT","@id":"https:\/\/www.tennispassionzone.com\/it\/#\/schema\/logo\/image\/","url":"https:\/\/www.tennispassionzone.com\/wp-content\/uploads\/2025\/12\/Logo_tennis_passion-zone.png?v=1764615384","contentUrl":"https:\/\/www.tennispassionzone.com\/wp-content\/uploads\/2025\/12\/Logo_tennis_passion-zone.png?v=1764615384","width":450,"height":225,"caption":"Tennis Passion Zone"},"image":{"@id":"https:\/\/www.tennispassionzone.com\/it\/#\/schema\/logo\/image\/"}},{"@type":"Person","@id":"https:\/\/www.tennispassionzone.com\/it\/#\/schema\/person\/b11dbe6823422d3fd9a091fea2bec8e6","name":"Cosimo Albano","image":{"@type":"ImageObject","inLanguage":"it-IT","@id":"https:\/\/www.tennispassionzone.com\/it\/#\/schema\/person\/image\/","url":"https:\/\/secure.gravatar.com\/avatar\/8ddf925735e24fbbdda897f977c3da31f9fe50c92a434c20957756bc7b9541e6?s=96&d=mm&r=g","contentUrl":"https:\/\/secure.gravatar.com\/avatar\/8ddf925735e24fbbdda897f977c3da31f9fe50c92a434c20957756bc7b9541e6?s=96&d=mm&r=g","caption":"Cosimo Albano"},"description":"Appassionato di calcio e fantacalcio da oltre venticinque anni, segue ogni stagione con lo stesso entusiasmo degli esordi. Da sempre interessato a statistiche, analisi e storie del mondo dello sport, scrive e revisiona articoli e testi editoriali, con particolare attenzione all\u2019accuratezza delle informazioni e alla qualit\u00e0 dei contenuti.","url":"https:\/\/www.tennispassionzone.com\/it\/author\/cosimo-albano\/"}]}},"_links":{"self":[{"href":"https:\/\/www.tennispassionzone.com\/it\/wp-json\/wp\/v2\/posts\/82593","targetHints":{"allow":["GET"]}}],"collection":[{"href":"https:\/\/www.tennispassionzone.com\/it\/wp-json\/wp\/v2\/posts"}],"about":[{"href":"https:\/\/www.tennispassionzone.com\/it\/wp-json\/wp\/v2\/types\/post"}],"author":[{"embeddable":true,"href":"https:\/\/www.tennispassionzone.com\/it\/wp-json\/wp\/v2\/users\/19"}],"replies":[{"embeddable":true,"href":"https:\/\/www.tennispassionzone.com\/it\/wp-json\/wp\/v2\/comments?post=82593"}],"version-history":[{"count":1,"href":"https:\/\/www.tennispassionzone.com\/it\/wp-json\/wp\/v2\/posts\/82593\/revisions"}],"predecessor-version":[{"id":82594,"href":"https:\/\/www.tennispassionzone.com\/it\/wp-json\/wp\/v2\/posts\/82593\/revisions\/82594"}],"wp:featuredmedia":[{"embeddable":true,"href":"https:\/\/www.tennispassionzone.com\/it\/wp-json\/wp\/v2\/media\/81547"}],"wp:attachment":[{"href":"https:\/\/www.tennispassionzone.com\/it\/wp-json\/wp\/v2\/media?parent=82593"}],"wp:term":[{"taxonomy":"category","embeddable":true,"href":"https:\/\/www.tennispassionzone.com\/it\/wp-json\/wp\/v2\/categories?post=82593"},{"taxonomy":"post_tag","embeddable":true,"href":"https:\/\/www.tennispassionzone.com\/it\/wp-json\/wp\/v2\/tags?post=82593"}],"curies":[{"name":"wp","href":"https:\/\/api.w.org\/{rel}","templated":true}]}}