{"id":85311,"date":"2026-08-10T08:12:00","date_gmt":"2026-08-10T06:12:00","guid":{"rendered":"https:\/\/www.tennispassionzone.com\/?p=85311"},"modified":"2026-08-10T07:46:14","modified_gmt":"2026-08-10T05:46:14","slug":"sinner-salta-cincinnati-forfait-ufficiale-per-il-problema-al-ginocchio","status":"publish","type":"post","link":"https:\/\/www.tennispassionzone.com\/it\/personaggi\/giocatori\/sinner-salta-cincinnati-forfait-ufficiale-per-il-problema-al-ginocchio\/","title":{"rendered":"Sinner salta Cincinnati: forfait ufficiale per il problema al ginocchio"},"content":{"rendered":"\n<p>Jannik Sinner non giocher\u00e0 il Masters 1000 di Cincinnati. Dopo le ore di apprensione iniziate ieri con la visita al JMedical per il problema al ginocchio destro, \u00e8 arrivata anche la decisione definitiva: il numero uno del mondo rinuncia al torneo americano per concentrarsi sul recupero e sulla preparazione dello US Open.<\/p>\n\n\n\n<p>La conferma \u00e8 arrivata nella serata di ieri, dopo il confronto tra il giocatore, il suo team e i medici. Sinner ha scelto di non forzare i tempi e di concedersi il periodo necessario per tornare in campo nelle migliori condizioni possibili.<\/p>\n\n\n\n<h2 class=\"wp-block-heading\">La decisione dopo il problema al ginocchio<\/h2>\n\n\n\n<p>Il fastidio al ginocchio destro aveva gi\u00e0 fatto scattare l&#8217;allarme nel pomeriggio di ieri. Sinner si \u00e8 recato al JMedical per sottoporsi agli accertamenti e valutare il percorso di recupero. Poche ore pi\u00f9 tardi \u00e8 arrivata la conferma del forfait da Cincinnati.<\/p>\n\n\n\n<p>Il numero uno del mondo ha spiegato di non sentirsi ancora pronto per competere, nonostante il lavoro svolto nelle ultime ore. Dopo la rinuncia al torneo di Montreal, salta quindi anche il secondo appuntamento della tourn\u00e9e sul cemento nordamericano.<\/p>\n\n\n\n<p>La scelta va nella direzione di una gestione prudente del problema. L&#8217;obiettivo principale, infatti, resta arrivare allo US Open nelle condizioni migliori, evitando di trasformare un fastidio fisico in un problema pi\u00f9 serio.<\/p>\n\n\n\n<h2 class=\"wp-block-heading\">Sinner, ora tutta l&#8217;attenzione \u00e8 sullo US Open<\/h2>\n\n\n\n<p>Il forfait di Cincinnati modifica cos\u00ec il programma di avvicinamento allo Slam di New York. Sinner non disputa una partita ufficiale dalla finale di Wimbledon e arriver\u00e0 allo US Open senza aver giocato tornei sul cemento americano.<\/p>\n\n\n\n<p>Non sarebbe per\u00f2 una situazione completamente nuova per l&#8217;altoatesino. Anche a Wimbledon era arrivato senza disputare incontri di preparazione sulla superficie, riuscendo comunque a conquistare il titolo.<\/p>\n\n\n\n<p>Adesso il percorso \u00e8 diverso e impone ancora maggiore attenzione alla condizione fisica. Sinner preferisce fermarsi e completare il recupero piuttosto che anticipare il rientro. La priorit\u00e0 \u00e8 chiara: recuperare dal problema al ginocchio e presentarsi a New York pronto per il prossimo grande appuntamento della stagione.<\/p>\n\n\n\n<p>Il Masters 1000 di Cincinnati, dunque, perde il numero uno del mondo. Per Sinner comincia invece una corsa contro il tempo con un obiettivo preciso: tornare in campo allo US Open nelle condizioni giuste.<\/p>\n","protected":false},"excerpt":{"rendered":"<p>Jannik Sinner ha annunciato il suo ritiro dal Masters 1000 di Cincinnati a causa di un problema al ginocchio destro. Il numero uno del mondo si concentrer\u00e0 ora sulla preparazione per lo US Open.<\/p>\n","protected":false},"author":19,"featured_media":85312,"comment_status":"closed","ping_status":"open","sticky":false,"template":"","format":"standard","meta":{"_overwrite_by_ai":false,"footnotes":""},"categories":[5023,5025,5032,5022,5039],"tags":[],"class_list":["post-85311","post","type-post","status-publish","format-standard","has-post-thumbnail","hentry","category-atp","category-classifica","category-giocatori","category-notizie","category-us-open"],"acf":[],"yoast_head":"<!-- This site is optimized with the Yoast SEO plugin v26.8 - https:\/\/yoast.com\/product\/yoast-seo-wordpress\/ -->\n<title>Sinner si ritira da Cincinnati, focus sullo US Open<\/title>\n<meta name=\"description\" content=\"Jannik Sinner salta il Cincinnati Open per un infortunio al ginocchio destro, puntando alla preparazione per lo US Open.\" \/>\n<meta name=\"robots\" content=\"index, follow, max-snippet:-1, max-image-preview:large, max-video-preview:-1\" \/>\n<link rel=\"canonical\" href=\"https:\/\/www.tennispassionzone.com\/it\/personaggi\/giocatori\/sinner-salta-cincinnati-forfait-ufficiale-per-il-problema-al-ginocchio\/\" \/>\n<meta property=\"og:locale\" content=\"it_IT\" \/>\n<meta property=\"og:type\" content=\"article\" \/>\n<meta property=\"og:title\" content=\"Sinner si ritira da Cincinnati, focus sullo US Open\" \/>\n<meta property=\"og:description\" content=\"Jannik Sinner salta il Cincinnati Open per un infortunio al ginocchio destro, puntando alla preparazione per lo US Open.\" \/>\n<meta property=\"og:url\" content=\"https:\/\/www.tennispassionzone.com\/it\/personaggi\/giocatori\/sinner-salta-cincinnati-forfait-ufficiale-per-il-problema-al-ginocchio\/\" \/>\n<meta property=\"og:site_name\" content=\"Tennis Passion Zone\" \/>\n<meta property=\"article:published_time\" content=\"2026-08-10T06:12:00+00:00\" \/>\n<meta property=\"og:image\" content=\"https:\/\/www.tennispassionzone.com\/wp-content\/uploads\/2026\/08\/melbourne-australia-jannik-sinner-of-italy-stretches-to-play-a-backhand-in-the-mens-singles-1.jpg?v=1786302750\" \/>\n\t<meta property=\"og:image:width\" content=\"2048\" \/>\n\t<meta property=\"og:image:height\" content=\"1362\" \/>\n\t<meta property=\"og:image:type\" content=\"image\/jpeg\" \/>\n<meta name=\"author\" content=\"Cosimo Albano\" \/>\n<meta name=\"twitter:card\" content=\"summary_large_image\" \/>\n<meta name=\"twitter:label1\" content=\"Scritto da\" \/>\n\t<meta name=\"twitter:data1\" content=\"Cosimo Albano\" \/>\n\t<meta name=\"twitter:label2\" content=\"Tempo di lettura stimato\" \/>\n\t<meta name=\"twitter:data2\" content=\"3 minuti\" \/>\n<script type=\"application\/ld+json\" class=\"yoast-schema-graph\">{\"@context\":\"https:\/\/schema.org\",\"@graph\":[{\"@type\":\"Article\",\"@id\":\"https:\/\/www.tennispassionzone.com\/it\/personaggi\/giocatori\/sinner-salta-cincinnati-forfait-ufficiale-per-il-problema-al-ginocchio\/#article\",\"isPartOf\":{\"@id\":\"https:\/\/www.tennispassionzone.com\/it\/personaggi\/giocatori\/sinner-salta-cincinnati-forfait-ufficiale-per-il-problema-al-ginocchio\/\"},\"author\":{\"name\":\"Cosimo Albano\",\"@id\":\"https:\/\/www.tennispassionzone.com\/it\/#\/schema\/person\/b11dbe6823422d3fd9a091fea2bec8e6\"},\"headline\":\"Sinner salta Cincinnati: forfait ufficiale per il problema al ginocchio\",\"datePublished\":\"2026-08-10T06:12:00+00:00\",\"mainEntityOfPage\":{\"@id\":\"https:\/\/www.tennispassionzone.com\/it\/personaggi\/giocatori\/sinner-salta-cincinnati-forfait-ufficiale-per-il-problema-al-ginocchio\/\"},\"wordCount\":374,\"publisher\":{\"@id\":\"https:\/\/www.tennispassionzone.com\/it\/#organization\"},\"image\":{\"@id\":\"https:\/\/www.tennispassionzone.com\/it\/personaggi\/giocatori\/sinner-salta-cincinnati-forfait-ufficiale-per-il-problema-al-ginocchio\/#primaryimage\"},\"thumbnailUrl\":\"https:\/\/www.tennispassionzone.com\/wp-content\/uploads\/2026\/08\/melbourne-australia-jannik-sinner-of-italy-stretches-to-play-a-backhand-in-the-mens-singles-1.jpg?v=1786302750\",\"articleSection\":[\"ATP\",\"Classifica\",\"Giocatori\",\"Notizie\",\"US Open\"],\"inLanguage\":\"it-IT\"},{\"@type\":\"WebPage\",\"@id\":\"https:\/\/www.tennispassionzone.com\/it\/personaggi\/giocatori\/sinner-salta-cincinnati-forfait-ufficiale-per-il-problema-al-ginocchio\/\",\"url\":\"https:\/\/www.tennispassionzone.com\/it\/personaggi\/giocatori\/sinner-salta-cincinnati-forfait-ufficiale-per-il-problema-al-ginocchio\/\",\"name\":\"Sinner si ritira da Cincinnati, focus sullo US Open\",\"isPartOf\":{\"@id\":\"https:\/\/www.tennispassionzone.com\/it\/#website\"},\"primaryImageOfPage\":{\"@id\":\"https:\/\/www.tennispassionzone.com\/it\/personaggi\/giocatori\/sinner-salta-cincinnati-forfait-ufficiale-per-il-problema-al-ginocchio\/#primaryimage\"},\"image\":{\"@id\":\"https:\/\/www.tennispassionzone.com\/it\/personaggi\/giocatori\/sinner-salta-cincinnati-forfait-ufficiale-per-il-problema-al-ginocchio\/#primaryimage\"},\"thumbnailUrl\":\"https:\/\/www.tennispassionzone.com\/wp-content\/uploads\/2026\/08\/melbourne-australia-jannik-sinner-of-italy-stretches-to-play-a-backhand-in-the-mens-singles-1.jpg?v=1786302750\",\"datePublished\":\"2026-08-10T06:12:00+00:00\",\"description\":\"Jannik Sinner salta il Cincinnati Open per un infortunio al ginocchio destro, puntando alla preparazione per lo US Open.\",\"breadcrumb\":{\"@id\":\"https:\/\/www.tennispassionzone.com\/it\/personaggi\/giocatori\/sinner-salta-cincinnati-forfait-ufficiale-per-il-problema-al-ginocchio\/#breadcrumb\"},\"inLanguage\":\"it-IT\",\"potentialAction\":[{\"@type\":\"ReadAction\",\"target\":[\"https:\/\/www.tennispassionzone.com\/it\/personaggi\/giocatori\/sinner-salta-cincinnati-forfait-ufficiale-per-il-problema-al-ginocchio\/\"]}]},{\"@type\":\"ImageObject\",\"inLanguage\":\"it-IT\",\"@id\":\"https:\/\/www.tennispassionzone.com\/it\/personaggi\/giocatori\/sinner-salta-cincinnati-forfait-ufficiale-per-il-problema-al-ginocchio\/#primaryimage\",\"url\":\"https:\/\/www.tennispassionzone.com\/wp-content\/uploads\/2026\/08\/melbourne-australia-jannik-sinner-of-italy-stretches-to-play-a-backhand-in-the-mens-singles-1.jpg?v=1786302750\",\"contentUrl\":\"https:\/\/www.tennispassionzone.com\/wp-content\/uploads\/2026\/08\/melbourne-australia-jannik-sinner-of-italy-stretches-to-play-a-backhand-in-the-mens-singles-1.jpg?v=1786302750\",\"width\":2048,\"height\":1362},{\"@type\":\"BreadcrumbList\",\"@id\":\"https:\/\/www.tennispassionzone.com\/it\/personaggi\/giocatori\/sinner-salta-cincinnati-forfait-ufficiale-per-il-problema-al-ginocchio\/#breadcrumb\",\"itemListElement\":[{\"@type\":\"ListItem\",\"position\":1,\"name\":\"Home\",\"item\":\"https:\/\/www.tennispassionzone.com\/it\/\"},{\"@type\":\"ListItem\",\"position\":2,\"name\":\"Personaggi\",\"item\":\"https:\/\/www.tennispassionzone.com\/it\/personaggi\/\"},{\"@type\":\"ListItem\",\"position\":3,\"name\":\"Giocatori\",\"item\":\"https:\/\/www.tennispassionzone.com\/it\/personaggi\/giocatori\/\"},{\"@type\":\"ListItem\",\"position\":4,\"name\":\"Sinner salta Cincinnati: forfait ufficiale per il problema al ginocchio\"}]},{\"@type\":\"WebSite\",\"@id\":\"https:\/\/www.tennispassionzone.com\/it\/#website\",\"url\":\"https:\/\/www.tennispassionzone.com\/it\/\",\"name\":\"Tennis Passion Zone\",\"description\":\"\",\"publisher\":{\"@id\":\"https:\/\/www.tennispassionzone.com\/it\/#organization\"},\"potentialAction\":[{\"@type\":\"SearchAction\",\"target\":{\"@type\":\"EntryPoint\",\"urlTemplate\":\"https:\/\/www.tennispassionzone.com\/it\/?s={search_term_string}\"},\"query-input\":{\"@type\":\"PropertyValueSpecification\",\"valueRequired\":true,\"valueName\":\"search_term_string\"}}],\"inLanguage\":\"it-IT\"},{\"@type\":\"Organization\",\"@id\":\"https:\/\/www.tennispassionzone.com\/it\/#organization\",\"name\":\"Tennis Passion Zone\",\"url\":\"https:\/\/www.tennispassionzone.com\/it\/\",\"logo\":{\"@type\":\"ImageObject\",\"inLanguage\":\"it-IT\",\"@id\":\"https:\/\/www.tennispassionzone.com\/it\/#\/schema\/logo\/image\/\",\"url\":\"https:\/\/www.tennispassionzone.com\/wp-content\/uploads\/2025\/12\/Logo_tennis_passion-zone.png?v=1764615384\",\"contentUrl\":\"https:\/\/www.tennispassionzone.com\/wp-content\/uploads\/2025\/12\/Logo_tennis_passion-zone.png?v=1764615384\",\"width\":450,\"height\":225,\"caption\":\"Tennis Passion Zone\"},\"image\":{\"@id\":\"https:\/\/www.tennispassionzone.com\/it\/#\/schema\/logo\/image\/\"}},{\"@type\":\"Person\",\"@id\":\"https:\/\/www.tennispassionzone.com\/it\/#\/schema\/person\/b11dbe6823422d3fd9a091fea2bec8e6\",\"name\":\"Cosimo Albano\",\"image\":{\"@type\":\"ImageObject\",\"inLanguage\":\"it-IT\",\"@id\":\"https:\/\/www.tennispassionzone.com\/it\/#\/schema\/person\/image\/\",\"url\":\"https:\/\/secure.gravatar.com\/avatar\/8ddf925735e24fbbdda897f977c3da31f9fe50c92a434c20957756bc7b9541e6?s=96&d=mm&r=g\",\"contentUrl\":\"https:\/\/secure.gravatar.com\/avatar\/8ddf925735e24fbbdda897f977c3da31f9fe50c92a434c20957756bc7b9541e6?s=96&d=mm&r=g\",\"caption\":\"Cosimo Albano\"},\"description\":\"Appassionato di calcio e fantacalcio da oltre venticinque anni, segue ogni stagione con lo stesso entusiasmo degli esordi. Da sempre interessato a statistiche, analisi e storie del mondo dello sport, scrive e revisiona articoli e testi editoriali, con particolare attenzione all\u2019accuratezza delle informazioni e alla qualit\u00e0 dei contenuti.\",\"url\":\"https:\/\/www.tennispassionzone.com\/it\/author\/cosimo-albano\/\"}]}<\/script>\n<!-- \/ Yoast SEO plugin. -->","yoast_head_json":{"title":"Sinner si ritira da Cincinnati, focus sullo US Open","description":"Jannik Sinner salta il Cincinnati Open per un infortunio al ginocchio destro, puntando alla preparazione per lo US Open.","robots":{"index":"index","follow":"follow","max-snippet":"max-snippet:-1","max-image-preview":"max-image-preview:large","max-video-preview":"max-video-preview:-1"},"canonical":"https:\/\/www.tennispassionzone.com\/it\/personaggi\/giocatori\/sinner-salta-cincinnati-forfait-ufficiale-per-il-problema-al-ginocchio\/","og_locale":"it_IT","og_type":"article","og_title":"Sinner si ritira da Cincinnati, focus sullo US Open","og_description":"Jannik Sinner salta il Cincinnati Open per un infortunio al ginocchio destro, puntando alla preparazione per lo US Open.","og_url":"https:\/\/www.tennispassionzone.com\/it\/personaggi\/giocatori\/sinner-salta-cincinnati-forfait-ufficiale-per-il-problema-al-ginocchio\/","og_site_name":"Tennis Passion Zone","article_published_time":"2026-08-10T06:12:00+00:00","og_image":[{"width":2048,"height":1362,"url":"https:\/\/www.tennispassionzone.com\/wp-content\/uploads\/2026\/08\/melbourne-australia-jannik-sinner-of-italy-stretches-to-play-a-backhand-in-the-mens-singles-1.jpg?v=1786302750","type":"image\/jpeg"}],"author":"Cosimo Albano","twitter_card":"summary_large_image","twitter_misc":{"Scritto da":"Cosimo Albano","Tempo di lettura stimato":"3 minuti"},"schema":{"@context":"https:\/\/schema.org","@graph":[{"@type":"Article","@id":"https:\/\/www.tennispassionzone.com\/it\/personaggi\/giocatori\/sinner-salta-cincinnati-forfait-ufficiale-per-il-problema-al-ginocchio\/#article","isPartOf":{"@id":"https:\/\/www.tennispassionzone.com\/it\/personaggi\/giocatori\/sinner-salta-cincinnati-forfait-ufficiale-per-il-problema-al-ginocchio\/"},"author":{"name":"Cosimo Albano","@id":"https:\/\/www.tennispassionzone.com\/it\/#\/schema\/person\/b11dbe6823422d3fd9a091fea2bec8e6"},"headline":"Sinner salta Cincinnati: forfait ufficiale per il problema al ginocchio","datePublished":"2026-08-10T06:12:00+00:00","mainEntityOfPage":{"@id":"https:\/\/www.tennispassionzone.com\/it\/personaggi\/giocatori\/sinner-salta-cincinnati-forfait-ufficiale-per-il-problema-al-ginocchio\/"},"wordCount":374,"publisher":{"@id":"https:\/\/www.tennispassionzone.com\/it\/#organization"},"image":{"@id":"https:\/\/www.tennispassionzone.com\/it\/personaggi\/giocatori\/sinner-salta-cincinnati-forfait-ufficiale-per-il-problema-al-ginocchio\/#primaryimage"},"thumbnailUrl":"https:\/\/www.tennispassionzone.com\/wp-content\/uploads\/2026\/08\/melbourne-australia-jannik-sinner-of-italy-stretches-to-play-a-backhand-in-the-mens-singles-1.jpg?v=1786302750","articleSection":["ATP","Classifica","Giocatori","Notizie","US Open"],"inLanguage":"it-IT"},{"@type":"WebPage","@id":"https:\/\/www.tennispassionzone.com\/it\/personaggi\/giocatori\/sinner-salta-cincinnati-forfait-ufficiale-per-il-problema-al-ginocchio\/","url":"https:\/\/www.tennispassionzone.com\/it\/personaggi\/giocatori\/sinner-salta-cincinnati-forfait-ufficiale-per-il-problema-al-ginocchio\/","name":"Sinner si ritira da Cincinnati, focus sullo US Open","isPartOf":{"@id":"https:\/\/www.tennispassionzone.com\/it\/#website"},"primaryImageOfPage":{"@id":"https:\/\/www.tennispassionzone.com\/it\/personaggi\/giocatori\/sinner-salta-cincinnati-forfait-ufficiale-per-il-problema-al-ginocchio\/#primaryimage"},"image":{"@id":"https:\/\/www.tennispassionzone.com\/it\/personaggi\/giocatori\/sinner-salta-cincinnati-forfait-ufficiale-per-il-problema-al-ginocchio\/#primaryimage"},"thumbnailUrl":"https:\/\/www.tennispassionzone.com\/wp-content\/uploads\/2026\/08\/melbourne-australia-jannik-sinner-of-italy-stretches-to-play-a-backhand-in-the-mens-singles-1.jpg?v=1786302750","datePublished":"2026-08-10T06:12:00+00:00","description":"Jannik Sinner salta il Cincinnati Open per un infortunio al ginocchio destro, puntando alla preparazione per lo US Open.","breadcrumb":{"@id":"https:\/\/www.tennispassionzone.com\/it\/personaggi\/giocatori\/sinner-salta-cincinnati-forfait-ufficiale-per-il-problema-al-ginocchio\/#breadcrumb"},"inLanguage":"it-IT","potentialAction":[{"@type":"ReadAction","target":["https:\/\/www.tennispassionzone.com\/it\/personaggi\/giocatori\/sinner-salta-cincinnati-forfait-ufficiale-per-il-problema-al-ginocchio\/"]}]},{"@type":"ImageObject","inLanguage":"it-IT","@id":"https:\/\/www.tennispassionzone.com\/it\/personaggi\/giocatori\/sinner-salta-cincinnati-forfait-ufficiale-per-il-problema-al-ginocchio\/#primaryimage","url":"https:\/\/www.tennispassionzone.com\/wp-content\/uploads\/2026\/08\/melbourne-australia-jannik-sinner-of-italy-stretches-to-play-a-backhand-in-the-mens-singles-1.jpg?v=1786302750","contentUrl":"https:\/\/www.tennispassionzone.com\/wp-content\/uploads\/2026\/08\/melbourne-australia-jannik-sinner-of-italy-stretches-to-play-a-backhand-in-the-mens-singles-1.jpg?v=1786302750","width":2048,"height":1362},{"@type":"BreadcrumbList","@id":"https:\/\/www.tennispassionzone.com\/it\/personaggi\/giocatori\/sinner-salta-cincinnati-forfait-ufficiale-per-il-problema-al-ginocchio\/#breadcrumb","itemListElement":[{"@type":"ListItem","position":1,"name":"Home","item":"https:\/\/www.tennispassionzone.com\/it\/"},{"@type":"ListItem","position":2,"name":"Personaggi","item":"https:\/\/www.tennispassionzone.com\/it\/personaggi\/"},{"@type":"ListItem","position":3,"name":"Giocatori","item":"https:\/\/www.tennispassionzone.com\/it\/personaggi\/giocatori\/"},{"@type":"ListItem","position":4,"name":"Sinner salta Cincinnati: forfait ufficiale per il problema al ginocchio"}]},{"@type":"WebSite","@id":"https:\/\/www.tennispassionzone.com\/it\/#website","url":"https:\/\/www.tennispassionzone.com\/it\/","name":"Tennis Passion Zone","description":"","publisher":{"@id":"https:\/\/www.tennispassionzone.com\/it\/#organization"},"potentialAction":[{"@type":"SearchAction","target":{"@type":"EntryPoint","urlTemplate":"https:\/\/www.tennispassionzone.com\/it\/?s={search_term_string}"},"query-input":{"@type":"PropertyValueSpecification","valueRequired":true,"valueName":"search_term_string"}}],"inLanguage":"it-IT"},{"@type":"Organization","@id":"https:\/\/www.tennispassionzone.com\/it\/#organization","name":"Tennis Passion Zone","url":"https:\/\/www.tennispassionzone.com\/it\/","logo":{"@type":"ImageObject","inLanguage":"it-IT","@id":"https:\/\/www.tennispassionzone.com\/it\/#\/schema\/logo\/image\/","url":"https:\/\/www.tennispassionzone.com\/wp-content\/uploads\/2025\/12\/Logo_tennis_passion-zone.png?v=1764615384","contentUrl":"https:\/\/www.tennispassionzone.com\/wp-content\/uploads\/2025\/12\/Logo_tennis_passion-zone.png?v=1764615384","width":450,"height":225,"caption":"Tennis Passion Zone"},"image":{"@id":"https:\/\/www.tennispassionzone.com\/it\/#\/schema\/logo\/image\/"}},{"@type":"Person","@id":"https:\/\/www.tennispassionzone.com\/it\/#\/schema\/person\/b11dbe6823422d3fd9a091fea2bec8e6","name":"Cosimo Albano","image":{"@type":"ImageObject","inLanguage":"it-IT","@id":"https:\/\/www.tennispassionzone.com\/it\/#\/schema\/person\/image\/","url":"https:\/\/secure.gravatar.com\/avatar\/8ddf925735e24fbbdda897f977c3da31f9fe50c92a434c20957756bc7b9541e6?s=96&d=mm&r=g","contentUrl":"https:\/\/secure.gravatar.com\/avatar\/8ddf925735e24fbbdda897f977c3da31f9fe50c92a434c20957756bc7b9541e6?s=96&d=mm&r=g","caption":"Cosimo Albano"},"description":"Appassionato di calcio e fantacalcio da oltre venticinque anni, segue ogni stagione con lo stesso entusiasmo degli esordi. Da sempre interessato a statistiche, analisi e storie del mondo dello sport, scrive e revisiona articoli e testi editoriali, con particolare attenzione all\u2019accuratezza delle informazioni e alla qualit\u00e0 dei contenuti.","url":"https:\/\/www.tennispassionzone.com\/it\/author\/cosimo-albano\/"}]}},"_links":{"self":[{"href":"https:\/\/www.tennispassionzone.com\/it\/wp-json\/wp\/v2\/posts\/85311","targetHints":{"allow":["GET"]}}],"collection":[{"href":"https:\/\/www.tennispassionzone.com\/it\/wp-json\/wp\/v2\/posts"}],"about":[{"href":"https:\/\/www.tennispassionzone.com\/it\/wp-json\/wp\/v2\/types\/post"}],"author":[{"embeddable":true,"href":"https:\/\/www.tennispassionzone.com\/it\/wp-json\/wp\/v2\/users\/19"}],"replies":[{"embeddable":true,"href":"https:\/\/www.tennispassionzone.com\/it\/wp-json\/wp\/v2\/comments?post=85311"}],"version-history":[{"count":1,"href":"https:\/\/www.tennispassionzone.com\/it\/wp-json\/wp\/v2\/posts\/85311\/revisions"}],"predecessor-version":[{"id":85316,"href":"https:\/\/www.tennispassionzone.com\/it\/wp-json\/wp\/v2\/posts\/85311\/revisions\/85316"}],"wp:featuredmedia":[{"embeddable":true,"href":"https:\/\/www.tennispassionzone.com\/it\/wp-json\/wp\/v2\/media\/85312"}],"wp:attachment":[{"href":"https:\/\/www.tennispassionzone.com\/it\/wp-json\/wp\/v2\/media?parent=85311"}],"wp:term":[{"taxonomy":"category","embeddable":true,"href":"https:\/\/www.tennispassionzone.com\/it\/wp-json\/wp\/v2\/categories?post=85311"},{"taxonomy":"post_tag","embeddable":true,"href":"https:\/\/www.tennispassionzone.com\/it\/wp-json\/wp\/v2\/tags?post=85311"}],"curies":[{"name":"wp","href":"https:\/\/api.w.org\/{rel}","templated":true}]}}