{"id":85322,"date":"2026-08-10T13:52:00","date_gmt":"2026-08-10T11:52:00","guid":{"rendered":"https:\/\/www.tennispassionzone.com\/?p=85322"},"modified":"2026-08-10T13:26:39","modified_gmt":"2026-08-10T11:26:39","slug":"darderi-la-scalata-di-un-padre-e-un-figlio-ho-fatto-tutto-da-solo-per-portarlo-in-alto","status":"publish","type":"post","link":"https:\/\/www.tennispassionzone.com\/it\/personaggi\/giocatori\/darderi-la-scalata-di-un-padre-e-un-figlio-ho-fatto-tutto-da-solo-per-portarlo-in-alto\/","title":{"rendered":"Darderi, la scalata di un padre e un figlio: &#8220;Ho fatto tutto da solo per portarlo in alto&#8221;"},"content":{"rendered":"<p>Un padre single che \u00e8 anche allenatore, mentore e sponsor. Gino Darderi ha costruito con le proprie mani la carriera del figlio Luciano, oggi numero 16 del mondo, partendo da una promessa fatta a se stesso: dedicare la vita ai suoi ragazzi. Un percorso fatto di sacrifici, scelte coraggiose e un legame indissolubile che unisce tre uomini: Gino e i suoi due figli tennisti, Luciano e il pi\u00f9 giovane Vito. Dalla sua casa di Villa Gesell, in Argentina, il padre-coach ripercorre le tappe di un&#8217;avventura sportiva e umana unica.<\/p>\n<h2>Un&#8217;indipendenza pagata a caro prezzo<\/h2>\n<p>Per finanziare i viaggi nel circuito, Gino ha gestito per anni una ventina di appartamenti sulla costa argentina. I sacrifici economici sono stati enormi, una necessit\u00e0 dettata da una scelta precisa: mantenere l&#8217;indipendenza tecnica dalla Federazione italiana. &#8220;Volevo portare avanti il mio programma, ero sicuro di quello che facevo e l&#8217;ho dimostrato&#8221;, spiega Gino. Questa decisione ha significato rinunciare a contributi per le spese e a wild card, rendendo la strada pi\u00f9 ripida. Ci sono stati momenti di sconforto, come quando Luciano, a 19 anni, faticava nei Challenger. &#8220;Mi chiamava e mi diceva: &#8216;Pap\u00e0, cos\u00ec non va&#8217;&#8221;, ricorda Gino. Ma la determinazione ha prevalso. Hanno stretto i denti, lavorando a testa bassa fino a quando i risultati sono arrivati, trasformando un terraiolo in un giocatore competitivo su ogni superficie.<\/p>\n<h2>Padre e allenatore: &#8220;Dentro il campo sono severo&#8221;<\/h2>\n<p>Il legame tra i due si basa su un equilibrio preciso. &#8220;Fuori dal campo scherziamo, ci divertiamo, ma dentro sono severo&#8221;, ammette il padre-allenatore. Un rigore necessario per raggiungere i vertici, unito alla protezione di un genitore che conosce le insidie del mondo del tennis. &#8220;Con Luciano, essendo mio figlio, non ho accettato alcun compromesso. Cos\u00ec lui gioca tranquillo senza dover rendere conto a nessuno&#8221;. Questo rapporto si estende anche alla vita quotidiana di una famiglia cresciuta senza una figura materna, dove anche i figli, fin da piccoli, davano una mano in casa. Un&#8217;unione che oggi coinvolge anche il diciottenne Vito, che sta muovendo i primi passi nel circuito ITF. &#8220;Vito ha un talento naturale che Luciano non aveva&#8221;, osserva il padre, &#8220;ma in questo sport ci vuole la testa&#8221;.<\/p>\n<h2>Obiettivo top 10 e il sogno della Davis<\/h2>\n<p>La scalata non \u00e8 finita. L&#8217;obiettivo \u00e8 entrare tra i primi dieci giocatori del mondo. Un traguardo che Luciano ha gi\u00e0 sfiorato in primavera, prima di essere frenato da alcuni problemi fisici, tra cui un&#8217;operazione alle tonsille. Per compiere l&#8217;ultimo passo, secondo il padre, bisogna insistere su due fondamentali: &#8220;Dobbiamo lavorare molto sul servizio e sul rovescio, soprattutto sugli spostamenti nel lato sinistro del campo&#8221;. Accanto all&#8217;obiettivo del ranking, c&#8217;\u00e8 un desiderio che Luciano non ha mai nascosto: vestire la maglia azzurra in Coppa Davis. Gino si aspetta una convocazione da parte del capitano Volandri. Sarebbe il giusto riconoscimento per un ragazzo che, come sottolinea il padre, &#8220;rappresenta la bandiera italiana da 15 anni&#8221;.<\/p>\n","protected":false},"excerpt":{"rendered":"<p>Gino Darderi racconta i sacrifici fatti da padre single e allenatore per portare il figlio Luciano nell&#8217;\u00e9lite del tennis mondiale, tra indipendenza tecnica e il sogno della top 10 e della Coppa Davis.<\/p>\n","protected":false},"author":19,"featured_media":85323,"comment_status":"closed","ping_status":"open","sticky":false,"template":"","format":"standard","meta":{"_overwrite_by_ai":false,"footnotes":""},"categories":[5052,5023,5041,5032,5022],"tags":[],"class_list":["post-85322","post","type-post","status-publish","format-standard","has-post-thumbnail","hentry","category-allenamento","category-atp","category-coppa-davis","category-giocatori","category-notizie"],"acf":[],"yoast_head":"<!-- This site is optimized with the Yoast SEO plugin v26.8 - https:\/\/yoast.com\/product\/yoast-seo-wordpress\/ -->\n<title>Darderi, il padre Gino e i sacrifici per la top 10<\/title>\n<meta name=\"description\" content=\"La storia di Luciano Darderi, numero 16 ATP, vista attraverso gli occhi del padre-coach Gino: i sacrifici economici, l&#039;indipendenza dalla FIT e il sogno Davis.\" \/>\n<meta name=\"robots\" content=\"index, follow, max-snippet:-1, max-image-preview:large, max-video-preview:-1\" \/>\n<link rel=\"canonical\" href=\"https:\/\/www.tennispassionzone.com\/it\/personaggi\/giocatori\/darderi-la-scalata-di-un-padre-e-un-figlio-ho-fatto-tutto-da-solo-per-portarlo-in-alto\/\" \/>\n<meta property=\"og:locale\" content=\"it_IT\" \/>\n<meta property=\"og:type\" content=\"article\" \/>\n<meta property=\"og:title\" content=\"Darderi, il padre Gino e i sacrifici per la top 10\" \/>\n<meta property=\"og:description\" content=\"La storia di Luciano Darderi, numero 16 ATP, vista attraverso gli occhi del padre-coach Gino: i sacrifici economici, l&#039;indipendenza dalla FIT e il sogno Davis.\" \/>\n<meta property=\"og:url\" content=\"https:\/\/www.tennispassionzone.com\/it\/personaggi\/giocatori\/darderi-la-scalata-di-un-padre-e-un-figlio-ho-fatto-tutto-da-solo-per-portarlo-in-alto\/\" \/>\n<meta property=\"og:site_name\" content=\"Tennis Passion Zone\" \/>\n<meta property=\"article:published_time\" content=\"2026-08-10T11:52:00+00:00\" \/>\n<meta property=\"og:image\" content=\"https:\/\/www.tennispassionzone.com\/wp-content\/uploads\/2026\/08\/munich-germany-luciano-darderi-of-italy-looks-on-during-day-four-of-the-bmw-open-at-mttc-1.jpg?v=1786366367\" \/>\n\t<meta property=\"og:image:width\" content=\"2048\" \/>\n\t<meta property=\"og:image:height\" content=\"1365\" \/>\n\t<meta property=\"og:image:type\" content=\"image\/jpeg\" \/>\n<meta name=\"author\" content=\"Cosimo Albano\" \/>\n<meta name=\"twitter:card\" content=\"summary_large_image\" \/>\n<meta name=\"twitter:label1\" content=\"Scritto da\" \/>\n\t<meta name=\"twitter:data1\" content=\"Cosimo Albano\" \/>\n\t<meta name=\"twitter:label2\" content=\"Tempo di lettura stimato\" \/>\n\t<meta name=\"twitter:data2\" content=\"3 minuti\" \/>\n<script type=\"application\/ld+json\" class=\"yoast-schema-graph\">{\"@context\":\"https:\/\/schema.org\",\"@graph\":[{\"@type\":\"Article\",\"@id\":\"https:\/\/www.tennispassionzone.com\/it\/personaggi\/giocatori\/darderi-la-scalata-di-un-padre-e-un-figlio-ho-fatto-tutto-da-solo-per-portarlo-in-alto\/#article\",\"isPartOf\":{\"@id\":\"https:\/\/www.tennispassionzone.com\/it\/personaggi\/giocatori\/darderi-la-scalata-di-un-padre-e-un-figlio-ho-fatto-tutto-da-solo-per-portarlo-in-alto\/\"},\"author\":{\"name\":\"Cosimo Albano\",\"@id\":\"https:\/\/www.tennispassionzone.com\/it\/#\/schema\/person\/b11dbe6823422d3fd9a091fea2bec8e6\"},\"headline\":\"Darderi, la scalata di un padre e un figlio: &#8220;Ho fatto tutto da solo per portarlo in alto&#8221;\",\"datePublished\":\"2026-08-10T11:52:00+00:00\",\"mainEntityOfPage\":{\"@id\":\"https:\/\/www.tennispassionzone.com\/it\/personaggi\/giocatori\/darderi-la-scalata-di-un-padre-e-un-figlio-ho-fatto-tutto-da-solo-per-portarlo-in-alto\/\"},\"wordCount\":503,\"publisher\":{\"@id\":\"https:\/\/www.tennispassionzone.com\/it\/#organization\"},\"image\":{\"@id\":\"https:\/\/www.tennispassionzone.com\/it\/personaggi\/giocatori\/darderi-la-scalata-di-un-padre-e-un-figlio-ho-fatto-tutto-da-solo-per-portarlo-in-alto\/#primaryimage\"},\"thumbnailUrl\":\"https:\/\/www.tennispassionzone.com\/wp-content\/uploads\/2026\/08\/munich-germany-luciano-darderi-of-italy-looks-on-during-day-four-of-the-bmw-open-at-mttc-1.jpg?v=1786366367\",\"articleSection\":[\"Allenamento\",\"ATP\",\"Coppa Davis\",\"Giocatori\",\"Notizie\"],\"inLanguage\":\"it-IT\"},{\"@type\":\"WebPage\",\"@id\":\"https:\/\/www.tennispassionzone.com\/it\/personaggi\/giocatori\/darderi-la-scalata-di-un-padre-e-un-figlio-ho-fatto-tutto-da-solo-per-portarlo-in-alto\/\",\"url\":\"https:\/\/www.tennispassionzone.com\/it\/personaggi\/giocatori\/darderi-la-scalata-di-un-padre-e-un-figlio-ho-fatto-tutto-da-solo-per-portarlo-in-alto\/\",\"name\":\"Darderi, il padre Gino e i sacrifici per la top 10\",\"isPartOf\":{\"@id\":\"https:\/\/www.tennispassionzone.com\/it\/#website\"},\"primaryImageOfPage\":{\"@id\":\"https:\/\/www.tennispassionzone.com\/it\/personaggi\/giocatori\/darderi-la-scalata-di-un-padre-e-un-figlio-ho-fatto-tutto-da-solo-per-portarlo-in-alto\/#primaryimage\"},\"image\":{\"@id\":\"https:\/\/www.tennispassionzone.com\/it\/personaggi\/giocatori\/darderi-la-scalata-di-un-padre-e-un-figlio-ho-fatto-tutto-da-solo-per-portarlo-in-alto\/#primaryimage\"},\"thumbnailUrl\":\"https:\/\/www.tennispassionzone.com\/wp-content\/uploads\/2026\/08\/munich-germany-luciano-darderi-of-italy-looks-on-during-day-four-of-the-bmw-open-at-mttc-1.jpg?v=1786366367\",\"datePublished\":\"2026-08-10T11:52:00+00:00\",\"description\":\"La storia di Luciano Darderi, numero 16 ATP, vista attraverso gli occhi del padre-coach Gino: i sacrifici economici, l'indipendenza dalla FIT e il sogno Davis.\",\"breadcrumb\":{\"@id\":\"https:\/\/www.tennispassionzone.com\/it\/personaggi\/giocatori\/darderi-la-scalata-di-un-padre-e-un-figlio-ho-fatto-tutto-da-solo-per-portarlo-in-alto\/#breadcrumb\"},\"inLanguage\":\"it-IT\",\"potentialAction\":[{\"@type\":\"ReadAction\",\"target\":[\"https:\/\/www.tennispassionzone.com\/it\/personaggi\/giocatori\/darderi-la-scalata-di-un-padre-e-un-figlio-ho-fatto-tutto-da-solo-per-portarlo-in-alto\/\"]}]},{\"@type\":\"ImageObject\",\"inLanguage\":\"it-IT\",\"@id\":\"https:\/\/www.tennispassionzone.com\/it\/personaggi\/giocatori\/darderi-la-scalata-di-un-padre-e-un-figlio-ho-fatto-tutto-da-solo-per-portarlo-in-alto\/#primaryimage\",\"url\":\"https:\/\/www.tennispassionzone.com\/wp-content\/uploads\/2026\/08\/munich-germany-luciano-darderi-of-italy-looks-on-during-day-four-of-the-bmw-open-at-mttc-1.jpg?v=1786366367\",\"contentUrl\":\"https:\/\/www.tennispassionzone.com\/wp-content\/uploads\/2026\/08\/munich-germany-luciano-darderi-of-italy-looks-on-during-day-four-of-the-bmw-open-at-mttc-1.jpg?v=1786366367\",\"width\":2048,\"height\":1365},{\"@type\":\"BreadcrumbList\",\"@id\":\"https:\/\/www.tennispassionzone.com\/it\/personaggi\/giocatori\/darderi-la-scalata-di-un-padre-e-un-figlio-ho-fatto-tutto-da-solo-per-portarlo-in-alto\/#breadcrumb\",\"itemListElement\":[{\"@type\":\"ListItem\",\"position\":1,\"name\":\"Home\",\"item\":\"https:\/\/www.tennispassionzone.com\/it\/\"},{\"@type\":\"ListItem\",\"position\":2,\"name\":\"Personaggi\",\"item\":\"https:\/\/www.tennispassionzone.com\/it\/personaggi\/\"},{\"@type\":\"ListItem\",\"position\":3,\"name\":\"Giocatori\",\"item\":\"https:\/\/www.tennispassionzone.com\/it\/personaggi\/giocatori\/\"},{\"@type\":\"ListItem\",\"position\":4,\"name\":\"Darderi, la scalata di un padre e un figlio: &#8220;Ho fatto tutto da solo per portarlo in alto&#8221;\"}]},{\"@type\":\"WebSite\",\"@id\":\"https:\/\/www.tennispassionzone.com\/it\/#website\",\"url\":\"https:\/\/www.tennispassionzone.com\/it\/\",\"name\":\"Tennis Passion Zone\",\"description\":\"\",\"publisher\":{\"@id\":\"https:\/\/www.tennispassionzone.com\/it\/#organization\"},\"potentialAction\":[{\"@type\":\"SearchAction\",\"target\":{\"@type\":\"EntryPoint\",\"urlTemplate\":\"https:\/\/www.tennispassionzone.com\/it\/?s={search_term_string}\"},\"query-input\":{\"@type\":\"PropertyValueSpecification\",\"valueRequired\":true,\"valueName\":\"search_term_string\"}}],\"inLanguage\":\"it-IT\"},{\"@type\":\"Organization\",\"@id\":\"https:\/\/www.tennispassionzone.com\/it\/#organization\",\"name\":\"Tennis Passion Zone\",\"url\":\"https:\/\/www.tennispassionzone.com\/it\/\",\"logo\":{\"@type\":\"ImageObject\",\"inLanguage\":\"it-IT\",\"@id\":\"https:\/\/www.tennispassionzone.com\/it\/#\/schema\/logo\/image\/\",\"url\":\"https:\/\/www.tennispassionzone.com\/wp-content\/uploads\/2025\/12\/Logo_tennis_passion-zone.png?v=1764615384\",\"contentUrl\":\"https:\/\/www.tennispassionzone.com\/wp-content\/uploads\/2025\/12\/Logo_tennis_passion-zone.png?v=1764615384\",\"width\":450,\"height\":225,\"caption\":\"Tennis Passion Zone\"},\"image\":{\"@id\":\"https:\/\/www.tennispassionzone.com\/it\/#\/schema\/logo\/image\/\"}},{\"@type\":\"Person\",\"@id\":\"https:\/\/www.tennispassionzone.com\/it\/#\/schema\/person\/b11dbe6823422d3fd9a091fea2bec8e6\",\"name\":\"Cosimo Albano\",\"image\":{\"@type\":\"ImageObject\",\"inLanguage\":\"it-IT\",\"@id\":\"https:\/\/www.tennispassionzone.com\/it\/#\/schema\/person\/image\/\",\"url\":\"https:\/\/secure.gravatar.com\/avatar\/8ddf925735e24fbbdda897f977c3da31f9fe50c92a434c20957756bc7b9541e6?s=96&d=mm&r=g\",\"contentUrl\":\"https:\/\/secure.gravatar.com\/avatar\/8ddf925735e24fbbdda897f977c3da31f9fe50c92a434c20957756bc7b9541e6?s=96&d=mm&r=g\",\"caption\":\"Cosimo Albano\"},\"description\":\"Appassionato di calcio e fantacalcio da oltre venticinque anni, segue ogni stagione con lo stesso entusiasmo degli esordi. Da sempre interessato a statistiche, analisi e storie del mondo dello sport, scrive e revisiona articoli e testi editoriali, con particolare attenzione all\u2019accuratezza delle informazioni e alla qualit\u00e0 dei contenuti.\",\"url\":\"https:\/\/www.tennispassionzone.com\/it\/author\/cosimo-albano\/\"}]}<\/script>\n<!-- \/ Yoast SEO plugin. -->","yoast_head_json":{"title":"Darderi, il padre Gino e i sacrifici per la top 10","description":"La storia di Luciano Darderi, numero 16 ATP, vista attraverso gli occhi del padre-coach Gino: i sacrifici economici, l'indipendenza dalla FIT e il sogno Davis.","robots":{"index":"index","follow":"follow","max-snippet":"max-snippet:-1","max-image-preview":"max-image-preview:large","max-video-preview":"max-video-preview:-1"},"canonical":"https:\/\/www.tennispassionzone.com\/it\/personaggi\/giocatori\/darderi-la-scalata-di-un-padre-e-un-figlio-ho-fatto-tutto-da-solo-per-portarlo-in-alto\/","og_locale":"it_IT","og_type":"article","og_title":"Darderi, il padre Gino e i sacrifici per la top 10","og_description":"La storia di Luciano Darderi, numero 16 ATP, vista attraverso gli occhi del padre-coach Gino: i sacrifici economici, l'indipendenza dalla FIT e il sogno Davis.","og_url":"https:\/\/www.tennispassionzone.com\/it\/personaggi\/giocatori\/darderi-la-scalata-di-un-padre-e-un-figlio-ho-fatto-tutto-da-solo-per-portarlo-in-alto\/","og_site_name":"Tennis Passion Zone","article_published_time":"2026-08-10T11:52:00+00:00","og_image":[{"width":2048,"height":1365,"url":"https:\/\/www.tennispassionzone.com\/wp-content\/uploads\/2026\/08\/munich-germany-luciano-darderi-of-italy-looks-on-during-day-four-of-the-bmw-open-at-mttc-1.jpg?v=1786366367","type":"image\/jpeg"}],"author":"Cosimo Albano","twitter_card":"summary_large_image","twitter_misc":{"Scritto da":"Cosimo Albano","Tempo di lettura stimato":"3 minuti"},"schema":{"@context":"https:\/\/schema.org","@graph":[{"@type":"Article","@id":"https:\/\/www.tennispassionzone.com\/it\/personaggi\/giocatori\/darderi-la-scalata-di-un-padre-e-un-figlio-ho-fatto-tutto-da-solo-per-portarlo-in-alto\/#article","isPartOf":{"@id":"https:\/\/www.tennispassionzone.com\/it\/personaggi\/giocatori\/darderi-la-scalata-di-un-padre-e-un-figlio-ho-fatto-tutto-da-solo-per-portarlo-in-alto\/"},"author":{"name":"Cosimo Albano","@id":"https:\/\/www.tennispassionzone.com\/it\/#\/schema\/person\/b11dbe6823422d3fd9a091fea2bec8e6"},"headline":"Darderi, la scalata di un padre e un figlio: &#8220;Ho fatto tutto da solo per portarlo in alto&#8221;","datePublished":"2026-08-10T11:52:00+00:00","mainEntityOfPage":{"@id":"https:\/\/www.tennispassionzone.com\/it\/personaggi\/giocatori\/darderi-la-scalata-di-un-padre-e-un-figlio-ho-fatto-tutto-da-solo-per-portarlo-in-alto\/"},"wordCount":503,"publisher":{"@id":"https:\/\/www.tennispassionzone.com\/it\/#organization"},"image":{"@id":"https:\/\/www.tennispassionzone.com\/it\/personaggi\/giocatori\/darderi-la-scalata-di-un-padre-e-un-figlio-ho-fatto-tutto-da-solo-per-portarlo-in-alto\/#primaryimage"},"thumbnailUrl":"https:\/\/www.tennispassionzone.com\/wp-content\/uploads\/2026\/08\/munich-germany-luciano-darderi-of-italy-looks-on-during-day-four-of-the-bmw-open-at-mttc-1.jpg?v=1786366367","articleSection":["Allenamento","ATP","Coppa Davis","Giocatori","Notizie"],"inLanguage":"it-IT"},{"@type":"WebPage","@id":"https:\/\/www.tennispassionzone.com\/it\/personaggi\/giocatori\/darderi-la-scalata-di-un-padre-e-un-figlio-ho-fatto-tutto-da-solo-per-portarlo-in-alto\/","url":"https:\/\/www.tennispassionzone.com\/it\/personaggi\/giocatori\/darderi-la-scalata-di-un-padre-e-un-figlio-ho-fatto-tutto-da-solo-per-portarlo-in-alto\/","name":"Darderi, il padre Gino e i sacrifici per la top 10","isPartOf":{"@id":"https:\/\/www.tennispassionzone.com\/it\/#website"},"primaryImageOfPage":{"@id":"https:\/\/www.tennispassionzone.com\/it\/personaggi\/giocatori\/darderi-la-scalata-di-un-padre-e-un-figlio-ho-fatto-tutto-da-solo-per-portarlo-in-alto\/#primaryimage"},"image":{"@id":"https:\/\/www.tennispassionzone.com\/it\/personaggi\/giocatori\/darderi-la-scalata-di-un-padre-e-un-figlio-ho-fatto-tutto-da-solo-per-portarlo-in-alto\/#primaryimage"},"thumbnailUrl":"https:\/\/www.tennispassionzone.com\/wp-content\/uploads\/2026\/08\/munich-germany-luciano-darderi-of-italy-looks-on-during-day-four-of-the-bmw-open-at-mttc-1.jpg?v=1786366367","datePublished":"2026-08-10T11:52:00+00:00","description":"La storia di Luciano Darderi, numero 16 ATP, vista attraverso gli occhi del padre-coach Gino: i sacrifici economici, l'indipendenza dalla FIT e il sogno Davis.","breadcrumb":{"@id":"https:\/\/www.tennispassionzone.com\/it\/personaggi\/giocatori\/darderi-la-scalata-di-un-padre-e-un-figlio-ho-fatto-tutto-da-solo-per-portarlo-in-alto\/#breadcrumb"},"inLanguage":"it-IT","potentialAction":[{"@type":"ReadAction","target":["https:\/\/www.tennispassionzone.com\/it\/personaggi\/giocatori\/darderi-la-scalata-di-un-padre-e-un-figlio-ho-fatto-tutto-da-solo-per-portarlo-in-alto\/"]}]},{"@type":"ImageObject","inLanguage":"it-IT","@id":"https:\/\/www.tennispassionzone.com\/it\/personaggi\/giocatori\/darderi-la-scalata-di-un-padre-e-un-figlio-ho-fatto-tutto-da-solo-per-portarlo-in-alto\/#primaryimage","url":"https:\/\/www.tennispassionzone.com\/wp-content\/uploads\/2026\/08\/munich-germany-luciano-darderi-of-italy-looks-on-during-day-four-of-the-bmw-open-at-mttc-1.jpg?v=1786366367","contentUrl":"https:\/\/www.tennispassionzone.com\/wp-content\/uploads\/2026\/08\/munich-germany-luciano-darderi-of-italy-looks-on-during-day-four-of-the-bmw-open-at-mttc-1.jpg?v=1786366367","width":2048,"height":1365},{"@type":"BreadcrumbList","@id":"https:\/\/www.tennispassionzone.com\/it\/personaggi\/giocatori\/darderi-la-scalata-di-un-padre-e-un-figlio-ho-fatto-tutto-da-solo-per-portarlo-in-alto\/#breadcrumb","itemListElement":[{"@type":"ListItem","position":1,"name":"Home","item":"https:\/\/www.tennispassionzone.com\/it\/"},{"@type":"ListItem","position":2,"name":"Personaggi","item":"https:\/\/www.tennispassionzone.com\/it\/personaggi\/"},{"@type":"ListItem","position":3,"name":"Giocatori","item":"https:\/\/www.tennispassionzone.com\/it\/personaggi\/giocatori\/"},{"@type":"ListItem","position":4,"name":"Darderi, la scalata di un padre e un figlio: &#8220;Ho fatto tutto da solo per portarlo in alto&#8221;"}]},{"@type":"WebSite","@id":"https:\/\/www.tennispassionzone.com\/it\/#website","url":"https:\/\/www.tennispassionzone.com\/it\/","name":"Tennis Passion Zone","description":"","publisher":{"@id":"https:\/\/www.tennispassionzone.com\/it\/#organization"},"potentialAction":[{"@type":"SearchAction","target":{"@type":"EntryPoint","urlTemplate":"https:\/\/www.tennispassionzone.com\/it\/?s={search_term_string}"},"query-input":{"@type":"PropertyValueSpecification","valueRequired":true,"valueName":"search_term_string"}}],"inLanguage":"it-IT"},{"@type":"Organization","@id":"https:\/\/www.tennispassionzone.com\/it\/#organization","name":"Tennis Passion Zone","url":"https:\/\/www.tennispassionzone.com\/it\/","logo":{"@type":"ImageObject","inLanguage":"it-IT","@id":"https:\/\/www.tennispassionzone.com\/it\/#\/schema\/logo\/image\/","url":"https:\/\/www.tennispassionzone.com\/wp-content\/uploads\/2025\/12\/Logo_tennis_passion-zone.png?v=1764615384","contentUrl":"https:\/\/www.tennispassionzone.com\/wp-content\/uploads\/2025\/12\/Logo_tennis_passion-zone.png?v=1764615384","width":450,"height":225,"caption":"Tennis Passion Zone"},"image":{"@id":"https:\/\/www.tennispassionzone.com\/it\/#\/schema\/logo\/image\/"}},{"@type":"Person","@id":"https:\/\/www.tennispassionzone.com\/it\/#\/schema\/person\/b11dbe6823422d3fd9a091fea2bec8e6","name":"Cosimo Albano","image":{"@type":"ImageObject","inLanguage":"it-IT","@id":"https:\/\/www.tennispassionzone.com\/it\/#\/schema\/person\/image\/","url":"https:\/\/secure.gravatar.com\/avatar\/8ddf925735e24fbbdda897f977c3da31f9fe50c92a434c20957756bc7b9541e6?s=96&d=mm&r=g","contentUrl":"https:\/\/secure.gravatar.com\/avatar\/8ddf925735e24fbbdda897f977c3da31f9fe50c92a434c20957756bc7b9541e6?s=96&d=mm&r=g","caption":"Cosimo Albano"},"description":"Appassionato di calcio e fantacalcio da oltre venticinque anni, segue ogni stagione con lo stesso entusiasmo degli esordi. Da sempre interessato a statistiche, analisi e storie del mondo dello sport, scrive e revisiona articoli e testi editoriali, con particolare attenzione all\u2019accuratezza delle informazioni e alla qualit\u00e0 dei contenuti.","url":"https:\/\/www.tennispassionzone.com\/it\/author\/cosimo-albano\/"}]}},"_links":{"self":[{"href":"https:\/\/www.tennispassionzone.com\/it\/wp-json\/wp\/v2\/posts\/85322","targetHints":{"allow":["GET"]}}],"collection":[{"href":"https:\/\/www.tennispassionzone.com\/it\/wp-json\/wp\/v2\/posts"}],"about":[{"href":"https:\/\/www.tennispassionzone.com\/it\/wp-json\/wp\/v2\/types\/post"}],"author":[{"embeddable":true,"href":"https:\/\/www.tennispassionzone.com\/it\/wp-json\/wp\/v2\/users\/19"}],"replies":[{"embeddable":true,"href":"https:\/\/www.tennispassionzone.com\/it\/wp-json\/wp\/v2\/comments?post=85322"}],"version-history":[{"count":1,"href":"https:\/\/www.tennispassionzone.com\/it\/wp-json\/wp\/v2\/posts\/85322\/revisions"}],"predecessor-version":[{"id":85324,"href":"https:\/\/www.tennispassionzone.com\/it\/wp-json\/wp\/v2\/posts\/85322\/revisions\/85324"}],"wp:featuredmedia":[{"embeddable":true,"href":"https:\/\/www.tennispassionzone.com\/it\/wp-json\/wp\/v2\/media\/85323"}],"wp:attachment":[{"href":"https:\/\/www.tennispassionzone.com\/it\/wp-json\/wp\/v2\/media?parent=85322"}],"wp:term":[{"taxonomy":"category","embeddable":true,"href":"https:\/\/www.tennispassionzone.com\/it\/wp-json\/wp\/v2\/categories?post=85322"},{"taxonomy":"post_tag","embeddable":true,"href":"https:\/\/www.tennispassionzone.com\/it\/wp-json\/wp\/v2\/tags?post=85322"}],"curies":[{"name":"wp","href":"https:\/\/api.w.org\/{rel}","templated":true}]}}