{"id":85325,"date":"2026-08-11T09:56:41","date_gmt":"2026-08-11T07:56:41","guid":{"rendered":"https:\/\/www.tennispassionzone.com\/?p=85325"},"modified":"2026-08-11T09:56:45","modified_gmt":"2026-08-11T07:56:45","slug":"federer-a-sorpresa-al-circeo-allenamento-inatteso-sui-campi-della-zeppieri-tennis-team","status":"publish","type":"post","link":"https:\/\/www.tennispassionzone.com\/it\/notizie\/federer-a-sorpresa-al-circeo-allenamento-inatteso-sui-campi-della-zeppieri-tennis-team\/","title":{"rendered":"Federer a sorpresa al Circeo, allenamento inatteso sui campi della Zeppieri Tennis Team"},"content":{"rendered":"<p>Roger Federer \u00e8 tornato a impugnare la racchetta, anche se soltanto per qualche ora e lontano dai palcoscenici del tennis professionistico. L&#8217;ex numero uno al mondo \u00e8 stato avvistato sui campi della Zeppieri Tennis Team, struttura situata tra San Felice Circeo e Terracina, dove ha svolto una sessione di allenamento.<\/p>\n<p>La presenza dello svizzero ha sorpreso gli appassionati della zona. Federer, infatti, era atteso in Croazia per un periodo di vacanza, ma ha scelto di trascorrere una giornata sui campi della struttura gestita da Fabrizio Zeppieri.<\/p>\n<h2>Federer torna a giocare al Circeo<\/h2>\n<p>Dopo il ritiro dal tennis professionistico, Federer ha continuato a mantenere un rapporto stretto con il mondo della racchetta. Questa volta, per\u00f2, la sua apparizione \u00e8 arrivata lontano dai grandi tornei e senza alcun impegno ufficiale.<\/p>\n<p>L&#8217;ex campione svizzero ha partecipato a una sessione di allenamento in un contesto privato e informale. A ospitarlo \u00e8 stata la Zeppieri Tennis Team, realt\u00e0 conosciuta anche per l&#8217;attivit\u00e0 di Fabrizio Zeppieri, coach e allenatore del giovane talento italiano Vasami.<\/p>\n<p>La giornata ha cos\u00ec riportato Federer sul campo, questa volta senza classifiche, trofei o obiettivi agonistici. Soltanto la possibilit\u00e0 di giocare qualche scambio e trascorrere del tempo in un ambiente lontano dai riflettori del circuito.<\/p>\n<h2>Le immagini dell&#8217;ex numero uno<\/h2>\n<p>La visita non \u00e8 per\u00f2 rimasta completamente lontana dall&#8217;attenzione del pubblico. Alcune fotografie hanno immortalato Federer insieme a Fabrizio Zeppieri, alla moglie e ai figli del coach.<\/p>\n<p>Gli scatti hanno rapidamente fatto il giro degli appassionati, trasformando una semplice sessione di tennis in una presenza destinata a lasciare il segno sul territorio. D&#8217;altra parte, anche dopo il ritiro, basta la comparsa di Federer con una racchetta in mano per attirare l&#8217;attenzione.<\/p>\n<p>Il campione svizzero ha quindi regalato un&#8217;apparizione particolare agli appassionati del Circeo, tornando per qualche ora a fare ci\u00f2 che ha accompagnato gran parte della sua vita: giocare a tennis.<\/p>\n","protected":false},"excerpt":{"rendered":"<p>Lontano dai riflettori, Roger Federer torna in campo per un allenamento a sorpresa in Italia. Lo svizzero ha scelto il Circeo e la Zeppieri Tennis Team per impugnare di nuovo la racchetta.<\/p>\n","protected":false},"author":19,"featured_media":85326,"comment_status":"closed","ping_status":"open","sticky":false,"template":"","format":"standard","meta":{"_overwrite_by_ai":false,"footnotes":""},"categories":[5052,5034,5022],"tags":[],"class_list":["post-85325","post","type-post","status-publish","format-standard","has-post-thumbnail","hentry","category-allenamento","category-leggende","category-notizie"],"acf":[],"yoast_head":"<!-- This site is optimized with the Yoast SEO plugin v26.8 - https:\/\/yoast.com\/product\/yoast-seo-wordpress\/ -->\n<title>Federer si allena a sorpresa al Circeo con Zeppieri<\/title>\n<meta name=\"description\" content=\"Roger Federer torna in campo per un allenamento a sorpresa al Circeo, ospite della Zeppieri Tennis Team. Un evento inatteso per il campione svizzero.\" \/>\n<meta name=\"robots\" content=\"index, follow, max-snippet:-1, max-image-preview:large, max-video-preview:-1\" \/>\n<link rel=\"canonical\" href=\"https:\/\/www.tennispassionzone.com\/it\/notizie\/federer-a-sorpresa-al-circeo-allenamento-inatteso-sui-campi-della-zeppieri-tennis-team\/\" \/>\n<meta property=\"og:locale\" content=\"it_IT\" \/>\n<meta property=\"og:type\" content=\"article\" \/>\n<meta property=\"og:title\" content=\"Federer si allena a sorpresa al Circeo con Zeppieri\" \/>\n<meta property=\"og:description\" content=\"Roger Federer torna in campo per un allenamento a sorpresa al Circeo, ospite della Zeppieri Tennis Team. Un evento inatteso per il campione svizzero.\" \/>\n<meta property=\"og:url\" content=\"https:\/\/www.tennispassionzone.com\/it\/notizie\/federer-a-sorpresa-al-circeo-allenamento-inatteso-sui-campi-della-zeppieri-tennis-team\/\" \/>\n<meta property=\"og:site_name\" content=\"Tennis Passion Zone\" \/>\n<meta property=\"article:published_time\" content=\"2026-08-11T07:56:41+00:00\" \/>\n<meta property=\"article:modified_time\" content=\"2026-08-11T07:56:45+00:00\" \/>\n<meta property=\"og:image\" content=\"https:\/\/www.tennispassionzone.com\/wp-content\/uploads\/2026\/08\/GettyImages-sb10065343n-001-5-scaled.jpg?v=1786399989\" \/>\n\t<meta property=\"og:image:width\" content=\"2560\" \/>\n\t<meta property=\"og:image:height\" content=\"1706\" \/>\n\t<meta property=\"og:image:type\" content=\"image\/jpeg\" \/>\n<meta name=\"author\" content=\"Cosimo Albano\" \/>\n<meta name=\"twitter:card\" content=\"summary_large_image\" \/>\n<meta name=\"twitter:label1\" content=\"Scritto da\" \/>\n\t<meta name=\"twitter:data1\" content=\"Cosimo Albano\" \/>\n\t<meta name=\"twitter:label2\" content=\"Tempo di lettura stimato\" \/>\n\t<meta name=\"twitter:data2\" content=\"2 minuti\" \/>\n<script type=\"application\/ld+json\" class=\"yoast-schema-graph\">{\"@context\":\"https:\/\/schema.org\",\"@graph\":[{\"@type\":\"Article\",\"@id\":\"https:\/\/www.tennispassionzone.com\/it\/notizie\/federer-a-sorpresa-al-circeo-allenamento-inatteso-sui-campi-della-zeppieri-tennis-team\/#article\",\"isPartOf\":{\"@id\":\"https:\/\/www.tennispassionzone.com\/it\/notizie\/federer-a-sorpresa-al-circeo-allenamento-inatteso-sui-campi-della-zeppieri-tennis-team\/\"},\"author\":{\"name\":\"Cosimo Albano\",\"@id\":\"https:\/\/www.tennispassionzone.com\/it\/#\/schema\/person\/b11dbe6823422d3fd9a091fea2bec8e6\"},\"headline\":\"Federer a sorpresa al Circeo, allenamento inatteso sui campi della Zeppieri Tennis Team\",\"datePublished\":\"2026-08-11T07:56:41+00:00\",\"dateModified\":\"2026-08-11T07:56:45+00:00\",\"mainEntityOfPage\":{\"@id\":\"https:\/\/www.tennispassionzone.com\/it\/notizie\/federer-a-sorpresa-al-circeo-allenamento-inatteso-sui-campi-della-zeppieri-tennis-team\/\"},\"wordCount\":325,\"publisher\":{\"@id\":\"https:\/\/www.tennispassionzone.com\/it\/#organization\"},\"image\":{\"@id\":\"https:\/\/www.tennispassionzone.com\/it\/notizie\/federer-a-sorpresa-al-circeo-allenamento-inatteso-sui-campi-della-zeppieri-tennis-team\/#primaryimage\"},\"thumbnailUrl\":\"https:\/\/www.tennispassionzone.com\/wp-content\/uploads\/2026\/08\/GettyImages-sb10065343n-001-5-scaled.jpg?v=1786399989\",\"articleSection\":[\"Allenamento\",\"Leggende\",\"Notizie\"],\"inLanguage\":\"it-IT\"},{\"@type\":\"WebPage\",\"@id\":\"https:\/\/www.tennispassionzone.com\/it\/notizie\/federer-a-sorpresa-al-circeo-allenamento-inatteso-sui-campi-della-zeppieri-tennis-team\/\",\"url\":\"https:\/\/www.tennispassionzone.com\/it\/notizie\/federer-a-sorpresa-al-circeo-allenamento-inatteso-sui-campi-della-zeppieri-tennis-team\/\",\"name\":\"Federer si allena a sorpresa al Circeo con Zeppieri\",\"isPartOf\":{\"@id\":\"https:\/\/www.tennispassionzone.com\/it\/#website\"},\"primaryImageOfPage\":{\"@id\":\"https:\/\/www.tennispassionzone.com\/it\/notizie\/federer-a-sorpresa-al-circeo-allenamento-inatteso-sui-campi-della-zeppieri-tennis-team\/#primaryimage\"},\"image\":{\"@id\":\"https:\/\/www.tennispassionzone.com\/it\/notizie\/federer-a-sorpresa-al-circeo-allenamento-inatteso-sui-campi-della-zeppieri-tennis-team\/#primaryimage\"},\"thumbnailUrl\":\"https:\/\/www.tennispassionzone.com\/wp-content\/uploads\/2026\/08\/GettyImages-sb10065343n-001-5-scaled.jpg?v=1786399989\",\"datePublished\":\"2026-08-11T07:56:41+00:00\",\"dateModified\":\"2026-08-11T07:56:45+00:00\",\"description\":\"Roger Federer torna in campo per un allenamento a sorpresa al Circeo, ospite della Zeppieri Tennis Team. Un evento inatteso per il campione svizzero.\",\"breadcrumb\":{\"@id\":\"https:\/\/www.tennispassionzone.com\/it\/notizie\/federer-a-sorpresa-al-circeo-allenamento-inatteso-sui-campi-della-zeppieri-tennis-team\/#breadcrumb\"},\"inLanguage\":\"it-IT\",\"potentialAction\":[{\"@type\":\"ReadAction\",\"target\":[\"https:\/\/www.tennispassionzone.com\/it\/notizie\/federer-a-sorpresa-al-circeo-allenamento-inatteso-sui-campi-della-zeppieri-tennis-team\/\"]}]},{\"@type\":\"ImageObject\",\"inLanguage\":\"it-IT\",\"@id\":\"https:\/\/www.tennispassionzone.com\/it\/notizie\/federer-a-sorpresa-al-circeo-allenamento-inatteso-sui-campi-della-zeppieri-tennis-team\/#primaryimage\",\"url\":\"https:\/\/www.tennispassionzone.com\/wp-content\/uploads\/2026\/08\/GettyImages-sb10065343n-001-5-scaled.jpg?v=1786399989\",\"contentUrl\":\"https:\/\/www.tennispassionzone.com\/wp-content\/uploads\/2026\/08\/GettyImages-sb10065343n-001-5-scaled.jpg?v=1786399989\",\"width\":2560,\"height\":1706},{\"@type\":\"BreadcrumbList\",\"@id\":\"https:\/\/www.tennispassionzone.com\/it\/notizie\/federer-a-sorpresa-al-circeo-allenamento-inatteso-sui-campi-della-zeppieri-tennis-team\/#breadcrumb\",\"itemListElement\":[{\"@type\":\"ListItem\",\"position\":1,\"name\":\"Home\",\"item\":\"https:\/\/www.tennispassionzone.com\/it\/\"},{\"@type\":\"ListItem\",\"position\":2,\"name\":\"Notizie\",\"item\":\"https:\/\/www.tennispassionzone.com\/it\/notizie\/\"},{\"@type\":\"ListItem\",\"position\":3,\"name\":\"Federer a sorpresa al Circeo, allenamento inatteso sui campi della Zeppieri Tennis Team\"}]},{\"@type\":\"WebSite\",\"@id\":\"https:\/\/www.tennispassionzone.com\/it\/#website\",\"url\":\"https:\/\/www.tennispassionzone.com\/it\/\",\"name\":\"Tennis Passion Zone\",\"description\":\"\",\"publisher\":{\"@id\":\"https:\/\/www.tennispassionzone.com\/it\/#organization\"},\"potentialAction\":[{\"@type\":\"SearchAction\",\"target\":{\"@type\":\"EntryPoint\",\"urlTemplate\":\"https:\/\/www.tennispassionzone.com\/it\/?s={search_term_string}\"},\"query-input\":{\"@type\":\"PropertyValueSpecification\",\"valueRequired\":true,\"valueName\":\"search_term_string\"}}],\"inLanguage\":\"it-IT\"},{\"@type\":\"Organization\",\"@id\":\"https:\/\/www.tennispassionzone.com\/it\/#organization\",\"name\":\"Tennis Passion Zone\",\"url\":\"https:\/\/www.tennispassionzone.com\/it\/\",\"logo\":{\"@type\":\"ImageObject\",\"inLanguage\":\"it-IT\",\"@id\":\"https:\/\/www.tennispassionzone.com\/it\/#\/schema\/logo\/image\/\",\"url\":\"https:\/\/www.tennispassionzone.com\/wp-content\/uploads\/2025\/12\/Logo_tennis_passion-zone.png?v=1764615384\",\"contentUrl\":\"https:\/\/www.tennispassionzone.com\/wp-content\/uploads\/2025\/12\/Logo_tennis_passion-zone.png?v=1764615384\",\"width\":450,\"height\":225,\"caption\":\"Tennis Passion Zone\"},\"image\":{\"@id\":\"https:\/\/www.tennispassionzone.com\/it\/#\/schema\/logo\/image\/\"}},{\"@type\":\"Person\",\"@id\":\"https:\/\/www.tennispassionzone.com\/it\/#\/schema\/person\/b11dbe6823422d3fd9a091fea2bec8e6\",\"name\":\"Cosimo Albano\",\"image\":{\"@type\":\"ImageObject\",\"inLanguage\":\"it-IT\",\"@id\":\"https:\/\/www.tennispassionzone.com\/it\/#\/schema\/person\/image\/\",\"url\":\"https:\/\/secure.gravatar.com\/avatar\/8ddf925735e24fbbdda897f977c3da31f9fe50c92a434c20957756bc7b9541e6?s=96&d=mm&r=g\",\"contentUrl\":\"https:\/\/secure.gravatar.com\/avatar\/8ddf925735e24fbbdda897f977c3da31f9fe50c92a434c20957756bc7b9541e6?s=96&d=mm&r=g\",\"caption\":\"Cosimo Albano\"},\"description\":\"Appassionato di calcio e fantacalcio da oltre venticinque anni, segue ogni stagione con lo stesso entusiasmo degli esordi. Da sempre interessato a statistiche, analisi e storie del mondo dello sport, scrive e revisiona articoli e testi editoriali, con particolare attenzione all\u2019accuratezza delle informazioni e alla qualit\u00e0 dei contenuti.\",\"url\":\"https:\/\/www.tennispassionzone.com\/it\/author\/cosimo-albano\/\"}]}<\/script>\n<!-- \/ Yoast SEO plugin. -->","yoast_head_json":{"title":"Federer si allena a sorpresa al Circeo con Zeppieri","description":"Roger Federer torna in campo per un allenamento a sorpresa al Circeo, ospite della Zeppieri Tennis Team. Un evento inatteso per il campione svizzero.","robots":{"index":"index","follow":"follow","max-snippet":"max-snippet:-1","max-image-preview":"max-image-preview:large","max-video-preview":"max-video-preview:-1"},"canonical":"https:\/\/www.tennispassionzone.com\/it\/notizie\/federer-a-sorpresa-al-circeo-allenamento-inatteso-sui-campi-della-zeppieri-tennis-team\/","og_locale":"it_IT","og_type":"article","og_title":"Federer si allena a sorpresa al Circeo con Zeppieri","og_description":"Roger Federer torna in campo per un allenamento a sorpresa al Circeo, ospite della Zeppieri Tennis Team. Un evento inatteso per il campione svizzero.","og_url":"https:\/\/www.tennispassionzone.com\/it\/notizie\/federer-a-sorpresa-al-circeo-allenamento-inatteso-sui-campi-della-zeppieri-tennis-team\/","og_site_name":"Tennis Passion Zone","article_published_time":"2026-08-11T07:56:41+00:00","article_modified_time":"2026-08-11T07:56:45+00:00","og_image":[{"width":2560,"height":1706,"url":"https:\/\/www.tennispassionzone.com\/wp-content\/uploads\/2026\/08\/GettyImages-sb10065343n-001-5-scaled.jpg?v=1786399989","type":"image\/jpeg"}],"author":"Cosimo Albano","twitter_card":"summary_large_image","twitter_misc":{"Scritto da":"Cosimo Albano","Tempo di lettura stimato":"2 minuti"},"schema":{"@context":"https:\/\/schema.org","@graph":[{"@type":"Article","@id":"https:\/\/www.tennispassionzone.com\/it\/notizie\/federer-a-sorpresa-al-circeo-allenamento-inatteso-sui-campi-della-zeppieri-tennis-team\/#article","isPartOf":{"@id":"https:\/\/www.tennispassionzone.com\/it\/notizie\/federer-a-sorpresa-al-circeo-allenamento-inatteso-sui-campi-della-zeppieri-tennis-team\/"},"author":{"name":"Cosimo Albano","@id":"https:\/\/www.tennispassionzone.com\/it\/#\/schema\/person\/b11dbe6823422d3fd9a091fea2bec8e6"},"headline":"Federer a sorpresa al Circeo, allenamento inatteso sui campi della Zeppieri Tennis Team","datePublished":"2026-08-11T07:56:41+00:00","dateModified":"2026-08-11T07:56:45+00:00","mainEntityOfPage":{"@id":"https:\/\/www.tennispassionzone.com\/it\/notizie\/federer-a-sorpresa-al-circeo-allenamento-inatteso-sui-campi-della-zeppieri-tennis-team\/"},"wordCount":325,"publisher":{"@id":"https:\/\/www.tennispassionzone.com\/it\/#organization"},"image":{"@id":"https:\/\/www.tennispassionzone.com\/it\/notizie\/federer-a-sorpresa-al-circeo-allenamento-inatteso-sui-campi-della-zeppieri-tennis-team\/#primaryimage"},"thumbnailUrl":"https:\/\/www.tennispassionzone.com\/wp-content\/uploads\/2026\/08\/GettyImages-sb10065343n-001-5-scaled.jpg?v=1786399989","articleSection":["Allenamento","Leggende","Notizie"],"inLanguage":"it-IT"},{"@type":"WebPage","@id":"https:\/\/www.tennispassionzone.com\/it\/notizie\/federer-a-sorpresa-al-circeo-allenamento-inatteso-sui-campi-della-zeppieri-tennis-team\/","url":"https:\/\/www.tennispassionzone.com\/it\/notizie\/federer-a-sorpresa-al-circeo-allenamento-inatteso-sui-campi-della-zeppieri-tennis-team\/","name":"Federer si allena a sorpresa al Circeo con Zeppieri","isPartOf":{"@id":"https:\/\/www.tennispassionzone.com\/it\/#website"},"primaryImageOfPage":{"@id":"https:\/\/www.tennispassionzone.com\/it\/notizie\/federer-a-sorpresa-al-circeo-allenamento-inatteso-sui-campi-della-zeppieri-tennis-team\/#primaryimage"},"image":{"@id":"https:\/\/www.tennispassionzone.com\/it\/notizie\/federer-a-sorpresa-al-circeo-allenamento-inatteso-sui-campi-della-zeppieri-tennis-team\/#primaryimage"},"thumbnailUrl":"https:\/\/www.tennispassionzone.com\/wp-content\/uploads\/2026\/08\/GettyImages-sb10065343n-001-5-scaled.jpg?v=1786399989","datePublished":"2026-08-11T07:56:41+00:00","dateModified":"2026-08-11T07:56:45+00:00","description":"Roger Federer torna in campo per un allenamento a sorpresa al Circeo, ospite della Zeppieri Tennis Team. Un evento inatteso per il campione svizzero.","breadcrumb":{"@id":"https:\/\/www.tennispassionzone.com\/it\/notizie\/federer-a-sorpresa-al-circeo-allenamento-inatteso-sui-campi-della-zeppieri-tennis-team\/#breadcrumb"},"inLanguage":"it-IT","potentialAction":[{"@type":"ReadAction","target":["https:\/\/www.tennispassionzone.com\/it\/notizie\/federer-a-sorpresa-al-circeo-allenamento-inatteso-sui-campi-della-zeppieri-tennis-team\/"]}]},{"@type":"ImageObject","inLanguage":"it-IT","@id":"https:\/\/www.tennispassionzone.com\/it\/notizie\/federer-a-sorpresa-al-circeo-allenamento-inatteso-sui-campi-della-zeppieri-tennis-team\/#primaryimage","url":"https:\/\/www.tennispassionzone.com\/wp-content\/uploads\/2026\/08\/GettyImages-sb10065343n-001-5-scaled.jpg?v=1786399989","contentUrl":"https:\/\/www.tennispassionzone.com\/wp-content\/uploads\/2026\/08\/GettyImages-sb10065343n-001-5-scaled.jpg?v=1786399989","width":2560,"height":1706},{"@type":"BreadcrumbList","@id":"https:\/\/www.tennispassionzone.com\/it\/notizie\/federer-a-sorpresa-al-circeo-allenamento-inatteso-sui-campi-della-zeppieri-tennis-team\/#breadcrumb","itemListElement":[{"@type":"ListItem","position":1,"name":"Home","item":"https:\/\/www.tennispassionzone.com\/it\/"},{"@type":"ListItem","position":2,"name":"Notizie","item":"https:\/\/www.tennispassionzone.com\/it\/notizie\/"},{"@type":"ListItem","position":3,"name":"Federer a sorpresa al Circeo, allenamento inatteso sui campi della Zeppieri Tennis Team"}]},{"@type":"WebSite","@id":"https:\/\/www.tennispassionzone.com\/it\/#website","url":"https:\/\/www.tennispassionzone.com\/it\/","name":"Tennis Passion Zone","description":"","publisher":{"@id":"https:\/\/www.tennispassionzone.com\/it\/#organization"},"potentialAction":[{"@type":"SearchAction","target":{"@type":"EntryPoint","urlTemplate":"https:\/\/www.tennispassionzone.com\/it\/?s={search_term_string}"},"query-input":{"@type":"PropertyValueSpecification","valueRequired":true,"valueName":"search_term_string"}}],"inLanguage":"it-IT"},{"@type":"Organization","@id":"https:\/\/www.tennispassionzone.com\/it\/#organization","name":"Tennis Passion Zone","url":"https:\/\/www.tennispassionzone.com\/it\/","logo":{"@type":"ImageObject","inLanguage":"it-IT","@id":"https:\/\/www.tennispassionzone.com\/it\/#\/schema\/logo\/image\/","url":"https:\/\/www.tennispassionzone.com\/wp-content\/uploads\/2025\/12\/Logo_tennis_passion-zone.png?v=1764615384","contentUrl":"https:\/\/www.tennispassionzone.com\/wp-content\/uploads\/2025\/12\/Logo_tennis_passion-zone.png?v=1764615384","width":450,"height":225,"caption":"Tennis Passion Zone"},"image":{"@id":"https:\/\/www.tennispassionzone.com\/it\/#\/schema\/logo\/image\/"}},{"@type":"Person","@id":"https:\/\/www.tennispassionzone.com\/it\/#\/schema\/person\/b11dbe6823422d3fd9a091fea2bec8e6","name":"Cosimo Albano","image":{"@type":"ImageObject","inLanguage":"it-IT","@id":"https:\/\/www.tennispassionzone.com\/it\/#\/schema\/person\/image\/","url":"https:\/\/secure.gravatar.com\/avatar\/8ddf925735e24fbbdda897f977c3da31f9fe50c92a434c20957756bc7b9541e6?s=96&d=mm&r=g","contentUrl":"https:\/\/secure.gravatar.com\/avatar\/8ddf925735e24fbbdda897f977c3da31f9fe50c92a434c20957756bc7b9541e6?s=96&d=mm&r=g","caption":"Cosimo Albano"},"description":"Appassionato di calcio e fantacalcio da oltre venticinque anni, segue ogni stagione con lo stesso entusiasmo degli esordi. Da sempre interessato a statistiche, analisi e storie del mondo dello sport, scrive e revisiona articoli e testi editoriali, con particolare attenzione all\u2019accuratezza delle informazioni e alla qualit\u00e0 dei contenuti.","url":"https:\/\/www.tennispassionzone.com\/it\/author\/cosimo-albano\/"}]}},"_links":{"self":[{"href":"https:\/\/www.tennispassionzone.com\/it\/wp-json\/wp\/v2\/posts\/85325","targetHints":{"allow":["GET"]}}],"collection":[{"href":"https:\/\/www.tennispassionzone.com\/it\/wp-json\/wp\/v2\/posts"}],"about":[{"href":"https:\/\/www.tennispassionzone.com\/it\/wp-json\/wp\/v2\/types\/post"}],"author":[{"embeddable":true,"href":"https:\/\/www.tennispassionzone.com\/it\/wp-json\/wp\/v2\/users\/19"}],"replies":[{"embeddable":true,"href":"https:\/\/www.tennispassionzone.com\/it\/wp-json\/wp\/v2\/comments?post=85325"}],"version-history":[{"count":1,"href":"https:\/\/www.tennispassionzone.com\/it\/wp-json\/wp\/v2\/posts\/85325\/revisions"}],"predecessor-version":[{"id":85331,"href":"https:\/\/www.tennispassionzone.com\/it\/wp-json\/wp\/v2\/posts\/85325\/revisions\/85331"}],"wp:featuredmedia":[{"embeddable":true,"href":"https:\/\/www.tennispassionzone.com\/it\/wp-json\/wp\/v2\/media\/85326"}],"wp:attachment":[{"href":"https:\/\/www.tennispassionzone.com\/it\/wp-json\/wp\/v2\/media?parent=85325"}],"wp:term":[{"taxonomy":"category","embeddable":true,"href":"https:\/\/www.tennispassionzone.com\/it\/wp-json\/wp\/v2\/categories?post=85325"},{"taxonomy":"post_tag","embeddable":true,"href":"https:\/\/www.tennispassionzone.com\/it\/wp-json\/wp\/v2\/tags?post=85325"}],"curies":[{"name":"wp","href":"https:\/\/api.w.org\/{rel}","templated":true}]}}