{"id":85540,"date":"2026-08-18T12:16:00","date_gmt":"2026-08-18T10:16:00","guid":{"rendered":"https:\/\/www.tennispassionzone.com\/?p=85540"},"modified":"2026-08-18T09:26:11","modified_gmt":"2026-08-18T07:26:11","slug":"coppa-davis-zverev-shelton-e-jodar-tra-i-protagonisti-italia-gia-in-finale-tutti-i-convocati","status":"publish","type":"post","link":"https:\/\/www.tennispassionzone.com\/it\/coppa-davis\/coppa-davis-zverev-shelton-e-jodar-tra-i-protagonisti-italia-gia-in-finale-tutti-i-convocati\/","title":{"rendered":"Coppa Davis: Zverev, Shelton e Jodar tra i protagonisti, Italia gi\u00e0 in finale. Tutti i convocati"},"content":{"rendered":"\n<p>Il secondo turno delle Qualifiers di Coppa Davis si disputer\u00e0 dal 18 al 20 settembre e metter\u00e0 in palio sette posti per le Finals di Bologna. Tra i protagonisti ci saranno Alexander Zverev, Felix Auger-Aliassime, Ben Shelton e Taylor Fritz, mentre la Spagna si presenter\u00e0 con il giovane Rafael Jodar.<\/p>\n\n\n\n<h2 class=\"wp-block-heading\">Germania-Croazia, Zverev sfida Cilic<\/h2>\n\n\n\n<p>Alexander Zverev guider\u00e0 la Germania nel confronto con la Croazia a Halle, sul cemento indoor. Con lui ci saranno Yannick Hanfmann, Kevin Krawietz e Tim Puetz.<\/p>\n\n\n\n<p>La Croazia risponder\u00e0 con il veterano Marin Cilic, affiancato da Dino Prizmic, Mate Pavic e Nikola Mektic. La Germania conduce 3-1 nei precedenti.<\/p>\n\n\n\n<h2 class=\"wp-block-heading\">Canada-Francia, Auger-Aliassime contro Fils<\/h2>\n\n\n\n<p>Il Canada di Felix Auger-Aliassime affronter\u00e0 la Francia a Qu\u00e9bec City. Il numero 4 del mondo sar\u00e0 accompagnato da Gabriel Diallo, Liam Draxl e Duncan Chan.<\/p>\n\n\n\n<p>La formazione francese comprender\u00e0 Arthur Fils, Arthur Rinderknech, Quentin Halys e Pierre-Hugues Herbert. La Francia ha vinto tutti e tre i precedenti confronti.<\/p>\n\n\n\n<h3 class=\"wp-block-heading\">Repubblica Ceca-Stati Uniti, in campo Shelton e Fritz<\/h3>\n\n\n\n<p>A Praga andr\u00e0 in scena la sfida tra Repubblica Ceca e Stati Uniti. Gli americani potranno contare su Ben Shelton, Taylor Fritz, Tommy Paul e Christian Harrison.<\/p>\n\n\n\n<p>La squadra ceca sar\u00e0 invece composta da Jiri Lehecka, Jakub Mensik, Tomas Machac, Vit Kopriva e Patrik Rikl. Gli Stati Uniti sono avanti 5-2 nei precedenti.<\/p>\n\n\n\n<h2 class=\"wp-block-heading\">Spagna, Jodar guida la squadra contro il Cile<\/h2>\n\n\n\n<p>La Spagna sar\u00e0 impegnata in trasferta contro il Cile sulla terra battuta di Santiago. La formazione guidata da David Ferrer comprende Rafael Jodar, Daniel Merida, Jaume Munar, Mart\u00edn Landaluce e Pedro Martinez.<\/p>\n\n\n\n<p>Il Cile schierer\u00e0 Alejandro Tabilo, Cristian Garin, Tomas Barrios Vera e Matias Soto. La Spagna ha vinto entrambi i precedenti.<\/p>\n\n\n\n<h2 class=\"wp-block-heading\">Gli altri confronti<\/h2>\n\n\n\n<p>La Gran Bretagna affronter\u00e0 l&#8217;Ecuador alla Copper Box Arena di Londra. I britannici saranno rappresentati da Cameron Norrie, Arthur Fery, Henry Patten e Lloyd Glasspool, mentre l&#8217;Ecuador schierer\u00e0 Andres Andrade, Alvaro Guillen Meza, Angel Veliz, Gonzalo Escobar e Diego Hidalgo.<\/p>\n\n\n\n<p>A Vienna l&#8217;Austria sfider\u00e0 il Belgio sulla terra battuta. Jurij Rodionov, Joel Schwaerzler, Lukas Neumayer e Lucas Miedler comporranno la squadra austriaca, mentre il Belgio risponder\u00e0 con Alexander Blockx, Zizou Bergs, Raphael Collignon, Sander Gille e Joran Vliegen.<\/p>\n\n\n\n<p>In Corea del Sud-India, in programma a Seoul, i padroni di casa potranno contare su Kwon Soonwoo, Chung Hyeon, Park Uisung, Nam Jisung e Hong Seongchan. L&#8217;India schierer\u00e0 invece Sumit Nagal, Manas Dhamne, Dhakshineswar Suresh, Yuki Bhambri e N. Sriram Balaji.<\/p>\n\n\n\n<h2 class=\"wp-block-heading\">Le Finals di Bologna<\/h2>\n\n\n\n<p>Le sette squadre vincitrici del secondo turno raggiungeranno l&#8217;Italia, campione del mondo in carica, alle Final 8 di Coppa Davis in programma a Bologna a novembre.<\/p>\n","protected":false},"excerpt":{"rendered":"<p>Il secondo turno delle Qualifiers di Coppa Davis si disputer\u00e0 dal 18 al 20 settembre e metter\u00e0 in palio sette posti per le Finals di Bologna. Tra i protagonisti ci saranno Alexander Zverev, Felix Auger-Aliassime, Ben Shelton e Taylor Fritz, mentre la Spagna si presenter\u00e0 con il giovane Rafael Jodar. Germania-Croazia, Zverev sfida Cilic Alexander [&hellip;]<\/p>\n","protected":false},"author":22,"featured_media":85479,"comment_status":"closed","ping_status":"open","sticky":false,"template":"","format":"standard","meta":{"_overwrite_by_ai":false,"footnotes":""},"categories":[5041,5032,5022],"tags":[],"class_list":["post-85540","post","type-post","status-publish","format-standard","has-post-thumbnail","hentry","category-coppa-davis","category-giocatori","category-notizie"],"acf":[],"yoast_head":"<!-- This site is optimized with the Yoast SEO plugin v26.8 - https:\/\/yoast.com\/product\/yoast-seo-wordpress\/ -->\n<title>Coppa Davis: Zverev, Shelton e Jodar tra i protagonisti, Italia gi\u00e0 in finale. Tutti i convocati - Tennis Passion Zone<\/title>\n<meta name=\"robots\" content=\"index, follow, max-snippet:-1, max-image-preview:large, max-video-preview:-1\" \/>\n<link rel=\"canonical\" href=\"https:\/\/www.tennispassionzone.com\/it\/coppa-davis\/coppa-davis-zverev-shelton-e-jodar-tra-i-protagonisti-italia-gia-in-finale-tutti-i-convocati\/\" \/>\n<meta property=\"og:locale\" content=\"it_IT\" \/>\n<meta property=\"og:type\" content=\"article\" \/>\n<meta property=\"og:title\" content=\"Coppa Davis: Zverev, Shelton e Jodar tra i protagonisti, Italia gi\u00e0 in finale. Tutti i convocati - Tennis Passion Zone\" \/>\n<meta property=\"og:description\" content=\"Il secondo turno delle Qualifiers di Coppa Davis si disputer\u00e0 dal 18 al 20 settembre e metter\u00e0 in palio sette posti per le Finals di Bologna. Tra i protagonisti ci saranno Alexander Zverev, Felix Auger-Aliassime, Ben Shelton e Taylor Fritz, mentre la Spagna si presenter\u00e0 con il giovane Rafael Jodar. Germania-Croazia, Zverev sfida Cilic Alexander [&hellip;]\" \/>\n<meta property=\"og:url\" content=\"https:\/\/www.tennispassionzone.com\/it\/coppa-davis\/coppa-davis-zverev-shelton-e-jodar-tra-i-protagonisti-italia-gia-in-finale-tutti-i-convocati\/\" \/>\n<meta property=\"og:site_name\" content=\"Tennis Passion Zone\" \/>\n<meta property=\"article:published_time\" content=\"2026-08-18T10:16:00+00:00\" \/>\n<meta property=\"og:image\" content=\"https:\/\/www.tennispassionzone.com\/wp-content\/uploads\/2026\/08\/rome-italy-alexander-zverev-of-germany-serves-against-luciano-darderi-of-italy-in-their-round.jpg?v=1786882409\" \/>\n\t<meta property=\"og:image:width\" content=\"2048\" \/>\n\t<meta property=\"og:image:height\" content=\"1365\" \/>\n\t<meta property=\"og:image:type\" content=\"image\/jpeg\" \/>\n<meta name=\"author\" content=\"Gabriele Rossi\" \/>\n<meta name=\"twitter:card\" content=\"summary_large_image\" \/>\n<meta name=\"twitter:label1\" content=\"Scritto da\" \/>\n\t<meta name=\"twitter:data1\" content=\"Gabriele Rossi\" \/>\n\t<meta name=\"twitter:label2\" content=\"Tempo di lettura stimato\" \/>\n\t<meta name=\"twitter:data2\" content=\"3 minuti\" \/>\n<script type=\"application\/ld+json\" class=\"yoast-schema-graph\">{\"@context\":\"https:\/\/schema.org\",\"@graph\":[{\"@type\":\"Article\",\"@id\":\"https:\/\/www.tennispassionzone.com\/it\/coppa-davis\/coppa-davis-zverev-shelton-e-jodar-tra-i-protagonisti-italia-gia-in-finale-tutti-i-convocati\/#article\",\"isPartOf\":{\"@id\":\"https:\/\/www.tennispassionzone.com\/it\/coppa-davis\/coppa-davis-zverev-shelton-e-jodar-tra-i-protagonisti-italia-gia-in-finale-tutti-i-convocati\/\"},\"author\":{\"name\":\"Gabriele Rossi\",\"@id\":\"https:\/\/www.tennispassionzone.com\/it\/#\/schema\/person\/b9c262bd9834410177e11e301758b2a4\"},\"headline\":\"Coppa Davis: Zverev, Shelton e Jodar tra i protagonisti, Italia gi\u00e0 in finale. Tutti i convocati\",\"datePublished\":\"2026-08-18T10:16:00+00:00\",\"mainEntityOfPage\":{\"@id\":\"https:\/\/www.tennispassionzone.com\/it\/coppa-davis\/coppa-davis-zverev-shelton-e-jodar-tra-i-protagonisti-italia-gia-in-finale-tutti-i-convocati\/\"},\"wordCount\":448,\"publisher\":{\"@id\":\"https:\/\/www.tennispassionzone.com\/it\/#organization\"},\"image\":{\"@id\":\"https:\/\/www.tennispassionzone.com\/it\/coppa-davis\/coppa-davis-zverev-shelton-e-jodar-tra-i-protagonisti-italia-gia-in-finale-tutti-i-convocati\/#primaryimage\"},\"thumbnailUrl\":\"https:\/\/www.tennispassionzone.com\/wp-content\/uploads\/2026\/08\/rome-italy-alexander-zverev-of-germany-serves-against-luciano-darderi-of-italy-in-their-round.jpg?v=1786882409\",\"articleSection\":[\"Coppa Davis\",\"Giocatori\",\"Notizie\"],\"inLanguage\":\"it-IT\"},{\"@type\":\"WebPage\",\"@id\":\"https:\/\/www.tennispassionzone.com\/it\/coppa-davis\/coppa-davis-zverev-shelton-e-jodar-tra-i-protagonisti-italia-gia-in-finale-tutti-i-convocati\/\",\"url\":\"https:\/\/www.tennispassionzone.com\/it\/coppa-davis\/coppa-davis-zverev-shelton-e-jodar-tra-i-protagonisti-italia-gia-in-finale-tutti-i-convocati\/\",\"name\":\"Coppa Davis: Zverev, Shelton e Jodar tra i protagonisti, Italia gi\u00e0 in finale. Tutti i convocati - Tennis Passion Zone\",\"isPartOf\":{\"@id\":\"https:\/\/www.tennispassionzone.com\/it\/#website\"},\"primaryImageOfPage\":{\"@id\":\"https:\/\/www.tennispassionzone.com\/it\/coppa-davis\/coppa-davis-zverev-shelton-e-jodar-tra-i-protagonisti-italia-gia-in-finale-tutti-i-convocati\/#primaryimage\"},\"image\":{\"@id\":\"https:\/\/www.tennispassionzone.com\/it\/coppa-davis\/coppa-davis-zverev-shelton-e-jodar-tra-i-protagonisti-italia-gia-in-finale-tutti-i-convocati\/#primaryimage\"},\"thumbnailUrl\":\"https:\/\/www.tennispassionzone.com\/wp-content\/uploads\/2026\/08\/rome-italy-alexander-zverev-of-germany-serves-against-luciano-darderi-of-italy-in-their-round.jpg?v=1786882409\",\"datePublished\":\"2026-08-18T10:16:00+00:00\",\"breadcrumb\":{\"@id\":\"https:\/\/www.tennispassionzone.com\/it\/coppa-davis\/coppa-davis-zverev-shelton-e-jodar-tra-i-protagonisti-italia-gia-in-finale-tutti-i-convocati\/#breadcrumb\"},\"inLanguage\":\"it-IT\",\"potentialAction\":[{\"@type\":\"ReadAction\",\"target\":[\"https:\/\/www.tennispassionzone.com\/it\/coppa-davis\/coppa-davis-zverev-shelton-e-jodar-tra-i-protagonisti-italia-gia-in-finale-tutti-i-convocati\/\"]}]},{\"@type\":\"ImageObject\",\"inLanguage\":\"it-IT\",\"@id\":\"https:\/\/www.tennispassionzone.com\/it\/coppa-davis\/coppa-davis-zverev-shelton-e-jodar-tra-i-protagonisti-italia-gia-in-finale-tutti-i-convocati\/#primaryimage\",\"url\":\"https:\/\/www.tennispassionzone.com\/wp-content\/uploads\/2026\/08\/rome-italy-alexander-zverev-of-germany-serves-against-luciano-darderi-of-italy-in-their-round.jpg?v=1786882409\",\"contentUrl\":\"https:\/\/www.tennispassionzone.com\/wp-content\/uploads\/2026\/08\/rome-italy-alexander-zverev-of-germany-serves-against-luciano-darderi-of-italy-in-their-round.jpg?v=1786882409\",\"width\":2048,\"height\":1365},{\"@type\":\"BreadcrumbList\",\"@id\":\"https:\/\/www.tennispassionzone.com\/it\/coppa-davis\/coppa-davis-zverev-shelton-e-jodar-tra-i-protagonisti-italia-gia-in-finale-tutti-i-convocati\/#breadcrumb\",\"itemListElement\":[{\"@type\":\"ListItem\",\"position\":1,\"name\":\"Home\",\"item\":\"https:\/\/www.tennispassionzone.com\/it\/\"},{\"@type\":\"ListItem\",\"position\":2,\"name\":\"Coppa Davis\",\"item\":\"https:\/\/www.tennispassionzone.com\/it\/coppa-davis\/\"},{\"@type\":\"ListItem\",\"position\":3,\"name\":\"Coppa Davis: Zverev, Shelton e Jodar tra i protagonisti, Italia gi\u00e0 in finale. Tutti i convocati\"}]},{\"@type\":\"WebSite\",\"@id\":\"https:\/\/www.tennispassionzone.com\/it\/#website\",\"url\":\"https:\/\/www.tennispassionzone.com\/it\/\",\"name\":\"Tennis Passion Zone\",\"description\":\"\",\"publisher\":{\"@id\":\"https:\/\/www.tennispassionzone.com\/it\/#organization\"},\"potentialAction\":[{\"@type\":\"SearchAction\",\"target\":{\"@type\":\"EntryPoint\",\"urlTemplate\":\"https:\/\/www.tennispassionzone.com\/it\/?s={search_term_string}\"},\"query-input\":{\"@type\":\"PropertyValueSpecification\",\"valueRequired\":true,\"valueName\":\"search_term_string\"}}],\"inLanguage\":\"it-IT\"},{\"@type\":\"Organization\",\"@id\":\"https:\/\/www.tennispassionzone.com\/it\/#organization\",\"name\":\"Tennis Passion Zone\",\"url\":\"https:\/\/www.tennispassionzone.com\/it\/\",\"logo\":{\"@type\":\"ImageObject\",\"inLanguage\":\"it-IT\",\"@id\":\"https:\/\/www.tennispassionzone.com\/it\/#\/schema\/logo\/image\/\",\"url\":\"https:\/\/www.tennispassionzone.com\/wp-content\/uploads\/2025\/12\/Logo_tennis_passion-zone.png?v=1764615384\",\"contentUrl\":\"https:\/\/www.tennispassionzone.com\/wp-content\/uploads\/2025\/12\/Logo_tennis_passion-zone.png?v=1764615384\",\"width\":450,\"height\":225,\"caption\":\"Tennis Passion Zone\"},\"image\":{\"@id\":\"https:\/\/www.tennispassionzone.com\/it\/#\/schema\/logo\/image\/\"}},{\"@type\":\"Person\",\"@id\":\"https:\/\/www.tennispassionzone.com\/it\/#\/schema\/person\/b9c262bd9834410177e11e301758b2a4\",\"name\":\"Gabriele Rossi\",\"image\":{\"@type\":\"ImageObject\",\"inLanguage\":\"it-IT\",\"@id\":\"https:\/\/www.tennispassionzone.com\/it\/#\/schema\/person\/image\/\",\"url\":\"https:\/\/secure.gravatar.com\/avatar\/0ceb236bcc0b754bfdc9d4b86dd50f4b60debf1f4e4142e83d6673fe2157300c?s=96&d=mm&r=g\",\"contentUrl\":\"https:\/\/secure.gravatar.com\/avatar\/0ceb236bcc0b754bfdc9d4b86dd50f4b60debf1f4e4142e83d6673fe2157300c?s=96&d=mm&r=g\",\"caption\":\"Gabriele Rossi\"},\"description\":\"Toscano di origine, divide il proprio tempo tra la Versilia e Milano. Nonostante un percorso accademico nel campo dell\u2019ingegneria, con particolare attenzione alle tecnologie radar ed ai sistemi d\u2019antenna, una forte passione per il calcio lo accompagna fin da bambino. Prima sul campo e, poi, attraverso lo studio di partite, schemi, dati ed analisi, \u00e8 riuscito a trasformare questo interesse in diverse collaborazioni con realt\u00e0 online dedicate al calcio ed al fantacalcio, contribuendo con articoli, approfondimenti e contenuti per la community. L'obiettivo \u00e8 quello di coniugare l\u2019approccio analitico e statistico con quello umano, raccontando il calcio attraverso ci\u00f2 che accade sia nei numeri sia nelle storie dei protagonisti, mantenendo sempre una visione attuale sul panorama calcistico nazionale ed internazionale.\",\"url\":\"https:\/\/www.tennispassionzone.com\/it\/author\/gabriele-rossi\/\"}]}<\/script>\n<!-- \/ Yoast SEO plugin. -->","yoast_head_json":{"title":"Coppa Davis: Zverev, Shelton e Jodar tra i protagonisti, Italia gi\u00e0 in finale. Tutti i convocati - Tennis Passion Zone","robots":{"index":"index","follow":"follow","max-snippet":"max-snippet:-1","max-image-preview":"max-image-preview:large","max-video-preview":"max-video-preview:-1"},"canonical":"https:\/\/www.tennispassionzone.com\/it\/coppa-davis\/coppa-davis-zverev-shelton-e-jodar-tra-i-protagonisti-italia-gia-in-finale-tutti-i-convocati\/","og_locale":"it_IT","og_type":"article","og_title":"Coppa Davis: Zverev, Shelton e Jodar tra i protagonisti, Italia gi\u00e0 in finale. Tutti i convocati - Tennis Passion Zone","og_description":"Il secondo turno delle Qualifiers di Coppa Davis si disputer\u00e0 dal 18 al 20 settembre e metter\u00e0 in palio sette posti per le Finals di Bologna. Tra i protagonisti ci saranno Alexander Zverev, Felix Auger-Aliassime, Ben Shelton e Taylor Fritz, mentre la Spagna si presenter\u00e0 con il giovane Rafael Jodar. Germania-Croazia, Zverev sfida Cilic Alexander [&hellip;]","og_url":"https:\/\/www.tennispassionzone.com\/it\/coppa-davis\/coppa-davis-zverev-shelton-e-jodar-tra-i-protagonisti-italia-gia-in-finale-tutti-i-convocati\/","og_site_name":"Tennis Passion Zone","article_published_time":"2026-08-18T10:16:00+00:00","og_image":[{"width":2048,"height":1365,"url":"https:\/\/www.tennispassionzone.com\/wp-content\/uploads\/2026\/08\/rome-italy-alexander-zverev-of-germany-serves-against-luciano-darderi-of-italy-in-their-round.jpg?v=1786882409","type":"image\/jpeg"}],"author":"Gabriele Rossi","twitter_card":"summary_large_image","twitter_misc":{"Scritto da":"Gabriele Rossi","Tempo di lettura stimato":"3 minuti"},"schema":{"@context":"https:\/\/schema.org","@graph":[{"@type":"Article","@id":"https:\/\/www.tennispassionzone.com\/it\/coppa-davis\/coppa-davis-zverev-shelton-e-jodar-tra-i-protagonisti-italia-gia-in-finale-tutti-i-convocati\/#article","isPartOf":{"@id":"https:\/\/www.tennispassionzone.com\/it\/coppa-davis\/coppa-davis-zverev-shelton-e-jodar-tra-i-protagonisti-italia-gia-in-finale-tutti-i-convocati\/"},"author":{"name":"Gabriele Rossi","@id":"https:\/\/www.tennispassionzone.com\/it\/#\/schema\/person\/b9c262bd9834410177e11e301758b2a4"},"headline":"Coppa Davis: Zverev, Shelton e Jodar tra i protagonisti, Italia gi\u00e0 in finale. Tutti i convocati","datePublished":"2026-08-18T10:16:00+00:00","mainEntityOfPage":{"@id":"https:\/\/www.tennispassionzone.com\/it\/coppa-davis\/coppa-davis-zverev-shelton-e-jodar-tra-i-protagonisti-italia-gia-in-finale-tutti-i-convocati\/"},"wordCount":448,"publisher":{"@id":"https:\/\/www.tennispassionzone.com\/it\/#organization"},"image":{"@id":"https:\/\/www.tennispassionzone.com\/it\/coppa-davis\/coppa-davis-zverev-shelton-e-jodar-tra-i-protagonisti-italia-gia-in-finale-tutti-i-convocati\/#primaryimage"},"thumbnailUrl":"https:\/\/www.tennispassionzone.com\/wp-content\/uploads\/2026\/08\/rome-italy-alexander-zverev-of-germany-serves-against-luciano-darderi-of-italy-in-their-round.jpg?v=1786882409","articleSection":["Coppa Davis","Giocatori","Notizie"],"inLanguage":"it-IT"},{"@type":"WebPage","@id":"https:\/\/www.tennispassionzone.com\/it\/coppa-davis\/coppa-davis-zverev-shelton-e-jodar-tra-i-protagonisti-italia-gia-in-finale-tutti-i-convocati\/","url":"https:\/\/www.tennispassionzone.com\/it\/coppa-davis\/coppa-davis-zverev-shelton-e-jodar-tra-i-protagonisti-italia-gia-in-finale-tutti-i-convocati\/","name":"Coppa Davis: Zverev, Shelton e Jodar tra i protagonisti, Italia gi\u00e0 in finale. Tutti i convocati - Tennis Passion Zone","isPartOf":{"@id":"https:\/\/www.tennispassionzone.com\/it\/#website"},"primaryImageOfPage":{"@id":"https:\/\/www.tennispassionzone.com\/it\/coppa-davis\/coppa-davis-zverev-shelton-e-jodar-tra-i-protagonisti-italia-gia-in-finale-tutti-i-convocati\/#primaryimage"},"image":{"@id":"https:\/\/www.tennispassionzone.com\/it\/coppa-davis\/coppa-davis-zverev-shelton-e-jodar-tra-i-protagonisti-italia-gia-in-finale-tutti-i-convocati\/#primaryimage"},"thumbnailUrl":"https:\/\/www.tennispassionzone.com\/wp-content\/uploads\/2026\/08\/rome-italy-alexander-zverev-of-germany-serves-against-luciano-darderi-of-italy-in-their-round.jpg?v=1786882409","datePublished":"2026-08-18T10:16:00+00:00","breadcrumb":{"@id":"https:\/\/www.tennispassionzone.com\/it\/coppa-davis\/coppa-davis-zverev-shelton-e-jodar-tra-i-protagonisti-italia-gia-in-finale-tutti-i-convocati\/#breadcrumb"},"inLanguage":"it-IT","potentialAction":[{"@type":"ReadAction","target":["https:\/\/www.tennispassionzone.com\/it\/coppa-davis\/coppa-davis-zverev-shelton-e-jodar-tra-i-protagonisti-italia-gia-in-finale-tutti-i-convocati\/"]}]},{"@type":"ImageObject","inLanguage":"it-IT","@id":"https:\/\/www.tennispassionzone.com\/it\/coppa-davis\/coppa-davis-zverev-shelton-e-jodar-tra-i-protagonisti-italia-gia-in-finale-tutti-i-convocati\/#primaryimage","url":"https:\/\/www.tennispassionzone.com\/wp-content\/uploads\/2026\/08\/rome-italy-alexander-zverev-of-germany-serves-against-luciano-darderi-of-italy-in-their-round.jpg?v=1786882409","contentUrl":"https:\/\/www.tennispassionzone.com\/wp-content\/uploads\/2026\/08\/rome-italy-alexander-zverev-of-germany-serves-against-luciano-darderi-of-italy-in-their-round.jpg?v=1786882409","width":2048,"height":1365},{"@type":"BreadcrumbList","@id":"https:\/\/www.tennispassionzone.com\/it\/coppa-davis\/coppa-davis-zverev-shelton-e-jodar-tra-i-protagonisti-italia-gia-in-finale-tutti-i-convocati\/#breadcrumb","itemListElement":[{"@type":"ListItem","position":1,"name":"Home","item":"https:\/\/www.tennispassionzone.com\/it\/"},{"@type":"ListItem","position":2,"name":"Coppa Davis","item":"https:\/\/www.tennispassionzone.com\/it\/coppa-davis\/"},{"@type":"ListItem","position":3,"name":"Coppa Davis: Zverev, Shelton e Jodar tra i protagonisti, Italia gi\u00e0 in finale. Tutti i convocati"}]},{"@type":"WebSite","@id":"https:\/\/www.tennispassionzone.com\/it\/#website","url":"https:\/\/www.tennispassionzone.com\/it\/","name":"Tennis Passion Zone","description":"","publisher":{"@id":"https:\/\/www.tennispassionzone.com\/it\/#organization"},"potentialAction":[{"@type":"SearchAction","target":{"@type":"EntryPoint","urlTemplate":"https:\/\/www.tennispassionzone.com\/it\/?s={search_term_string}"},"query-input":{"@type":"PropertyValueSpecification","valueRequired":true,"valueName":"search_term_string"}}],"inLanguage":"it-IT"},{"@type":"Organization","@id":"https:\/\/www.tennispassionzone.com\/it\/#organization","name":"Tennis Passion Zone","url":"https:\/\/www.tennispassionzone.com\/it\/","logo":{"@type":"ImageObject","inLanguage":"it-IT","@id":"https:\/\/www.tennispassionzone.com\/it\/#\/schema\/logo\/image\/","url":"https:\/\/www.tennispassionzone.com\/wp-content\/uploads\/2025\/12\/Logo_tennis_passion-zone.png?v=1764615384","contentUrl":"https:\/\/www.tennispassionzone.com\/wp-content\/uploads\/2025\/12\/Logo_tennis_passion-zone.png?v=1764615384","width":450,"height":225,"caption":"Tennis Passion Zone"},"image":{"@id":"https:\/\/www.tennispassionzone.com\/it\/#\/schema\/logo\/image\/"}},{"@type":"Person","@id":"https:\/\/www.tennispassionzone.com\/it\/#\/schema\/person\/b9c262bd9834410177e11e301758b2a4","name":"Gabriele Rossi","image":{"@type":"ImageObject","inLanguage":"it-IT","@id":"https:\/\/www.tennispassionzone.com\/it\/#\/schema\/person\/image\/","url":"https:\/\/secure.gravatar.com\/avatar\/0ceb236bcc0b754bfdc9d4b86dd50f4b60debf1f4e4142e83d6673fe2157300c?s=96&d=mm&r=g","contentUrl":"https:\/\/secure.gravatar.com\/avatar\/0ceb236bcc0b754bfdc9d4b86dd50f4b60debf1f4e4142e83d6673fe2157300c?s=96&d=mm&r=g","caption":"Gabriele Rossi"},"description":"Toscano di origine, divide il proprio tempo tra la Versilia e Milano. Nonostante un percorso accademico nel campo dell\u2019ingegneria, con particolare attenzione alle tecnologie radar ed ai sistemi d\u2019antenna, una forte passione per il calcio lo accompagna fin da bambino. Prima sul campo e, poi, attraverso lo studio di partite, schemi, dati ed analisi, \u00e8 riuscito a trasformare questo interesse in diverse collaborazioni con realt\u00e0 online dedicate al calcio ed al fantacalcio, contribuendo con articoli, approfondimenti e contenuti per la community. L'obiettivo \u00e8 quello di coniugare l\u2019approccio analitico e statistico con quello umano, raccontando il calcio attraverso ci\u00f2 che accade sia nei numeri sia nelle storie dei protagonisti, mantenendo sempre una visione attuale sul panorama calcistico nazionale ed internazionale.","url":"https:\/\/www.tennispassionzone.com\/it\/author\/gabriele-rossi\/"}]}},"_links":{"self":[{"href":"https:\/\/www.tennispassionzone.com\/it\/wp-json\/wp\/v2\/posts\/85540","targetHints":{"allow":["GET"]}}],"collection":[{"href":"https:\/\/www.tennispassionzone.com\/it\/wp-json\/wp\/v2\/posts"}],"about":[{"href":"https:\/\/www.tennispassionzone.com\/it\/wp-json\/wp\/v2\/types\/post"}],"author":[{"embeddable":true,"href":"https:\/\/www.tennispassionzone.com\/it\/wp-json\/wp\/v2\/users\/22"}],"replies":[{"embeddable":true,"href":"https:\/\/www.tennispassionzone.com\/it\/wp-json\/wp\/v2\/comments?post=85540"}],"version-history":[{"count":1,"href":"https:\/\/www.tennispassionzone.com\/it\/wp-json\/wp\/v2\/posts\/85540\/revisions"}],"predecessor-version":[{"id":85541,"href":"https:\/\/www.tennispassionzone.com\/it\/wp-json\/wp\/v2\/posts\/85540\/revisions\/85541"}],"wp:featuredmedia":[{"embeddable":true,"href":"https:\/\/www.tennispassionzone.com\/it\/wp-json\/wp\/v2\/media\/85479"}],"wp:attachment":[{"href":"https:\/\/www.tennispassionzone.com\/it\/wp-json\/wp\/v2\/media?parent=85540"}],"wp:term":[{"taxonomy":"category","embeddable":true,"href":"https:\/\/www.tennispassionzone.com\/it\/wp-json\/wp\/v2\/categories?post=85540"},{"taxonomy":"post_tag","embeddable":true,"href":"https:\/\/www.tennispassionzone.com\/it\/wp-json\/wp\/v2\/tags?post=85540"}],"curies":[{"name":"wp","href":"https:\/\/api.w.org\/{rel}","templated":true}]}}