{"id":85567,"date":"2026-08-19T08:50:30","date_gmt":"2026-08-19T06:50:30","guid":{"rendered":"https:\/\/www.tennispassionzone.com\/?p=85567"},"modified":"2026-08-19T08:50:32","modified_gmt":"2026-08-19T06:50:32","slug":"us-open-cobolli-bencic-insieme-nel-doppio-misto-ci-sono-anche-errani-e-vavassori","status":"publish","type":"post","link":"https:\/\/www.tennispassionzone.com\/it\/personaggi\/giocatori\/us-open-cobolli-bencic-insieme-nel-doppio-misto-ci-sono-anche-errani-e-vavassori\/","title":{"rendered":"US Open, Cobolli-Bencic insieme nel doppio misto: ci sono anche Errani e Vavassori"},"content":{"rendered":"<p class=\"PDq2pG_selectionAnchorContainer\" data-start=\"86\" data-end=\"298\">Sono state rese note le coppie ammesse al torneo di doppio misto degli US Open, in programma a Flushing Meadows dal 24 al 26 agosto. Tra i protagonisti ci saranno anche diversi rappresentanti del tennis italiano.<\/p>\n<h2 data-section-id=\"87vev2\" data-start=\"300\" data-end=\"333\">Cobolli far\u00e0 coppia con Bencic<\/h2>\n<p data-start=\"335\" data-end=\"585\">Flavio Cobolli \u00e8 entrato direttamente nel tabellone principale e giocher\u00e0 al fianco della svizzera Belinda Bencic. Presenti anche i campioni in carica Andrea Vavassori e Sara Errani, che hanno ottenuto una wild card per partecipare alla competizione.<\/p>\n<p data-start=\"587\" data-end=\"705\">Il torneo prender\u00e0 il via luned\u00ec 24 agosto e si concluder\u00e0 mercoled\u00ec 26, con un format concentrato in soli tre giorni.<\/p>\n<h2 data-section-id=\"vgazpu\" data-start=\"707\" data-end=\"748\">Sedici coppie nel tabellone principale<\/h2>\n<p data-start=\"750\" data-end=\"933\">Le qualificazioni si svolgeranno nella prima giornata e coinvolgeranno otto coppie, dalle quali usciranno due formazioni destinate ad aggiungersi alle sedici gi\u00e0 ammesse al main draw.<\/p>\n<p data-start=\"935\" data-end=\"1077\" data-is-last-node=\"\" data-is-only-node=\"\">A guidare il seeding saranno Aryna Sabalenka e Novak Djokovic. La seconda testa di serie sar\u00e0 invece formata da Elena Rybakina e Taylor Fritz.<\/p>\n","protected":false},"excerpt":{"rendered":"<p>Gli Us Open di tennis hanno definito le entry list del doppio misto. Flavio Cobolli entra direttamente, mentre i campioni in carica Errani e Vavassori ricevono una wild card. Il torneo si svolge dal 24 al 26 agosto.<\/p>\n","protected":false},"author":22,"featured_media":82095,"comment_status":"closed","ping_status":"open","sticky":false,"template":"","format":"standard","meta":{"_overwrite_by_ai":false,"footnotes":""},"categories":[5032,5033,5022,5039],"tags":[],"class_list":["post-85567","post","type-post","status-publish","format-standard","has-post-thumbnail","hentry","category-giocatori","category-giocatrici","category-notizie","category-us-open"],"acf":[],"yoast_head":"<!-- This site is optimized with the Yoast SEO plugin v26.8 - https:\/\/yoast.com\/product\/yoast-seo-wordpress\/ -->\n<title>Us Open doppio misto: Cobolli e wild card Errani-Vavassori<\/title>\n<meta name=\"description\" content=\"Definite le entry list del doppio misto agli Us Open. Flavio Cobolli accede direttamente, Sara Errani e Andrea Vavassori ricevono una wild card. Scopri le date e le teste di serie.\" \/>\n<meta name=\"robots\" content=\"index, follow, max-snippet:-1, max-image-preview:large, max-video-preview:-1\" \/>\n<link rel=\"canonical\" href=\"https:\/\/www.tennispassionzone.com\/it\/personaggi\/giocatori\/us-open-cobolli-bencic-insieme-nel-doppio-misto-ci-sono-anche-errani-e-vavassori\/\" \/>\n<meta property=\"og:locale\" content=\"it_IT\" \/>\n<meta property=\"og:type\" content=\"article\" \/>\n<meta property=\"og:title\" content=\"Us Open doppio misto: Cobolli e wild card Errani-Vavassori\" \/>\n<meta property=\"og:description\" content=\"Definite le entry list del doppio misto agli Us Open. Flavio Cobolli accede direttamente, Sara Errani e Andrea Vavassori ricevono una wild card. Scopri le date e le teste di serie.\" \/>\n<meta property=\"og:url\" content=\"https:\/\/www.tennispassionzone.com\/it\/personaggi\/giocatori\/us-open-cobolli-bencic-insieme-nel-doppio-misto-ci-sono-anche-errani-e-vavassori\/\" \/>\n<meta property=\"og:site_name\" content=\"Tennis Passion Zone\" \/>\n<meta property=\"article:published_time\" content=\"2026-08-19T06:50:30+00:00\" \/>\n<meta property=\"article:modified_time\" content=\"2026-08-19T06:50:32+00:00\" \/>\n<meta property=\"og:image\" content=\"https:\/\/www.tennispassionzone.com\/wp-content\/uploads\/2026\/06\/paris-france-andrea-vavassori-and-sara-errani-of-italy-pose-for-a-photo-with-the-winners-1.jpg?v=1780582325\" \/>\n\t<meta property=\"og:image:width\" content=\"2048\" \/>\n\t<meta property=\"og:image:height\" content=\"1365\" \/>\n\t<meta property=\"og:image:type\" content=\"image\/jpeg\" \/>\n<meta name=\"author\" content=\"Gabriele Rossi\" \/>\n<meta name=\"twitter:card\" content=\"summary_large_image\" \/>\n<meta name=\"twitter:label1\" content=\"Scritto da\" \/>\n\t<meta name=\"twitter:data1\" content=\"Gabriele Rossi\" \/>\n\t<meta name=\"twitter:label2\" content=\"Tempo di lettura stimato\" \/>\n\t<meta name=\"twitter:data2\" content=\"2 minuti\" \/>\n<script type=\"application\/ld+json\" class=\"yoast-schema-graph\">{\"@context\":\"https:\/\/schema.org\",\"@graph\":[{\"@type\":\"Article\",\"@id\":\"https:\/\/www.tennispassionzone.com\/it\/personaggi\/giocatori\/us-open-cobolli-bencic-insieme-nel-doppio-misto-ci-sono-anche-errani-e-vavassori\/#article\",\"isPartOf\":{\"@id\":\"https:\/\/www.tennispassionzone.com\/it\/personaggi\/giocatori\/us-open-cobolli-bencic-insieme-nel-doppio-misto-ci-sono-anche-errani-e-vavassori\/\"},\"author\":{\"name\":\"Gabriele Rossi\",\"@id\":\"https:\/\/www.tennispassionzone.com\/it\/#\/schema\/person\/b9c262bd9834410177e11e301758b2a4\"},\"headline\":\"US Open, Cobolli-Bencic insieme nel doppio misto: ci sono anche Errani e Vavassori\",\"datePublished\":\"2026-08-19T06:50:30+00:00\",\"dateModified\":\"2026-08-19T06:50:32+00:00\",\"mainEntityOfPage\":{\"@id\":\"https:\/\/www.tennispassionzone.com\/it\/personaggi\/giocatori\/us-open-cobolli-bencic-insieme-nel-doppio-misto-ci-sono-anche-errani-e-vavassori\/\"},\"wordCount\":162,\"publisher\":{\"@id\":\"https:\/\/www.tennispassionzone.com\/it\/#organization\"},\"image\":{\"@id\":\"https:\/\/www.tennispassionzone.com\/it\/personaggi\/giocatori\/us-open-cobolli-bencic-insieme-nel-doppio-misto-ci-sono-anche-errani-e-vavassori\/#primaryimage\"},\"thumbnailUrl\":\"https:\/\/www.tennispassionzone.com\/wp-content\/uploads\/2026\/06\/paris-france-andrea-vavassori-and-sara-errani-of-italy-pose-for-a-photo-with-the-winners-1.jpg?v=1780582325\",\"articleSection\":[\"Giocatori\",\"Giocatrici\",\"Notizie\",\"US Open\"],\"inLanguage\":\"it-IT\"},{\"@type\":\"WebPage\",\"@id\":\"https:\/\/www.tennispassionzone.com\/it\/personaggi\/giocatori\/us-open-cobolli-bencic-insieme-nel-doppio-misto-ci-sono-anche-errani-e-vavassori\/\",\"url\":\"https:\/\/www.tennispassionzone.com\/it\/personaggi\/giocatori\/us-open-cobolli-bencic-insieme-nel-doppio-misto-ci-sono-anche-errani-e-vavassori\/\",\"name\":\"Us Open doppio misto: Cobolli e wild card Errani-Vavassori\",\"isPartOf\":{\"@id\":\"https:\/\/www.tennispassionzone.com\/it\/#website\"},\"primaryImageOfPage\":{\"@id\":\"https:\/\/www.tennispassionzone.com\/it\/personaggi\/giocatori\/us-open-cobolli-bencic-insieme-nel-doppio-misto-ci-sono-anche-errani-e-vavassori\/#primaryimage\"},\"image\":{\"@id\":\"https:\/\/www.tennispassionzone.com\/it\/personaggi\/giocatori\/us-open-cobolli-bencic-insieme-nel-doppio-misto-ci-sono-anche-errani-e-vavassori\/#primaryimage\"},\"thumbnailUrl\":\"https:\/\/www.tennispassionzone.com\/wp-content\/uploads\/2026\/06\/paris-france-andrea-vavassori-and-sara-errani-of-italy-pose-for-a-photo-with-the-winners-1.jpg?v=1780582325\",\"datePublished\":\"2026-08-19T06:50:30+00:00\",\"dateModified\":\"2026-08-19T06:50:32+00:00\",\"description\":\"Definite le entry list del doppio misto agli Us Open. Flavio Cobolli accede direttamente, Sara Errani e Andrea Vavassori ricevono una wild card. Scopri le date e le teste di serie.\",\"breadcrumb\":{\"@id\":\"https:\/\/www.tennispassionzone.com\/it\/personaggi\/giocatori\/us-open-cobolli-bencic-insieme-nel-doppio-misto-ci-sono-anche-errani-e-vavassori\/#breadcrumb\"},\"inLanguage\":\"it-IT\",\"potentialAction\":[{\"@type\":\"ReadAction\",\"target\":[\"https:\/\/www.tennispassionzone.com\/it\/personaggi\/giocatori\/us-open-cobolli-bencic-insieme-nel-doppio-misto-ci-sono-anche-errani-e-vavassori\/\"]}]},{\"@type\":\"ImageObject\",\"inLanguage\":\"it-IT\",\"@id\":\"https:\/\/www.tennispassionzone.com\/it\/personaggi\/giocatori\/us-open-cobolli-bencic-insieme-nel-doppio-misto-ci-sono-anche-errani-e-vavassori\/#primaryimage\",\"url\":\"https:\/\/www.tennispassionzone.com\/wp-content\/uploads\/2026\/06\/paris-france-andrea-vavassori-and-sara-errani-of-italy-pose-for-a-photo-with-the-winners-1.jpg?v=1780582325\",\"contentUrl\":\"https:\/\/www.tennispassionzone.com\/wp-content\/uploads\/2026\/06\/paris-france-andrea-vavassori-and-sara-errani-of-italy-pose-for-a-photo-with-the-winners-1.jpg?v=1780582325\",\"width\":2048,\"height\":1365},{\"@type\":\"BreadcrumbList\",\"@id\":\"https:\/\/www.tennispassionzone.com\/it\/personaggi\/giocatori\/us-open-cobolli-bencic-insieme-nel-doppio-misto-ci-sono-anche-errani-e-vavassori\/#breadcrumb\",\"itemListElement\":[{\"@type\":\"ListItem\",\"position\":1,\"name\":\"Home\",\"item\":\"https:\/\/www.tennispassionzone.com\/it\/\"},{\"@type\":\"ListItem\",\"position\":2,\"name\":\"Personaggi\",\"item\":\"https:\/\/www.tennispassionzone.com\/it\/personaggi\/\"},{\"@type\":\"ListItem\",\"position\":3,\"name\":\"Giocatori\",\"item\":\"https:\/\/www.tennispassionzone.com\/it\/personaggi\/giocatori\/\"},{\"@type\":\"ListItem\",\"position\":4,\"name\":\"US Open, Cobolli-Bencic insieme nel doppio misto: ci sono anche Errani e Vavassori\"}]},{\"@type\":\"WebSite\",\"@id\":\"https:\/\/www.tennispassionzone.com\/it\/#website\",\"url\":\"https:\/\/www.tennispassionzone.com\/it\/\",\"name\":\"Tennis Passion Zone\",\"description\":\"\",\"publisher\":{\"@id\":\"https:\/\/www.tennispassionzone.com\/it\/#organization\"},\"potentialAction\":[{\"@type\":\"SearchAction\",\"target\":{\"@type\":\"EntryPoint\",\"urlTemplate\":\"https:\/\/www.tennispassionzone.com\/it\/?s={search_term_string}\"},\"query-input\":{\"@type\":\"PropertyValueSpecification\",\"valueRequired\":true,\"valueName\":\"search_term_string\"}}],\"inLanguage\":\"it-IT\"},{\"@type\":\"Organization\",\"@id\":\"https:\/\/www.tennispassionzone.com\/it\/#organization\",\"name\":\"Tennis Passion Zone\",\"url\":\"https:\/\/www.tennispassionzone.com\/it\/\",\"logo\":{\"@type\":\"ImageObject\",\"inLanguage\":\"it-IT\",\"@id\":\"https:\/\/www.tennispassionzone.com\/it\/#\/schema\/logo\/image\/\",\"url\":\"https:\/\/www.tennispassionzone.com\/wp-content\/uploads\/2025\/12\/Logo_tennis_passion-zone.png?v=1764615384\",\"contentUrl\":\"https:\/\/www.tennispassionzone.com\/wp-content\/uploads\/2025\/12\/Logo_tennis_passion-zone.png?v=1764615384\",\"width\":450,\"height\":225,\"caption\":\"Tennis Passion Zone\"},\"image\":{\"@id\":\"https:\/\/www.tennispassionzone.com\/it\/#\/schema\/logo\/image\/\"}},{\"@type\":\"Person\",\"@id\":\"https:\/\/www.tennispassionzone.com\/it\/#\/schema\/person\/b9c262bd9834410177e11e301758b2a4\",\"name\":\"Gabriele Rossi\",\"image\":{\"@type\":\"ImageObject\",\"inLanguage\":\"it-IT\",\"@id\":\"https:\/\/www.tennispassionzone.com\/it\/#\/schema\/person\/image\/\",\"url\":\"https:\/\/secure.gravatar.com\/avatar\/0ceb236bcc0b754bfdc9d4b86dd50f4b60debf1f4e4142e83d6673fe2157300c?s=96&d=mm&r=g\",\"contentUrl\":\"https:\/\/secure.gravatar.com\/avatar\/0ceb236bcc0b754bfdc9d4b86dd50f4b60debf1f4e4142e83d6673fe2157300c?s=96&d=mm&r=g\",\"caption\":\"Gabriele Rossi\"},\"description\":\"Toscano di origine, divide il proprio tempo tra la Versilia e Milano. Nonostante un percorso accademico nel campo dell\u2019ingegneria, con particolare attenzione alle tecnologie radar ed ai sistemi d\u2019antenna, una forte passione per il calcio lo accompagna fin da bambino. Prima sul campo e, poi, attraverso lo studio di partite, schemi, dati ed analisi, \u00e8 riuscito a trasformare questo interesse in diverse collaborazioni con realt\u00e0 online dedicate al calcio ed al fantacalcio, contribuendo con articoli, approfondimenti e contenuti per la community. L'obiettivo \u00e8 quello di coniugare l\u2019approccio analitico e statistico con quello umano, raccontando il calcio attraverso ci\u00f2 che accade sia nei numeri sia nelle storie dei protagonisti, mantenendo sempre una visione attuale sul panorama calcistico nazionale ed internazionale.\",\"url\":\"https:\/\/www.tennispassionzone.com\/it\/author\/gabriele-rossi\/\"}]}<\/script>\n<!-- \/ Yoast SEO plugin. -->","yoast_head_json":{"title":"Us Open doppio misto: Cobolli e wild card Errani-Vavassori","description":"Definite le entry list del doppio misto agli Us Open. Flavio Cobolli accede direttamente, Sara Errani e Andrea Vavassori ricevono una wild card. Scopri le date e le teste di serie.","robots":{"index":"index","follow":"follow","max-snippet":"max-snippet:-1","max-image-preview":"max-image-preview:large","max-video-preview":"max-video-preview:-1"},"canonical":"https:\/\/www.tennispassionzone.com\/it\/personaggi\/giocatori\/us-open-cobolli-bencic-insieme-nel-doppio-misto-ci-sono-anche-errani-e-vavassori\/","og_locale":"it_IT","og_type":"article","og_title":"Us Open doppio misto: Cobolli e wild card Errani-Vavassori","og_description":"Definite le entry list del doppio misto agli Us Open. Flavio Cobolli accede direttamente, Sara Errani e Andrea Vavassori ricevono una wild card. Scopri le date e le teste di serie.","og_url":"https:\/\/www.tennispassionzone.com\/it\/personaggi\/giocatori\/us-open-cobolli-bencic-insieme-nel-doppio-misto-ci-sono-anche-errani-e-vavassori\/","og_site_name":"Tennis Passion Zone","article_published_time":"2026-08-19T06:50:30+00:00","article_modified_time":"2026-08-19T06:50:32+00:00","og_image":[{"width":2048,"height":1365,"url":"https:\/\/www.tennispassionzone.com\/wp-content\/uploads\/2026\/06\/paris-france-andrea-vavassori-and-sara-errani-of-italy-pose-for-a-photo-with-the-winners-1.jpg?v=1780582325","type":"image\/jpeg"}],"author":"Gabriele Rossi","twitter_card":"summary_large_image","twitter_misc":{"Scritto da":"Gabriele Rossi","Tempo di lettura stimato":"2 minuti"},"schema":{"@context":"https:\/\/schema.org","@graph":[{"@type":"Article","@id":"https:\/\/www.tennispassionzone.com\/it\/personaggi\/giocatori\/us-open-cobolli-bencic-insieme-nel-doppio-misto-ci-sono-anche-errani-e-vavassori\/#article","isPartOf":{"@id":"https:\/\/www.tennispassionzone.com\/it\/personaggi\/giocatori\/us-open-cobolli-bencic-insieme-nel-doppio-misto-ci-sono-anche-errani-e-vavassori\/"},"author":{"name":"Gabriele Rossi","@id":"https:\/\/www.tennispassionzone.com\/it\/#\/schema\/person\/b9c262bd9834410177e11e301758b2a4"},"headline":"US Open, Cobolli-Bencic insieme nel doppio misto: ci sono anche Errani e Vavassori","datePublished":"2026-08-19T06:50:30+00:00","dateModified":"2026-08-19T06:50:32+00:00","mainEntityOfPage":{"@id":"https:\/\/www.tennispassionzone.com\/it\/personaggi\/giocatori\/us-open-cobolli-bencic-insieme-nel-doppio-misto-ci-sono-anche-errani-e-vavassori\/"},"wordCount":162,"publisher":{"@id":"https:\/\/www.tennispassionzone.com\/it\/#organization"},"image":{"@id":"https:\/\/www.tennispassionzone.com\/it\/personaggi\/giocatori\/us-open-cobolli-bencic-insieme-nel-doppio-misto-ci-sono-anche-errani-e-vavassori\/#primaryimage"},"thumbnailUrl":"https:\/\/www.tennispassionzone.com\/wp-content\/uploads\/2026\/06\/paris-france-andrea-vavassori-and-sara-errani-of-italy-pose-for-a-photo-with-the-winners-1.jpg?v=1780582325","articleSection":["Giocatori","Giocatrici","Notizie","US Open"],"inLanguage":"it-IT"},{"@type":"WebPage","@id":"https:\/\/www.tennispassionzone.com\/it\/personaggi\/giocatori\/us-open-cobolli-bencic-insieme-nel-doppio-misto-ci-sono-anche-errani-e-vavassori\/","url":"https:\/\/www.tennispassionzone.com\/it\/personaggi\/giocatori\/us-open-cobolli-bencic-insieme-nel-doppio-misto-ci-sono-anche-errani-e-vavassori\/","name":"Us Open doppio misto: Cobolli e wild card Errani-Vavassori","isPartOf":{"@id":"https:\/\/www.tennispassionzone.com\/it\/#website"},"primaryImageOfPage":{"@id":"https:\/\/www.tennispassionzone.com\/it\/personaggi\/giocatori\/us-open-cobolli-bencic-insieme-nel-doppio-misto-ci-sono-anche-errani-e-vavassori\/#primaryimage"},"image":{"@id":"https:\/\/www.tennispassionzone.com\/it\/personaggi\/giocatori\/us-open-cobolli-bencic-insieme-nel-doppio-misto-ci-sono-anche-errani-e-vavassori\/#primaryimage"},"thumbnailUrl":"https:\/\/www.tennispassionzone.com\/wp-content\/uploads\/2026\/06\/paris-france-andrea-vavassori-and-sara-errani-of-italy-pose-for-a-photo-with-the-winners-1.jpg?v=1780582325","datePublished":"2026-08-19T06:50:30+00:00","dateModified":"2026-08-19T06:50:32+00:00","description":"Definite le entry list del doppio misto agli Us Open. Flavio Cobolli accede direttamente, Sara Errani e Andrea Vavassori ricevono una wild card. Scopri le date e le teste di serie.","breadcrumb":{"@id":"https:\/\/www.tennispassionzone.com\/it\/personaggi\/giocatori\/us-open-cobolli-bencic-insieme-nel-doppio-misto-ci-sono-anche-errani-e-vavassori\/#breadcrumb"},"inLanguage":"it-IT","potentialAction":[{"@type":"ReadAction","target":["https:\/\/www.tennispassionzone.com\/it\/personaggi\/giocatori\/us-open-cobolli-bencic-insieme-nel-doppio-misto-ci-sono-anche-errani-e-vavassori\/"]}]},{"@type":"ImageObject","inLanguage":"it-IT","@id":"https:\/\/www.tennispassionzone.com\/it\/personaggi\/giocatori\/us-open-cobolli-bencic-insieme-nel-doppio-misto-ci-sono-anche-errani-e-vavassori\/#primaryimage","url":"https:\/\/www.tennispassionzone.com\/wp-content\/uploads\/2026\/06\/paris-france-andrea-vavassori-and-sara-errani-of-italy-pose-for-a-photo-with-the-winners-1.jpg?v=1780582325","contentUrl":"https:\/\/www.tennispassionzone.com\/wp-content\/uploads\/2026\/06\/paris-france-andrea-vavassori-and-sara-errani-of-italy-pose-for-a-photo-with-the-winners-1.jpg?v=1780582325","width":2048,"height":1365},{"@type":"BreadcrumbList","@id":"https:\/\/www.tennispassionzone.com\/it\/personaggi\/giocatori\/us-open-cobolli-bencic-insieme-nel-doppio-misto-ci-sono-anche-errani-e-vavassori\/#breadcrumb","itemListElement":[{"@type":"ListItem","position":1,"name":"Home","item":"https:\/\/www.tennispassionzone.com\/it\/"},{"@type":"ListItem","position":2,"name":"Personaggi","item":"https:\/\/www.tennispassionzone.com\/it\/personaggi\/"},{"@type":"ListItem","position":3,"name":"Giocatori","item":"https:\/\/www.tennispassionzone.com\/it\/personaggi\/giocatori\/"},{"@type":"ListItem","position":4,"name":"US Open, Cobolli-Bencic insieme nel doppio misto: ci sono anche Errani e Vavassori"}]},{"@type":"WebSite","@id":"https:\/\/www.tennispassionzone.com\/it\/#website","url":"https:\/\/www.tennispassionzone.com\/it\/","name":"Tennis Passion Zone","description":"","publisher":{"@id":"https:\/\/www.tennispassionzone.com\/it\/#organization"},"potentialAction":[{"@type":"SearchAction","target":{"@type":"EntryPoint","urlTemplate":"https:\/\/www.tennispassionzone.com\/it\/?s={search_term_string}"},"query-input":{"@type":"PropertyValueSpecification","valueRequired":true,"valueName":"search_term_string"}}],"inLanguage":"it-IT"},{"@type":"Organization","@id":"https:\/\/www.tennispassionzone.com\/it\/#organization","name":"Tennis Passion Zone","url":"https:\/\/www.tennispassionzone.com\/it\/","logo":{"@type":"ImageObject","inLanguage":"it-IT","@id":"https:\/\/www.tennispassionzone.com\/it\/#\/schema\/logo\/image\/","url":"https:\/\/www.tennispassionzone.com\/wp-content\/uploads\/2025\/12\/Logo_tennis_passion-zone.png?v=1764615384","contentUrl":"https:\/\/www.tennispassionzone.com\/wp-content\/uploads\/2025\/12\/Logo_tennis_passion-zone.png?v=1764615384","width":450,"height":225,"caption":"Tennis Passion Zone"},"image":{"@id":"https:\/\/www.tennispassionzone.com\/it\/#\/schema\/logo\/image\/"}},{"@type":"Person","@id":"https:\/\/www.tennispassionzone.com\/it\/#\/schema\/person\/b9c262bd9834410177e11e301758b2a4","name":"Gabriele Rossi","image":{"@type":"ImageObject","inLanguage":"it-IT","@id":"https:\/\/www.tennispassionzone.com\/it\/#\/schema\/person\/image\/","url":"https:\/\/secure.gravatar.com\/avatar\/0ceb236bcc0b754bfdc9d4b86dd50f4b60debf1f4e4142e83d6673fe2157300c?s=96&d=mm&r=g","contentUrl":"https:\/\/secure.gravatar.com\/avatar\/0ceb236bcc0b754bfdc9d4b86dd50f4b60debf1f4e4142e83d6673fe2157300c?s=96&d=mm&r=g","caption":"Gabriele Rossi"},"description":"Toscano di origine, divide il proprio tempo tra la Versilia e Milano. Nonostante un percorso accademico nel campo dell\u2019ingegneria, con particolare attenzione alle tecnologie radar ed ai sistemi d\u2019antenna, una forte passione per il calcio lo accompagna fin da bambino. Prima sul campo e, poi, attraverso lo studio di partite, schemi, dati ed analisi, \u00e8 riuscito a trasformare questo interesse in diverse collaborazioni con realt\u00e0 online dedicate al calcio ed al fantacalcio, contribuendo con articoli, approfondimenti e contenuti per la community. L'obiettivo \u00e8 quello di coniugare l\u2019approccio analitico e statistico con quello umano, raccontando il calcio attraverso ci\u00f2 che accade sia nei numeri sia nelle storie dei protagonisti, mantenendo sempre una visione attuale sul panorama calcistico nazionale ed internazionale.","url":"https:\/\/www.tennispassionzone.com\/it\/author\/gabriele-rossi\/"}]}},"_links":{"self":[{"href":"https:\/\/www.tennispassionzone.com\/it\/wp-json\/wp\/v2\/posts\/85567","targetHints":{"allow":["GET"]}}],"collection":[{"href":"https:\/\/www.tennispassionzone.com\/it\/wp-json\/wp\/v2\/posts"}],"about":[{"href":"https:\/\/www.tennispassionzone.com\/it\/wp-json\/wp\/v2\/types\/post"}],"author":[{"embeddable":true,"href":"https:\/\/www.tennispassionzone.com\/it\/wp-json\/wp\/v2\/users\/22"}],"replies":[{"embeddable":true,"href":"https:\/\/www.tennispassionzone.com\/it\/wp-json\/wp\/v2\/comments?post=85567"}],"version-history":[{"count":1,"href":"https:\/\/www.tennispassionzone.com\/it\/wp-json\/wp\/v2\/posts\/85567\/revisions"}],"predecessor-version":[{"id":85571,"href":"https:\/\/www.tennispassionzone.com\/it\/wp-json\/wp\/v2\/posts\/85567\/revisions\/85571"}],"wp:featuredmedia":[{"embeddable":true,"href":"https:\/\/www.tennispassionzone.com\/it\/wp-json\/wp\/v2\/media\/82095"}],"wp:attachment":[{"href":"https:\/\/www.tennispassionzone.com\/it\/wp-json\/wp\/v2\/media?parent=85567"}],"wp:term":[{"taxonomy":"category","embeddable":true,"href":"https:\/\/www.tennispassionzone.com\/it\/wp-json\/wp\/v2\/categories?post=85567"},{"taxonomy":"post_tag","embeddable":true,"href":"https:\/\/www.tennispassionzone.com\/it\/wp-json\/wp\/v2\/tags?post=85567"}],"curies":[{"name":"wp","href":"https:\/\/api.w.org\/{rel}","templated":true}]}}