{"id":85638,"date":"2026-08-20T20:21:00","date_gmt":"2026-08-20T18:21:00","guid":{"rendered":"https:\/\/www.tennispassionzone.com\/?p=85638"},"modified":"2026-08-20T16:25:22","modified_gmt":"2026-08-20T14:25:22","slug":"federer-nella-hall-of-fame-il-tennis-celebra-una-leggenda-senza-tempo","status":"publish","type":"post","link":"https:\/\/www.tennispassionzone.com\/notizie\/federer-nella-hall-of-fame-il-tennis-celebra-una-leggenda-senza-tempo\/","title":{"rendered":"Federer nella Hall of Fame: il tennis celebra una leggenda senza tempo"},"content":{"rendered":"\n<p>Roger Federer si prepara a entrare nella International Tennis Hall of Fame, riconoscimento che arriva cinque anni dopo il ritiro come previsto dal regolamento. Lo svizzero sar\u00e0 ufficialmente introdotto il 29 agosto, mentre pochi giorni prima torner\u00e0 protagonista a Flushing Meadows per un\u2019esibizione speciale in occasione dello US Open.<\/p>\n\n\n\n<p>Pur non detenendo pi\u00f9 tutti i principali record statistici del tennis mondiale, Federer continua a rappresentare una figura unica nella storia dello sport. La sua eleganza in campo, la continuit\u00e0 di rendimento e la capacit\u00e0 di attraversare generazioni diverse lo hanno reso uno dei giocatori pi\u00f9 amati e influenti di sempre.<\/p>\n\n\n\n<h2 class=\"wp-block-heading\">I record che hanno segnato un\u2019epoca<\/h2>\n\n\n\n<p>La carriera dello svizzero \u00e8 costellata di numeri che ancora oggi resistono al passare del tempo. Federer resta il giocatore con pi\u00f9 titoli vinti a Wimbledon, ben otto tra il 2003 e il 2017, ed \u00e8 l\u2019unico nell\u2019era Open ad aver conquistato cinque US Open consecutivi dal 2004 al 2008.<\/p>\n\n\n\n<p>Tra i primati pi\u00f9 significativi figurano anche le 10 finali Slam consecutive disputate tra il Roland Garros 2005 e lo US Open 2007, oltre alle 23 semifinali Slam consecutive raggiunte tra Wimbledon 2004 e l\u2019Australian Open 2010. Numeri che testimoniano una continuit\u00e0 raramente vista nella storia del tennis.<\/p>\n\n\n\n<h2 class=\"wp-block-heading\">Dominio nel ranking mondiale<\/h2>\n\n\n\n<p>Federer ha lasciato il segno anche nelle classifiche ATP. Rimane infatti il detentore del record di settimane consecutive da numero uno del mondo con 237, oltre a quello di permanenza tra i primi dieci del ranking, con 968 settimane complessive.<\/p>\n\n\n\n<p>A questi si aggiungono altri traguardi prestigiosi, come le 24 finali consecutive vinte nel circuito ATP e le 26 vittorie di fila ottenute contro avversari appartenenti alla Top 10 mondiale.<\/p>\n\n\n\n<h2 class=\"wp-block-heading\">Le vittorie che hanno definito la sua carriera<\/h2>\n\n\n\n<p>Oltre ai record, la storia di Federer \u00e8 fatta di successi rimasti nella memoria degli appassionati. Tra i momenti pi\u00f9 iconici spiccano il trionfo al Roland Garros 2009, che gli complet\u00f2 il Career Grand Slam, la vittoria all\u2019Australian Open 2017 contro Rafael Nadal dopo una straordinaria rimonta e l\u2019ottavo titolo conquistato a Wimbledon nello stesso anno.<\/p>\n\n\n\n<p>Accanto alle imprese, non sono mancate sconfitte entrate nella leggenda, come la finale di Wimbledon 2008 contro Nadal e quella del 2019 contro Djokovic. Episodi che hanno contribuito a costruire il mito di un campione capace di lasciare un segno profondo nel tennis mondiale, ben oltre le statistiche e i trofei conquistati.<\/p>\n","protected":false},"excerpt":{"rendered":"<p>Roger Federer si prepara a entrare nella International Tennis Hall of Fame, riconoscimento che arriva cinque anni dopo il ritiro come previsto dal regolamento. Lo svizzero sar\u00e0 ufficialmente introdotto il 29 agosto, mentre pochi giorni prima torner\u00e0 protagonista a Flushing Meadows per un\u2019esibizione speciale in occasione dello US Open. Pur non detenendo pi\u00f9 tutti i [&hellip;]<\/p>\n","protected":false},"author":22,"featured_media":85292,"comment_status":"closed","ping_status":"open","sticky":false,"template":"","format":"standard","meta":{"_overwrite_by_ai":false,"footnotes":""},"categories":[5032,5022],"tags":[],"class_list":["post-85638","post","type-post","status-publish","format-standard","has-post-thumbnail","hentry","category-giocatori","category-notizie"],"acf":[],"yoast_head":"<!-- This site is optimized with the Yoast SEO plugin v26.8 - https:\/\/yoast.com\/product\/yoast-seo-wordpress\/ -->\n<title>Federer nella Hall of Fame: il tennis celebra una leggenda senza tempo - Tennis Passion Zone<\/title>\n<meta name=\"robots\" content=\"index, follow, max-snippet:-1, max-image-preview:large, max-video-preview:-1\" \/>\n<link rel=\"canonical\" href=\"https:\/\/www.tennispassionzone.com\/it\/notizie\/federer-nella-hall-of-fame-il-tennis-celebra-una-leggenda-senza-tempo\/\" \/>\n<meta property=\"og:locale\" content=\"it_IT\" \/>\n<meta property=\"og:type\" content=\"article\" \/>\n<meta property=\"og:title\" content=\"Federer nella Hall of Fame: il tennis celebra una leggenda senza tempo - Tennis Passion Zone\" \/>\n<meta property=\"og:description\" content=\"Roger Federer si prepara a entrare nella International Tennis Hall of Fame, riconoscimento che arriva cinque anni dopo il ritiro come previsto dal regolamento. Lo svizzero sar\u00e0 ufficialmente introdotto il 29 agosto, mentre pochi giorni prima torner\u00e0 protagonista a Flushing Meadows per un\u2019esibizione speciale in occasione dello US Open. Pur non detenendo pi\u00f9 tutti i [&hellip;]\" \/>\n<meta property=\"og:url\" content=\"https:\/\/www.tennispassionzone.com\/notizie\/federer-nella-hall-of-fame-il-tennis-celebra-una-leggenda-senza-tempo\/\" \/>\n<meta property=\"og:site_name\" content=\"Tennis Passion Zone\" \/>\n<meta property=\"article:published_time\" content=\"2026-08-20T18:21:00+00:00\" \/>\n<meta property=\"og:image\" content=\"https:\/\/www.tennispassionzone.com\/wp-content\/uploads\/2026\/08\/london-england-former-tennis-player-roger-federer-and-aeltc-chair-debbie-jevans-applaud-in-the.jpg?v=1786203748\" \/>\n\t<meta property=\"og:image:width\" content=\"2048\" \/>\n\t<meta property=\"og:image:height\" content=\"1365\" \/>\n\t<meta property=\"og:image:type\" content=\"image\/jpeg\" \/>\n<meta name=\"author\" content=\"Gabriele Rossi\" \/>\n<meta name=\"twitter:card\" content=\"summary_large_image\" \/>\n<meta name=\"twitter:label1\" content=\"Scritto da\" \/>\n\t<meta name=\"twitter:data1\" content=\"Gabriele Rossi\" \/>\n\t<meta name=\"twitter:label2\" content=\"Tempo di lettura stimato\" \/>\n\t<meta name=\"twitter:data2\" content=\"3 minuti\" \/>\n<script type=\"application\/ld+json\" class=\"yoast-schema-graph\">{\"@context\":\"https:\/\/schema.org\",\"@graph\":[{\"@type\":\"Article\",\"@id\":\"https:\/\/www.tennispassionzone.com\/notizie\/federer-nella-hall-of-fame-il-tennis-celebra-una-leggenda-senza-tempo\/#article\",\"isPartOf\":{\"@id\":\"https:\/\/www.tennispassionzone.com\/notizie\/federer-nella-hall-of-fame-il-tennis-celebra-una-leggenda-senza-tempo\/\"},\"author\":{\"name\":\"Gabriele Rossi\",\"@id\":\"https:\/\/www.tennispassionzone.com\/it\/#\/schema\/person\/b9c262bd9834410177e11e301758b2a4\"},\"headline\":\"Federer nella Hall of Fame: il tennis celebra una leggenda senza tempo\",\"datePublished\":\"2026-08-20T18:21:00+00:00\",\"mainEntityOfPage\":{\"@id\":\"https:\/\/www.tennispassionzone.com\/notizie\/federer-nella-hall-of-fame-il-tennis-celebra-una-leggenda-senza-tempo\/\"},\"wordCount\":390,\"publisher\":{\"@id\":\"https:\/\/www.tennispassionzone.com\/it\/#organization\"},\"image\":{\"@id\":\"https:\/\/www.tennispassionzone.com\/notizie\/federer-nella-hall-of-fame-il-tennis-celebra-una-leggenda-senza-tempo\/#primaryimage\"},\"thumbnailUrl\":\"https:\/\/www.tennispassionzone.com\/wp-content\/uploads\/2026\/08\/london-england-former-tennis-player-roger-federer-and-aeltc-chair-debbie-jevans-applaud-in-the.jpg?v=1786203748\",\"articleSection\":[\"Giocatori\",\"Notizie\"],\"inLanguage\":\"it-IT\"},{\"@type\":\"WebPage\",\"@id\":\"https:\/\/www.tennispassionzone.com\/notizie\/federer-nella-hall-of-fame-il-tennis-celebra-una-leggenda-senza-tempo\/\",\"url\":\"https:\/\/www.tennispassionzone.com\/notizie\/federer-nella-hall-of-fame-il-tennis-celebra-una-leggenda-senza-tempo\/\",\"name\":\"Federer nella Hall of Fame: il tennis celebra una leggenda senza tempo - Tennis Passion Zone\",\"isPartOf\":{\"@id\":\"https:\/\/www.tennispassionzone.com\/it\/#website\"},\"primaryImageOfPage\":{\"@id\":\"https:\/\/www.tennispassionzone.com\/notizie\/federer-nella-hall-of-fame-il-tennis-celebra-una-leggenda-senza-tempo\/#primaryimage\"},\"image\":{\"@id\":\"https:\/\/www.tennispassionzone.com\/notizie\/federer-nella-hall-of-fame-il-tennis-celebra-una-leggenda-senza-tempo\/#primaryimage\"},\"thumbnailUrl\":\"https:\/\/www.tennispassionzone.com\/wp-content\/uploads\/2026\/08\/london-england-former-tennis-player-roger-federer-and-aeltc-chair-debbie-jevans-applaud-in-the.jpg?v=1786203748\",\"datePublished\":\"2026-08-20T18:21:00+00:00\",\"breadcrumb\":{\"@id\":\"https:\/\/www.tennispassionzone.com\/notizie\/federer-nella-hall-of-fame-il-tennis-celebra-una-leggenda-senza-tempo\/#breadcrumb\"},\"inLanguage\":\"it-IT\",\"potentialAction\":[{\"@type\":\"ReadAction\",\"target\":[\"https:\/\/www.tennispassionzone.com\/notizie\/federer-nella-hall-of-fame-il-tennis-celebra-una-leggenda-senza-tempo\/\"]}]},{\"@type\":\"ImageObject\",\"inLanguage\":\"it-IT\",\"@id\":\"https:\/\/www.tennispassionzone.com\/notizie\/federer-nella-hall-of-fame-il-tennis-celebra-una-leggenda-senza-tempo\/#primaryimage\",\"url\":\"https:\/\/www.tennispassionzone.com\/wp-content\/uploads\/2026\/08\/london-england-former-tennis-player-roger-federer-and-aeltc-chair-debbie-jevans-applaud-in-the.jpg?v=1786203748\",\"contentUrl\":\"https:\/\/www.tennispassionzone.com\/wp-content\/uploads\/2026\/08\/london-england-former-tennis-player-roger-federer-and-aeltc-chair-debbie-jevans-applaud-in-the.jpg?v=1786203748\",\"width\":2048,\"height\":1365},{\"@type\":\"BreadcrumbList\",\"@id\":\"https:\/\/www.tennispassionzone.com\/notizie\/federer-nella-hall-of-fame-il-tennis-celebra-una-leggenda-senza-tempo\/#breadcrumb\",\"itemListElement\":[{\"@type\":\"ListItem\",\"position\":1,\"name\":\"Home\",\"item\":\"https:\/\/www.tennispassionzone.com\/it\/\"},{\"@type\":\"ListItem\",\"position\":2,\"name\":\"Notizie\",\"item\":\"https:\/\/www.tennispassionzone.com\/it\/notizie\/\"},{\"@type\":\"ListItem\",\"position\":3,\"name\":\"Federer nella Hall of Fame: il tennis celebra una leggenda senza tempo\"}]},{\"@type\":\"WebSite\",\"@id\":\"https:\/\/www.tennispassionzone.com\/it\/#website\",\"url\":\"https:\/\/www.tennispassionzone.com\/it\/\",\"name\":\"Tennis Passion Zone\",\"description\":\"\",\"publisher\":{\"@id\":\"https:\/\/www.tennispassionzone.com\/it\/#organization\"},\"potentialAction\":[{\"@type\":\"SearchAction\",\"target\":{\"@type\":\"EntryPoint\",\"urlTemplate\":\"https:\/\/www.tennispassionzone.com\/it\/?s={search_term_string}\"},\"query-input\":{\"@type\":\"PropertyValueSpecification\",\"valueRequired\":true,\"valueName\":\"search_term_string\"}}],\"inLanguage\":\"it-IT\"},{\"@type\":\"Organization\",\"@id\":\"https:\/\/www.tennispassionzone.com\/it\/#organization\",\"name\":\"Tennis Passion Zone\",\"url\":\"https:\/\/www.tennispassionzone.com\/it\/\",\"logo\":{\"@type\":\"ImageObject\",\"inLanguage\":\"it-IT\",\"@id\":\"https:\/\/www.tennispassionzone.com\/it\/#\/schema\/logo\/image\/\",\"url\":\"https:\/\/www.tennispassionzone.com\/wp-content\/uploads\/2025\/12\/Logo_tennis_passion-zone.png?v=1764615384\",\"contentUrl\":\"https:\/\/www.tennispassionzone.com\/wp-content\/uploads\/2025\/12\/Logo_tennis_passion-zone.png?v=1764615384\",\"width\":450,\"height\":225,\"caption\":\"Tennis Passion Zone\"},\"image\":{\"@id\":\"https:\/\/www.tennispassionzone.com\/it\/#\/schema\/logo\/image\/\"}},{\"@type\":\"Person\",\"@id\":\"https:\/\/www.tennispassionzone.com\/it\/#\/schema\/person\/b9c262bd9834410177e11e301758b2a4\",\"name\":\"Gabriele Rossi\",\"image\":{\"@type\":\"ImageObject\",\"inLanguage\":\"it-IT\",\"@id\":\"https:\/\/www.tennispassionzone.com\/it\/#\/schema\/person\/image\/\",\"url\":\"https:\/\/secure.gravatar.com\/avatar\/0ceb236bcc0b754bfdc9d4b86dd50f4b60debf1f4e4142e83d6673fe2157300c?s=96&d=mm&r=g\",\"contentUrl\":\"https:\/\/secure.gravatar.com\/avatar\/0ceb236bcc0b754bfdc9d4b86dd50f4b60debf1f4e4142e83d6673fe2157300c?s=96&d=mm&r=g\",\"caption\":\"Gabriele Rossi\"},\"description\":\"Toscano di origine, divide il proprio tempo tra la Versilia e Milano. Nonostante un percorso accademico nel campo dell\u2019ingegneria, con particolare attenzione alle tecnologie radar ed ai sistemi d\u2019antenna, una forte passione per il calcio lo accompagna fin da bambino. Prima sul campo e, poi, attraverso lo studio di partite, schemi, dati ed analisi, \u00e8 riuscito a trasformare questo interesse in diverse collaborazioni con realt\u00e0 online dedicate al calcio ed al fantacalcio, contribuendo con articoli, approfondimenti e contenuti per la community. L'obiettivo \u00e8 quello di coniugare l\u2019approccio analitico e statistico con quello umano, raccontando il calcio attraverso ci\u00f2 che accade sia nei numeri sia nelle storie dei protagonisti, mantenendo sempre una visione attuale sul panorama calcistico nazionale ed internazionale.\",\"url\":\"https:\/\/www.tennispassionzone.com\/it\/author\/gabriele-rossi\/\"}]}<\/script>\n<!-- \/ Yoast SEO plugin. -->","yoast_head_json":{"title":"Federer nella Hall of Fame: il tennis celebra una leggenda senza tempo - Tennis Passion Zone","robots":{"index":"index","follow":"follow","max-snippet":"max-snippet:-1","max-image-preview":"max-image-preview:large","max-video-preview":"max-video-preview:-1"},"canonical":"https:\/\/www.tennispassionzone.com\/it\/notizie\/federer-nella-hall-of-fame-il-tennis-celebra-una-leggenda-senza-tempo\/","og_locale":"it_IT","og_type":"article","og_title":"Federer nella Hall of Fame: il tennis celebra una leggenda senza tempo - Tennis Passion Zone","og_description":"Roger Federer si prepara a entrare nella International Tennis Hall of Fame, riconoscimento che arriva cinque anni dopo il ritiro come previsto dal regolamento. Lo svizzero sar\u00e0 ufficialmente introdotto il 29 agosto, mentre pochi giorni prima torner\u00e0 protagonista a Flushing Meadows per un\u2019esibizione speciale in occasione dello US Open. Pur non detenendo pi\u00f9 tutti i [&hellip;]","og_url":"https:\/\/www.tennispassionzone.com\/notizie\/federer-nella-hall-of-fame-il-tennis-celebra-una-leggenda-senza-tempo\/","og_site_name":"Tennis Passion Zone","article_published_time":"2026-08-20T18:21:00+00:00","og_image":[{"width":2048,"height":1365,"url":"https:\/\/www.tennispassionzone.com\/wp-content\/uploads\/2026\/08\/london-england-former-tennis-player-roger-federer-and-aeltc-chair-debbie-jevans-applaud-in-the.jpg?v=1786203748","type":"image\/jpeg"}],"author":"Gabriele Rossi","twitter_card":"summary_large_image","twitter_misc":{"Scritto da":"Gabriele Rossi","Tempo di lettura stimato":"3 minuti"},"schema":{"@context":"https:\/\/schema.org","@graph":[{"@type":"Article","@id":"https:\/\/www.tennispassionzone.com\/notizie\/federer-nella-hall-of-fame-il-tennis-celebra-una-leggenda-senza-tempo\/#article","isPartOf":{"@id":"https:\/\/www.tennispassionzone.com\/notizie\/federer-nella-hall-of-fame-il-tennis-celebra-una-leggenda-senza-tempo\/"},"author":{"name":"Gabriele Rossi","@id":"https:\/\/www.tennispassionzone.com\/it\/#\/schema\/person\/b9c262bd9834410177e11e301758b2a4"},"headline":"Federer nella Hall of Fame: il tennis celebra una leggenda senza tempo","datePublished":"2026-08-20T18:21:00+00:00","mainEntityOfPage":{"@id":"https:\/\/www.tennispassionzone.com\/notizie\/federer-nella-hall-of-fame-il-tennis-celebra-una-leggenda-senza-tempo\/"},"wordCount":390,"publisher":{"@id":"https:\/\/www.tennispassionzone.com\/it\/#organization"},"image":{"@id":"https:\/\/www.tennispassionzone.com\/notizie\/federer-nella-hall-of-fame-il-tennis-celebra-una-leggenda-senza-tempo\/#primaryimage"},"thumbnailUrl":"https:\/\/www.tennispassionzone.com\/wp-content\/uploads\/2026\/08\/london-england-former-tennis-player-roger-federer-and-aeltc-chair-debbie-jevans-applaud-in-the.jpg?v=1786203748","articleSection":["Giocatori","Notizie"],"inLanguage":"it-IT"},{"@type":"WebPage","@id":"https:\/\/www.tennispassionzone.com\/notizie\/federer-nella-hall-of-fame-il-tennis-celebra-una-leggenda-senza-tempo\/","url":"https:\/\/www.tennispassionzone.com\/notizie\/federer-nella-hall-of-fame-il-tennis-celebra-una-leggenda-senza-tempo\/","name":"Federer nella Hall of Fame: il tennis celebra una leggenda senza tempo - Tennis Passion Zone","isPartOf":{"@id":"https:\/\/www.tennispassionzone.com\/it\/#website"},"primaryImageOfPage":{"@id":"https:\/\/www.tennispassionzone.com\/notizie\/federer-nella-hall-of-fame-il-tennis-celebra-una-leggenda-senza-tempo\/#primaryimage"},"image":{"@id":"https:\/\/www.tennispassionzone.com\/notizie\/federer-nella-hall-of-fame-il-tennis-celebra-una-leggenda-senza-tempo\/#primaryimage"},"thumbnailUrl":"https:\/\/www.tennispassionzone.com\/wp-content\/uploads\/2026\/08\/london-england-former-tennis-player-roger-federer-and-aeltc-chair-debbie-jevans-applaud-in-the.jpg?v=1786203748","datePublished":"2026-08-20T18:21:00+00:00","breadcrumb":{"@id":"https:\/\/www.tennispassionzone.com\/notizie\/federer-nella-hall-of-fame-il-tennis-celebra-una-leggenda-senza-tempo\/#breadcrumb"},"inLanguage":"it-IT","potentialAction":[{"@type":"ReadAction","target":["https:\/\/www.tennispassionzone.com\/notizie\/federer-nella-hall-of-fame-il-tennis-celebra-una-leggenda-senza-tempo\/"]}]},{"@type":"ImageObject","inLanguage":"it-IT","@id":"https:\/\/www.tennispassionzone.com\/notizie\/federer-nella-hall-of-fame-il-tennis-celebra-una-leggenda-senza-tempo\/#primaryimage","url":"https:\/\/www.tennispassionzone.com\/wp-content\/uploads\/2026\/08\/london-england-former-tennis-player-roger-federer-and-aeltc-chair-debbie-jevans-applaud-in-the.jpg?v=1786203748","contentUrl":"https:\/\/www.tennispassionzone.com\/wp-content\/uploads\/2026\/08\/london-england-former-tennis-player-roger-federer-and-aeltc-chair-debbie-jevans-applaud-in-the.jpg?v=1786203748","width":2048,"height":1365},{"@type":"BreadcrumbList","@id":"https:\/\/www.tennispassionzone.com\/notizie\/federer-nella-hall-of-fame-il-tennis-celebra-una-leggenda-senza-tempo\/#breadcrumb","itemListElement":[{"@type":"ListItem","position":1,"name":"Home","item":"https:\/\/www.tennispassionzone.com\/it\/"},{"@type":"ListItem","position":2,"name":"Notizie","item":"https:\/\/www.tennispassionzone.com\/it\/notizie\/"},{"@type":"ListItem","position":3,"name":"Federer nella Hall of Fame: il tennis celebra una leggenda senza tempo"}]},{"@type":"WebSite","@id":"https:\/\/www.tennispassionzone.com\/it\/#website","url":"https:\/\/www.tennispassionzone.com\/it\/","name":"Tennis Passion Zone","description":"","publisher":{"@id":"https:\/\/www.tennispassionzone.com\/it\/#organization"},"potentialAction":[{"@type":"SearchAction","target":{"@type":"EntryPoint","urlTemplate":"https:\/\/www.tennispassionzone.com\/it\/?s={search_term_string}"},"query-input":{"@type":"PropertyValueSpecification","valueRequired":true,"valueName":"search_term_string"}}],"inLanguage":"it-IT"},{"@type":"Organization","@id":"https:\/\/www.tennispassionzone.com\/it\/#organization","name":"Tennis Passion Zone","url":"https:\/\/www.tennispassionzone.com\/it\/","logo":{"@type":"ImageObject","inLanguage":"it-IT","@id":"https:\/\/www.tennispassionzone.com\/it\/#\/schema\/logo\/image\/","url":"https:\/\/www.tennispassionzone.com\/wp-content\/uploads\/2025\/12\/Logo_tennis_passion-zone.png?v=1764615384","contentUrl":"https:\/\/www.tennispassionzone.com\/wp-content\/uploads\/2025\/12\/Logo_tennis_passion-zone.png?v=1764615384","width":450,"height":225,"caption":"Tennis Passion Zone"},"image":{"@id":"https:\/\/www.tennispassionzone.com\/it\/#\/schema\/logo\/image\/"}},{"@type":"Person","@id":"https:\/\/www.tennispassionzone.com\/it\/#\/schema\/person\/b9c262bd9834410177e11e301758b2a4","name":"Gabriele Rossi","image":{"@type":"ImageObject","inLanguage":"it-IT","@id":"https:\/\/www.tennispassionzone.com\/it\/#\/schema\/person\/image\/","url":"https:\/\/secure.gravatar.com\/avatar\/0ceb236bcc0b754bfdc9d4b86dd50f4b60debf1f4e4142e83d6673fe2157300c?s=96&d=mm&r=g","contentUrl":"https:\/\/secure.gravatar.com\/avatar\/0ceb236bcc0b754bfdc9d4b86dd50f4b60debf1f4e4142e83d6673fe2157300c?s=96&d=mm&r=g","caption":"Gabriele Rossi"},"description":"Toscano di origine, divide il proprio tempo tra la Versilia e Milano. Nonostante un percorso accademico nel campo dell\u2019ingegneria, con particolare attenzione alle tecnologie radar ed ai sistemi d\u2019antenna, una forte passione per il calcio lo accompagna fin da bambino. Prima sul campo e, poi, attraverso lo studio di partite, schemi, dati ed analisi, \u00e8 riuscito a trasformare questo interesse in diverse collaborazioni con realt\u00e0 online dedicate al calcio ed al fantacalcio, contribuendo con articoli, approfondimenti e contenuti per la community. L'obiettivo \u00e8 quello di coniugare l\u2019approccio analitico e statistico con quello umano, raccontando il calcio attraverso ci\u00f2 che accade sia nei numeri sia nelle storie dei protagonisti, mantenendo sempre una visione attuale sul panorama calcistico nazionale ed internazionale.","url":"https:\/\/www.tennispassionzone.com\/it\/author\/gabriele-rossi\/"}]}},"_links":{"self":[{"href":"https:\/\/www.tennispassionzone.com\/it\/wp-json\/wp\/v2\/posts\/85638","targetHints":{"allow":["GET"]}}],"collection":[{"href":"https:\/\/www.tennispassionzone.com\/it\/wp-json\/wp\/v2\/posts"}],"about":[{"href":"https:\/\/www.tennispassionzone.com\/it\/wp-json\/wp\/v2\/types\/post"}],"author":[{"embeddable":true,"href":"https:\/\/www.tennispassionzone.com\/it\/wp-json\/wp\/v2\/users\/22"}],"replies":[{"embeddable":true,"href":"https:\/\/www.tennispassionzone.com\/it\/wp-json\/wp\/v2\/comments?post=85638"}],"version-history":[{"count":1,"href":"https:\/\/www.tennispassionzone.com\/it\/wp-json\/wp\/v2\/posts\/85638\/revisions"}],"predecessor-version":[{"id":85639,"href":"https:\/\/www.tennispassionzone.com\/it\/wp-json\/wp\/v2\/posts\/85638\/revisions\/85639"}],"wp:featuredmedia":[{"embeddable":true,"href":"https:\/\/www.tennispassionzone.com\/it\/wp-json\/wp\/v2\/media\/85292"}],"wp:attachment":[{"href":"https:\/\/www.tennispassionzone.com\/it\/wp-json\/wp\/v2\/media?parent=85638"}],"wp:term":[{"taxonomy":"category","embeddable":true,"href":"https:\/\/www.tennispassionzone.com\/it\/wp-json\/wp\/v2\/categories?post=85638"},{"taxonomy":"post_tag","embeddable":true,"href":"https:\/\/www.tennispassionzone.com\/it\/wp-json\/wp\/v2\/tags?post=85638"}],"curies":[{"name":"wp","href":"https:\/\/api.w.org\/{rel}","templated":true}]}}