{"id":85669,"date":"2026-08-21T16:37:46","date_gmt":"2026-08-21T14:37:46","guid":{"rendered":"https:\/\/www.tennispassionzone.com\/?p=85669"},"modified":"2026-08-21T16:37:49","modified_gmt":"2026-08-21T14:37:49","slug":"sinner-salta-lo-us-open-2026-si-ferma-il-numero-1-del-mondo","status":"publish","type":"post","link":"https:\/\/www.tennispassionzone.com\/it\/notizie\/sinner-salta-lo-us-open-2026-si-ferma-il-numero-1-del-mondo\/","title":{"rendered":"Sinner salta lo US Open 2026: si ferma il numero 1 del mondo"},"content":{"rendered":"\n<p>Brutta notizia per il tennis italiano e mondiale: Jannik Sinner non prender\u00e0 parte allo US Open 2026. Il numero 1 del ranking ATP ha annunciato ufficialmente il forfait attraverso una nota, spiegando di non aver ancora recuperato completamente dal problema al ginocchio destro che lo aveva gi\u00e0 costretto a rinunciare ai Masters 1000 di Montreal e Cincinnati.<\/p>\n\n\n\n<p>\u00abNonostante abbia lavorato duramente insieme al mio team e al mio staff medico, abbiamo dovuto prendere questa difficile decisione: quest&#8217;anno non potr\u00f2 partecipare agli US Open\u00bb.<\/p>\n\n\n\n<p>Una scelta dolorosa ma necessaria per l&#8217;altoatesino, che non saltava uno Slam dal suo debutto nei tornei Major proprio a Flushing Meadows nel 2019.<\/p>\n\n\n\n<h2 class=\"wp-block-heading\">Il problema al ginocchio non \u00e8 ancora risolto<\/h2>\n\n\n\n<p>Negli ultimi giorni Sinner aveva ripreso gli allenamenti in campo a Monte Carlo con la speranza di poter volare a New York. Tuttavia, i test effettuati insieme allo staff tecnico e medico hanno evidenziato come il recupero non sia ancora completo.<\/p>\n\n\n\n<p>\u00abNegli ultimi due giorni siamo tornati ad allenarci sul campo a Monte Carlo e ci siamo resi conto che ho ancora bisogno di pi\u00f9 tempo per recuperare dal problema al ginocchio destro\u00bb.<\/p>\n\n\n\n<p>Una decisione presa per evitare rischi e possibili ricadute in una stagione che, fino a questo momento, \u00e8 stata eccezionale.<\/p>\n\n\n\n<h2 class=\"wp-block-heading\">Una stagione straordinaria<\/h2>\n\n\n\n<p>Nonostante l&#8217;infortunio, il 2026 di Sinner resta fin qui impressionante: 6 titoli conquistati; 44 vittorie in 47 partite; vittoria di tutti i primi cinque Masters 1000 della stagione; successo agli Internazionali d&#8217;Italia; secondo Wimbledon consecutivo.<\/p>\n\n\n\n<p>Numeri che confermano il dominio dell&#8217;azzurro nel circuito ATP e che gli hanno permesso di consolidare il primato mondiale.<\/p>\n\n\n\n<h2 class=\"wp-block-heading\">New York, un torneo speciale<\/h2>\n\n\n\n<p>Lo US Open occupa un posto particolare nella carriera di Sinner. \u00c8 il torneo dove ha debuttato negli Slam nel 2019 e dove ha scritto alcune delle pagine pi\u00f9 importanti della sua carriera.<\/p>\n\n\n\n<p>A Flushing Meadows ha raggiunto: i quarti di finale nel 2022; gli ottavi nel 2023; il trionfo storico nel 2024; la finale nel 2025.<\/p>\n\n\n\n<p>Proprio per questo il tennista italiano non ha nascosto la propria delusione: \u00abSono molto triste e deluso, perch\u00e9 New York occupa un posto speciale nel mio cuore. Non vedevo davvero l&#8217;ora di tornare e giocare nella sua atmosfera elettrizzante\u00bb.<\/p>\n\n\n\n<h2 class=\"wp-block-heading\">Obiettivo: la tourn\u00e9e asiatica<\/h2>\n\n\n\n<p>Il piano di recupero proseguir\u00e0 in Europa insieme allo staff medico e ai preparatori atletici. L&#8217;obiettivo \u00e8 tornare al 100% per la tourn\u00e9e asiatica autunnale, con i tornei di Pechino e Shanghai nel mirino.<\/p>\n\n\n\n<p>Per il tennis mondiale si tratta di un&#8217;assenza pesantissima: il campione in carica del 2024 e finalista del 2025 non potr\u00e0 difendere i punti conquistati a New York. Per Sinner, per\u00f2, la priorit\u00e0 \u00e8 una sola: recuperare completamente e presentarsi al finale di stagione nelle migliori condizioni possibili.<\/p>\n","protected":false},"excerpt":{"rendered":"<p>Brutta notizia per il tennis italiano e mondiale: Jannik Sinner non prender\u00e0 parte allo US Open 2026. Il numero 1 del ranking ATP ha annunciato ufficialmente il forfait attraverso una nota, spiegando di non aver ancora recuperato completamente dal problema al ginocchio destro che lo aveva gi\u00e0 costretto a rinunciare ai Masters 1000 di Montreal [&hellip;]<\/p>\n","protected":false},"author":22,"featured_media":85044,"comment_status":"closed","ping_status":"open","sticky":false,"template":"","format":"standard","meta":{"_overwrite_by_ai":false,"footnotes":""},"categories":[5032,5022,5039],"tags":[],"class_list":["post-85669","post","type-post","status-publish","format-standard","has-post-thumbnail","hentry","category-giocatori","category-notizie","category-us-open"],"acf":[],"yoast_head":"<!-- This site is optimized with the Yoast SEO plugin v26.8 - https:\/\/yoast.com\/product\/yoast-seo-wordpress\/ -->\n<title>Sinner salta lo US Open 2026: si ferma il numero 1 del mondo - Tennis Passion Zone<\/title>\n<meta name=\"robots\" content=\"index, follow, max-snippet:-1, max-image-preview:large, max-video-preview:-1\" \/>\n<link rel=\"canonical\" href=\"https:\/\/www.tennispassionzone.com\/it\/notizie\/sinner-salta-lo-us-open-2026-si-ferma-il-numero-1-del-mondo\/\" \/>\n<meta property=\"og:locale\" content=\"it_IT\" \/>\n<meta property=\"og:type\" content=\"article\" \/>\n<meta property=\"og:title\" content=\"Sinner salta lo US Open 2026: si ferma il numero 1 del mondo - Tennis Passion Zone\" \/>\n<meta property=\"og:description\" content=\"Brutta notizia per il tennis italiano e mondiale: Jannik Sinner non prender\u00e0 parte allo US Open 2026. Il numero 1 del ranking ATP ha annunciato ufficialmente il forfait attraverso una nota, spiegando di non aver ancora recuperato completamente dal problema al ginocchio destro che lo aveva gi\u00e0 costretto a rinunciare ai Masters 1000 di Montreal [&hellip;]\" \/>\n<meta property=\"og:url\" content=\"https:\/\/www.tennispassionzone.com\/it\/notizie\/sinner-salta-lo-us-open-2026-si-ferma-il-numero-1-del-mondo\/\" \/>\n<meta property=\"og:site_name\" content=\"Tennis Passion Zone\" \/>\n<meta property=\"article:published_time\" content=\"2026-08-21T14:37:46+00:00\" \/>\n<meta property=\"article:modified_time\" content=\"2026-08-21T14:37:49+00:00\" \/>\n<meta property=\"og:image\" content=\"https:\/\/www.tennispassionzone.com\/wp-content\/uploads\/2026\/07\/london-england-jannik-sinner-of-italy-looks-on-during-a-training-session-before-the-1.jpg?v=1785448950\" \/>\n\t<meta property=\"og:image:width\" content=\"2048\" \/>\n\t<meta property=\"og:image:height\" content=\"1365\" \/>\n\t<meta property=\"og:image:type\" content=\"image\/jpeg\" \/>\n<meta name=\"author\" content=\"Gabriele Rossi\" \/>\n<meta name=\"twitter:card\" content=\"summary_large_image\" \/>\n<meta name=\"twitter:label1\" content=\"Scritto da\" \/>\n\t<meta name=\"twitter:data1\" content=\"Gabriele Rossi\" \/>\n\t<meta name=\"twitter:label2\" content=\"Tempo di lettura stimato\" \/>\n\t<meta name=\"twitter:data2\" content=\"3 minuti\" \/>\n<script type=\"application\/ld+json\" class=\"yoast-schema-graph\">{\"@context\":\"https:\/\/schema.org\",\"@graph\":[{\"@type\":\"Article\",\"@id\":\"https:\/\/www.tennispassionzone.com\/it\/notizie\/sinner-salta-lo-us-open-2026-si-ferma-il-numero-1-del-mondo\/#article\",\"isPartOf\":{\"@id\":\"https:\/\/www.tennispassionzone.com\/it\/notizie\/sinner-salta-lo-us-open-2026-si-ferma-il-numero-1-del-mondo\/\"},\"author\":{\"name\":\"Gabriele Rossi\",\"@id\":\"https:\/\/www.tennispassionzone.com\/it\/#\/schema\/person\/b9c262bd9834410177e11e301758b2a4\"},\"headline\":\"Sinner salta lo US Open 2026: si ferma il numero 1 del mondo\",\"datePublished\":\"2026-08-21T14:37:46+00:00\",\"dateModified\":\"2026-08-21T14:37:49+00:00\",\"mainEntityOfPage\":{\"@id\":\"https:\/\/www.tennispassionzone.com\/it\/notizie\/sinner-salta-lo-us-open-2026-si-ferma-il-numero-1-del-mondo\/\"},\"wordCount\":451,\"publisher\":{\"@id\":\"https:\/\/www.tennispassionzone.com\/it\/#organization\"},\"image\":{\"@id\":\"https:\/\/www.tennispassionzone.com\/it\/notizie\/sinner-salta-lo-us-open-2026-si-ferma-il-numero-1-del-mondo\/#primaryimage\"},\"thumbnailUrl\":\"https:\/\/www.tennispassionzone.com\/wp-content\/uploads\/2026\/07\/london-england-jannik-sinner-of-italy-looks-on-during-a-training-session-before-the-1.jpg?v=1785448950\",\"articleSection\":[\"Giocatori\",\"Notizie\",\"US Open\"],\"inLanguage\":\"it-IT\"},{\"@type\":\"WebPage\",\"@id\":\"https:\/\/www.tennispassionzone.com\/it\/notizie\/sinner-salta-lo-us-open-2026-si-ferma-il-numero-1-del-mondo\/\",\"url\":\"https:\/\/www.tennispassionzone.com\/it\/notizie\/sinner-salta-lo-us-open-2026-si-ferma-il-numero-1-del-mondo\/\",\"name\":\"Sinner salta lo US Open 2026: si ferma il numero 1 del mondo - Tennis Passion Zone\",\"isPartOf\":{\"@id\":\"https:\/\/www.tennispassionzone.com\/it\/#website\"},\"primaryImageOfPage\":{\"@id\":\"https:\/\/www.tennispassionzone.com\/it\/notizie\/sinner-salta-lo-us-open-2026-si-ferma-il-numero-1-del-mondo\/#primaryimage\"},\"image\":{\"@id\":\"https:\/\/www.tennispassionzone.com\/it\/notizie\/sinner-salta-lo-us-open-2026-si-ferma-il-numero-1-del-mondo\/#primaryimage\"},\"thumbnailUrl\":\"https:\/\/www.tennispassionzone.com\/wp-content\/uploads\/2026\/07\/london-england-jannik-sinner-of-italy-looks-on-during-a-training-session-before-the-1.jpg?v=1785448950\",\"datePublished\":\"2026-08-21T14:37:46+00:00\",\"dateModified\":\"2026-08-21T14:37:49+00:00\",\"breadcrumb\":{\"@id\":\"https:\/\/www.tennispassionzone.com\/it\/notizie\/sinner-salta-lo-us-open-2026-si-ferma-il-numero-1-del-mondo\/#breadcrumb\"},\"inLanguage\":\"it-IT\",\"potentialAction\":[{\"@type\":\"ReadAction\",\"target\":[\"https:\/\/www.tennispassionzone.com\/it\/notizie\/sinner-salta-lo-us-open-2026-si-ferma-il-numero-1-del-mondo\/\"]}]},{\"@type\":\"ImageObject\",\"inLanguage\":\"it-IT\",\"@id\":\"https:\/\/www.tennispassionzone.com\/it\/notizie\/sinner-salta-lo-us-open-2026-si-ferma-il-numero-1-del-mondo\/#primaryimage\",\"url\":\"https:\/\/www.tennispassionzone.com\/wp-content\/uploads\/2026\/07\/london-england-jannik-sinner-of-italy-looks-on-during-a-training-session-before-the-1.jpg?v=1785448950\",\"contentUrl\":\"https:\/\/www.tennispassionzone.com\/wp-content\/uploads\/2026\/07\/london-england-jannik-sinner-of-italy-looks-on-during-a-training-session-before-the-1.jpg?v=1785448950\",\"width\":2048,\"height\":1365},{\"@type\":\"BreadcrumbList\",\"@id\":\"https:\/\/www.tennispassionzone.com\/it\/notizie\/sinner-salta-lo-us-open-2026-si-ferma-il-numero-1-del-mondo\/#breadcrumb\",\"itemListElement\":[{\"@type\":\"ListItem\",\"position\":1,\"name\":\"Home\",\"item\":\"https:\/\/www.tennispassionzone.com\/it\/\"},{\"@type\":\"ListItem\",\"position\":2,\"name\":\"Notizie\",\"item\":\"https:\/\/www.tennispassionzone.com\/it\/notizie\/\"},{\"@type\":\"ListItem\",\"position\":3,\"name\":\"Sinner salta lo US Open 2026: si ferma il numero 1 del mondo\"}]},{\"@type\":\"WebSite\",\"@id\":\"https:\/\/www.tennispassionzone.com\/it\/#website\",\"url\":\"https:\/\/www.tennispassionzone.com\/it\/\",\"name\":\"Tennis Passion Zone\",\"description\":\"\",\"publisher\":{\"@id\":\"https:\/\/www.tennispassionzone.com\/it\/#organization\"},\"potentialAction\":[{\"@type\":\"SearchAction\",\"target\":{\"@type\":\"EntryPoint\",\"urlTemplate\":\"https:\/\/www.tennispassionzone.com\/it\/?s={search_term_string}\"},\"query-input\":{\"@type\":\"PropertyValueSpecification\",\"valueRequired\":true,\"valueName\":\"search_term_string\"}}],\"inLanguage\":\"it-IT\"},{\"@type\":\"Organization\",\"@id\":\"https:\/\/www.tennispassionzone.com\/it\/#organization\",\"name\":\"Tennis Passion Zone\",\"url\":\"https:\/\/www.tennispassionzone.com\/it\/\",\"logo\":{\"@type\":\"ImageObject\",\"inLanguage\":\"it-IT\",\"@id\":\"https:\/\/www.tennispassionzone.com\/it\/#\/schema\/logo\/image\/\",\"url\":\"https:\/\/www.tennispassionzone.com\/wp-content\/uploads\/2025\/12\/Logo_tennis_passion-zone.png?v=1764615384\",\"contentUrl\":\"https:\/\/www.tennispassionzone.com\/wp-content\/uploads\/2025\/12\/Logo_tennis_passion-zone.png?v=1764615384\",\"width\":450,\"height\":225,\"caption\":\"Tennis Passion Zone\"},\"image\":{\"@id\":\"https:\/\/www.tennispassionzone.com\/it\/#\/schema\/logo\/image\/\"}},{\"@type\":\"Person\",\"@id\":\"https:\/\/www.tennispassionzone.com\/it\/#\/schema\/person\/b9c262bd9834410177e11e301758b2a4\",\"name\":\"Gabriele Rossi\",\"image\":{\"@type\":\"ImageObject\",\"inLanguage\":\"it-IT\",\"@id\":\"https:\/\/www.tennispassionzone.com\/it\/#\/schema\/person\/image\/\",\"url\":\"https:\/\/secure.gravatar.com\/avatar\/0ceb236bcc0b754bfdc9d4b86dd50f4b60debf1f4e4142e83d6673fe2157300c?s=96&d=mm&r=g\",\"contentUrl\":\"https:\/\/secure.gravatar.com\/avatar\/0ceb236bcc0b754bfdc9d4b86dd50f4b60debf1f4e4142e83d6673fe2157300c?s=96&d=mm&r=g\",\"caption\":\"Gabriele Rossi\"},\"description\":\"Toscano di origine, divide il proprio tempo tra la Versilia e Milano. Nonostante un percorso accademico nel campo dell\u2019ingegneria, con particolare attenzione alle tecnologie radar ed ai sistemi d\u2019antenna, una forte passione per il calcio lo accompagna fin da bambino. Prima sul campo e, poi, attraverso lo studio di partite, schemi, dati ed analisi, \u00e8 riuscito a trasformare questo interesse in diverse collaborazioni con realt\u00e0 online dedicate al calcio ed al fantacalcio, contribuendo con articoli, approfondimenti e contenuti per la community. L'obiettivo \u00e8 quello di coniugare l\u2019approccio analitico e statistico con quello umano, raccontando il calcio attraverso ci\u00f2 che accade sia nei numeri sia nelle storie dei protagonisti, mantenendo sempre una visione attuale sul panorama calcistico nazionale ed internazionale.\",\"url\":\"https:\/\/www.tennispassionzone.com\/it\/author\/gabriele-rossi\/\"}]}<\/script>\n<!-- \/ Yoast SEO plugin. -->","yoast_head_json":{"title":"Sinner salta lo US Open 2026: si ferma il numero 1 del mondo - Tennis Passion Zone","robots":{"index":"index","follow":"follow","max-snippet":"max-snippet:-1","max-image-preview":"max-image-preview:large","max-video-preview":"max-video-preview:-1"},"canonical":"https:\/\/www.tennispassionzone.com\/it\/notizie\/sinner-salta-lo-us-open-2026-si-ferma-il-numero-1-del-mondo\/","og_locale":"it_IT","og_type":"article","og_title":"Sinner salta lo US Open 2026: si ferma il numero 1 del mondo - Tennis Passion Zone","og_description":"Brutta notizia per il tennis italiano e mondiale: Jannik Sinner non prender\u00e0 parte allo US Open 2026. Il numero 1 del ranking ATP ha annunciato ufficialmente il forfait attraverso una nota, spiegando di non aver ancora recuperato completamente dal problema al ginocchio destro che lo aveva gi\u00e0 costretto a rinunciare ai Masters 1000 di Montreal [&hellip;]","og_url":"https:\/\/www.tennispassionzone.com\/it\/notizie\/sinner-salta-lo-us-open-2026-si-ferma-il-numero-1-del-mondo\/","og_site_name":"Tennis Passion Zone","article_published_time":"2026-08-21T14:37:46+00:00","article_modified_time":"2026-08-21T14:37:49+00:00","og_image":[{"width":2048,"height":1365,"url":"https:\/\/www.tennispassionzone.com\/wp-content\/uploads\/2026\/07\/london-england-jannik-sinner-of-italy-looks-on-during-a-training-session-before-the-1.jpg?v=1785448950","type":"image\/jpeg"}],"author":"Gabriele Rossi","twitter_card":"summary_large_image","twitter_misc":{"Scritto da":"Gabriele Rossi","Tempo di lettura stimato":"3 minuti"},"schema":{"@context":"https:\/\/schema.org","@graph":[{"@type":"Article","@id":"https:\/\/www.tennispassionzone.com\/it\/notizie\/sinner-salta-lo-us-open-2026-si-ferma-il-numero-1-del-mondo\/#article","isPartOf":{"@id":"https:\/\/www.tennispassionzone.com\/it\/notizie\/sinner-salta-lo-us-open-2026-si-ferma-il-numero-1-del-mondo\/"},"author":{"name":"Gabriele Rossi","@id":"https:\/\/www.tennispassionzone.com\/it\/#\/schema\/person\/b9c262bd9834410177e11e301758b2a4"},"headline":"Sinner salta lo US Open 2026: si ferma il numero 1 del mondo","datePublished":"2026-08-21T14:37:46+00:00","dateModified":"2026-08-21T14:37:49+00:00","mainEntityOfPage":{"@id":"https:\/\/www.tennispassionzone.com\/it\/notizie\/sinner-salta-lo-us-open-2026-si-ferma-il-numero-1-del-mondo\/"},"wordCount":451,"publisher":{"@id":"https:\/\/www.tennispassionzone.com\/it\/#organization"},"image":{"@id":"https:\/\/www.tennispassionzone.com\/it\/notizie\/sinner-salta-lo-us-open-2026-si-ferma-il-numero-1-del-mondo\/#primaryimage"},"thumbnailUrl":"https:\/\/www.tennispassionzone.com\/wp-content\/uploads\/2026\/07\/london-england-jannik-sinner-of-italy-looks-on-during-a-training-session-before-the-1.jpg?v=1785448950","articleSection":["Giocatori","Notizie","US Open"],"inLanguage":"it-IT"},{"@type":"WebPage","@id":"https:\/\/www.tennispassionzone.com\/it\/notizie\/sinner-salta-lo-us-open-2026-si-ferma-il-numero-1-del-mondo\/","url":"https:\/\/www.tennispassionzone.com\/it\/notizie\/sinner-salta-lo-us-open-2026-si-ferma-il-numero-1-del-mondo\/","name":"Sinner salta lo US Open 2026: si ferma il numero 1 del mondo - Tennis Passion Zone","isPartOf":{"@id":"https:\/\/www.tennispassionzone.com\/it\/#website"},"primaryImageOfPage":{"@id":"https:\/\/www.tennispassionzone.com\/it\/notizie\/sinner-salta-lo-us-open-2026-si-ferma-il-numero-1-del-mondo\/#primaryimage"},"image":{"@id":"https:\/\/www.tennispassionzone.com\/it\/notizie\/sinner-salta-lo-us-open-2026-si-ferma-il-numero-1-del-mondo\/#primaryimage"},"thumbnailUrl":"https:\/\/www.tennispassionzone.com\/wp-content\/uploads\/2026\/07\/london-england-jannik-sinner-of-italy-looks-on-during-a-training-session-before-the-1.jpg?v=1785448950","datePublished":"2026-08-21T14:37:46+00:00","dateModified":"2026-08-21T14:37:49+00:00","breadcrumb":{"@id":"https:\/\/www.tennispassionzone.com\/it\/notizie\/sinner-salta-lo-us-open-2026-si-ferma-il-numero-1-del-mondo\/#breadcrumb"},"inLanguage":"it-IT","potentialAction":[{"@type":"ReadAction","target":["https:\/\/www.tennispassionzone.com\/it\/notizie\/sinner-salta-lo-us-open-2026-si-ferma-il-numero-1-del-mondo\/"]}]},{"@type":"ImageObject","inLanguage":"it-IT","@id":"https:\/\/www.tennispassionzone.com\/it\/notizie\/sinner-salta-lo-us-open-2026-si-ferma-il-numero-1-del-mondo\/#primaryimage","url":"https:\/\/www.tennispassionzone.com\/wp-content\/uploads\/2026\/07\/london-england-jannik-sinner-of-italy-looks-on-during-a-training-session-before-the-1.jpg?v=1785448950","contentUrl":"https:\/\/www.tennispassionzone.com\/wp-content\/uploads\/2026\/07\/london-england-jannik-sinner-of-italy-looks-on-during-a-training-session-before-the-1.jpg?v=1785448950","width":2048,"height":1365},{"@type":"BreadcrumbList","@id":"https:\/\/www.tennispassionzone.com\/it\/notizie\/sinner-salta-lo-us-open-2026-si-ferma-il-numero-1-del-mondo\/#breadcrumb","itemListElement":[{"@type":"ListItem","position":1,"name":"Home","item":"https:\/\/www.tennispassionzone.com\/it\/"},{"@type":"ListItem","position":2,"name":"Notizie","item":"https:\/\/www.tennispassionzone.com\/it\/notizie\/"},{"@type":"ListItem","position":3,"name":"Sinner salta lo US Open 2026: si ferma il numero 1 del mondo"}]},{"@type":"WebSite","@id":"https:\/\/www.tennispassionzone.com\/it\/#website","url":"https:\/\/www.tennispassionzone.com\/it\/","name":"Tennis Passion Zone","description":"","publisher":{"@id":"https:\/\/www.tennispassionzone.com\/it\/#organization"},"potentialAction":[{"@type":"SearchAction","target":{"@type":"EntryPoint","urlTemplate":"https:\/\/www.tennispassionzone.com\/it\/?s={search_term_string}"},"query-input":{"@type":"PropertyValueSpecification","valueRequired":true,"valueName":"search_term_string"}}],"inLanguage":"it-IT"},{"@type":"Organization","@id":"https:\/\/www.tennispassionzone.com\/it\/#organization","name":"Tennis Passion Zone","url":"https:\/\/www.tennispassionzone.com\/it\/","logo":{"@type":"ImageObject","inLanguage":"it-IT","@id":"https:\/\/www.tennispassionzone.com\/it\/#\/schema\/logo\/image\/","url":"https:\/\/www.tennispassionzone.com\/wp-content\/uploads\/2025\/12\/Logo_tennis_passion-zone.png?v=1764615384","contentUrl":"https:\/\/www.tennispassionzone.com\/wp-content\/uploads\/2025\/12\/Logo_tennis_passion-zone.png?v=1764615384","width":450,"height":225,"caption":"Tennis Passion Zone"},"image":{"@id":"https:\/\/www.tennispassionzone.com\/it\/#\/schema\/logo\/image\/"}},{"@type":"Person","@id":"https:\/\/www.tennispassionzone.com\/it\/#\/schema\/person\/b9c262bd9834410177e11e301758b2a4","name":"Gabriele Rossi","image":{"@type":"ImageObject","inLanguage":"it-IT","@id":"https:\/\/www.tennispassionzone.com\/it\/#\/schema\/person\/image\/","url":"https:\/\/secure.gravatar.com\/avatar\/0ceb236bcc0b754bfdc9d4b86dd50f4b60debf1f4e4142e83d6673fe2157300c?s=96&d=mm&r=g","contentUrl":"https:\/\/secure.gravatar.com\/avatar\/0ceb236bcc0b754bfdc9d4b86dd50f4b60debf1f4e4142e83d6673fe2157300c?s=96&d=mm&r=g","caption":"Gabriele Rossi"},"description":"Toscano di origine, divide il proprio tempo tra la Versilia e Milano. Nonostante un percorso accademico nel campo dell\u2019ingegneria, con particolare attenzione alle tecnologie radar ed ai sistemi d\u2019antenna, una forte passione per il calcio lo accompagna fin da bambino. Prima sul campo e, poi, attraverso lo studio di partite, schemi, dati ed analisi, \u00e8 riuscito a trasformare questo interesse in diverse collaborazioni con realt\u00e0 online dedicate al calcio ed al fantacalcio, contribuendo con articoli, approfondimenti e contenuti per la community. L'obiettivo \u00e8 quello di coniugare l\u2019approccio analitico e statistico con quello umano, raccontando il calcio attraverso ci\u00f2 che accade sia nei numeri sia nelle storie dei protagonisti, mantenendo sempre una visione attuale sul panorama calcistico nazionale ed internazionale.","url":"https:\/\/www.tennispassionzone.com\/it\/author\/gabriele-rossi\/"}]}},"_links":{"self":[{"href":"https:\/\/www.tennispassionzone.com\/it\/wp-json\/wp\/v2\/posts\/85669","targetHints":{"allow":["GET"]}}],"collection":[{"href":"https:\/\/www.tennispassionzone.com\/it\/wp-json\/wp\/v2\/posts"}],"about":[{"href":"https:\/\/www.tennispassionzone.com\/it\/wp-json\/wp\/v2\/types\/post"}],"author":[{"embeddable":true,"href":"https:\/\/www.tennispassionzone.com\/it\/wp-json\/wp\/v2\/users\/22"}],"replies":[{"embeddable":true,"href":"https:\/\/www.tennispassionzone.com\/it\/wp-json\/wp\/v2\/comments?post=85669"}],"version-history":[{"count":1,"href":"https:\/\/www.tennispassionzone.com\/it\/wp-json\/wp\/v2\/posts\/85669\/revisions"}],"predecessor-version":[{"id":85670,"href":"https:\/\/www.tennispassionzone.com\/it\/wp-json\/wp\/v2\/posts\/85669\/revisions\/85670"}],"wp:featuredmedia":[{"embeddable":true,"href":"https:\/\/www.tennispassionzone.com\/it\/wp-json\/wp\/v2\/media\/85044"}],"wp:attachment":[{"href":"https:\/\/www.tennispassionzone.com\/it\/wp-json\/wp\/v2\/media?parent=85669"}],"wp:term":[{"taxonomy":"category","embeddable":true,"href":"https:\/\/www.tennispassionzone.com\/it\/wp-json\/wp\/v2\/categories?post=85669"},{"taxonomy":"post_tag","embeddable":true,"href":"https:\/\/www.tennispassionzone.com\/it\/wp-json\/wp\/v2\/tags?post=85669"}],"curies":[{"name":"wp","href":"https:\/\/api.w.org\/{rel}","templated":true}]}}