{"id":85675,"date":"2026-08-21T18:38:00","date_gmt":"2026-08-21T16:38:00","guid":{"rendered":"https:\/\/www.tennispassionzone.com\/?p=85675"},"modified":"2026-08-21T16:43:26","modified_gmt":"2026-08-21T14:43:26","slug":"rybakina-si-ferma-per-infortunio-sfuma-il-sogno-del-numero-1-mondiale","status":"publish","type":"post","link":"https:\/\/www.tennispassionzone.com\/it\/wta\/rybakina-si-ferma-per-infortunio-sfuma-il-sogno-del-numero-1-mondiale\/","title":{"rendered":"Rybakina si ferma per infortunio: sfuma il sogno del numero 1 mondiale"},"content":{"rendered":"\n<p>Si chiude nel modo pi\u00f9 amaro il cammino di Elena Rybakina al Cincinnati Open 2026. La kazaka \u00e8 stata costretta al ritiro durante il quarto di finale contro Iga Swiatek a causa di un problema alla caviglia sinistra, interrompendo bruscamente una settimana che avrebbe potuto portarla fino alla vetta del ranking WTA.<\/p>\n\n\n\n<h2 class=\"wp-block-heading\">Match finito dopo appena cinque game<\/h2>\n\n\n\n<p>La sfida contro la polacca \u00e8 durata pochissimo. Swiatek era avanti 4-1 nel primo set quando Rybakina ha iniziato a manifestare evidenti difficolt\u00e0 fisiche.<\/p>\n\n\n\n<p>Sul 40-15 del proprio turno di servizio, la kazaka ha commesso un errore su una demi-vol\u00e9e e si \u00e8 immediatamente piegata sulle ginocchia. Nel punto successivo ha mostrato problemi anche nel caricamento del servizio. Dopo l&#8217;intervento del fisioterapista e una rapida valutazione medica, ha deciso di ritirarsi.<\/p>\n\n\n\n<p>Un epilogo doloroso per una delle giocatrici pi\u00f9 in forma delle ultime settimane.<\/p>\n\n\n\n<h2 class=\"wp-block-heading\">Addio al possibile sorpasso in classifica<\/h2>\n\n\n\n<p>L&#8217;infortunio ha avuto conseguenze importanti anche nella corsa al ranking mondiale.<\/p>\n\n\n\n<p>Rybakina sarebbe infatti dovuta arrivare almeno in finale per avere la possibilit\u00e0 di conquistare il primo posto del ranking WTA. Il ritiro certifica quindi che Aryna Sabalenka manterr\u00e0 la leadership mondiale e si presenter\u00e0 allo US Open da numero 1 del mondo, nonostante l&#8217;eliminazione agli ottavi di finale contro la sorprendente Sara Bejlek.<\/p>\n\n\n\n<h2 class=\"wp-block-heading\">Le parole della kazaka<\/h2>\n\n\n\n<p>Dopo il match, Rybakina ha spiegato che il problema non \u00e8 nato improvvisamente: \u00abAdesso fa male anche camminare. Quando far\u00f2 la risonanza magnetica ne sapremo di pi\u00f9. Avevo un problema gi\u00e0 da diverso tempo ma lo tenevo sotto controllo. Dopo aver giocato molte partite in Canada la situazione \u00e8 peggiorata\u00bb.<\/p>\n\n\n\n<p>La campionessa kazaka ha raccontato di aver avvertito segnali preoccupanti gi\u00e0 durante il torneo: \u00abContro Magdalena Frech ho iniziato a sentirlo maggiormente. Prima di affrontare Swiatek mi sentivo bene, ma \u00e8 bastato un movimento sbagliato e qualcosa \u00e8 successo\u00bb.<\/p>\n\n\n\n<p>Le prossime ore saranno decisive per capire l&#8217;entit\u00e0 dell&#8217;infortunio e soprattutto la sua disponibilit\u00e0 per lo US Open.<\/p>\n\n\n\n<h2 class=\"wp-block-heading\">Swiatek: \u00abLa salute viene prima di tutto\u00bb<\/h2>\n\n\n\n<p>Anche Iga Swiatek ha mostrato grande sportivit\u00e0 dopo il ritiro dell&#8217;avversaria: \u00abSpero che Elena stia bene. Questo \u00e8 un torneo importante, ma gli US Open sono gli US Open. \u00c8 davvero vicinissima a diventare numero 1 del mondo. \u00c8 un peccato, perch\u00e9 stavamo giocando una bella partita\u00bb.<\/p>\n\n\n\n<p>La polacca ha ricordato come la salute debba avere sempre la priorit\u00e0 rispetto ai risultati sportivi.<\/p>\n\n\n\n<h2 class=\"wp-block-heading\">Ora c&#8217;\u00e8 Pegula in semifinale<\/h2>\n\n\n\n<p>Grazie al ritiro di Rybakina, Swiatek raggiunge la semifinale dove affronter\u00e0 Jessica Pegula.<\/p>\n\n\n\n<p>La polacca punta a difendere il titolo conquistato un anno fa e diventare la prima giocatrice dopo Serena Williams a vincere consecutivamente il torneo di Cincinnati. I precedenti contro Pegula la vedono avanti 7-5, ma sul cemento la statunitense ha spesso saputo metterla in difficolt\u00e0.<\/p>\n\n\n\n<p>Con lo US Open ormai alle porte, l&#8217;attenzione del circuito femminile \u00e8 per\u00f2 concentrata soprattutto sulle condizioni di Rybakina. La corsa al numero 1 si ferma qui, ma la vera preoccupazione adesso riguarda il recupero della caviglia e la possibilit\u00e0 di essere presente a New York.<\/p>\n","protected":false},"excerpt":{"rendered":"<p>Si chiude nel modo pi\u00f9 amaro il cammino di Elena Rybakina al Cincinnati Open 2026. La kazaka \u00e8 stata costretta al ritiro durante il quarto di finale contro Iga Swiatek a causa di un problema alla caviglia sinistra, interrompendo bruscamente una settimana che avrebbe potuto portarla fino alla vetta del ranking WTA. Match finito dopo [&hellip;]<\/p>\n","protected":false},"author":22,"featured_media":80313,"comment_status":"closed","ping_status":"open","sticky":false,"template":"","format":"standard","meta":{"_overwrite_by_ai":false,"footnotes":""},"categories":[5028,5033,5022,5027],"tags":[],"class_list":["post-85675","post","type-post","status-publish","format-standard","has-post-thumbnail","hentry","category-calendario-risultati-wta","category-giocatrici","category-notizie","category-wta"],"acf":[],"yoast_head":"<!-- This site is optimized with the Yoast SEO plugin v26.8 - https:\/\/yoast.com\/product\/yoast-seo-wordpress\/ -->\n<title>Rybakina si ferma per infortunio: sfuma il sogno del numero 1 mondiale - Tennis Passion Zone<\/title>\n<meta name=\"robots\" content=\"index, follow, max-snippet:-1, max-image-preview:large, max-video-preview:-1\" \/>\n<link rel=\"canonical\" href=\"https:\/\/www.tennispassionzone.com\/it\/wta\/rybakina-si-ferma-per-infortunio-sfuma-il-sogno-del-numero-1-mondiale\/\" \/>\n<meta property=\"og:locale\" content=\"it_IT\" \/>\n<meta property=\"og:type\" content=\"article\" \/>\n<meta property=\"og:title\" content=\"Rybakina si ferma per infortunio: sfuma il sogno del numero 1 mondiale - Tennis Passion Zone\" \/>\n<meta property=\"og:description\" content=\"Si chiude nel modo pi\u00f9 amaro il cammino di Elena Rybakina al Cincinnati Open 2026. La kazaka \u00e8 stata costretta al ritiro durante il quarto di finale contro Iga Swiatek a causa di un problema alla caviglia sinistra, interrompendo bruscamente una settimana che avrebbe potuto portarla fino alla vetta del ranking WTA. Match finito dopo [&hellip;]\" \/>\n<meta property=\"og:url\" content=\"https:\/\/www.tennispassionzone.com\/it\/wta\/rybakina-si-ferma-per-infortunio-sfuma-il-sogno-del-numero-1-mondiale\/\" \/>\n<meta property=\"og:site_name\" content=\"Tennis Passion Zone\" \/>\n<meta property=\"article:published_time\" content=\"2026-08-21T16:38:00+00:00\" \/>\n<meta property=\"og:image\" content=\"https:\/\/www.tennispassionzone.com\/wp-content\/uploads\/2026\/04\/madrid-spain-elena-rybakina-of-kazakhstan-looks-on-against-elena-gabriela-ruse-of-romania.jpg?v=1777109547\" \/>\n\t<meta property=\"og:image:width\" content=\"2048\" \/>\n\t<meta property=\"og:image:height\" content=\"1365\" \/>\n\t<meta property=\"og:image:type\" content=\"image\/jpeg\" \/>\n<meta name=\"author\" content=\"Gabriele Rossi\" \/>\n<meta name=\"twitter:card\" content=\"summary_large_image\" \/>\n<meta name=\"twitter:label1\" content=\"Scritto da\" \/>\n\t<meta name=\"twitter:data1\" content=\"Gabriele Rossi\" \/>\n\t<meta name=\"twitter:label2\" content=\"Tempo di lettura stimato\" \/>\n\t<meta name=\"twitter:data2\" content=\"3 minuti\" \/>\n<script type=\"application\/ld+json\" class=\"yoast-schema-graph\">{\"@context\":\"https:\/\/schema.org\",\"@graph\":[{\"@type\":\"Article\",\"@id\":\"https:\/\/www.tennispassionzone.com\/it\/wta\/rybakina-si-ferma-per-infortunio-sfuma-il-sogno-del-numero-1-mondiale\/#article\",\"isPartOf\":{\"@id\":\"https:\/\/www.tennispassionzone.com\/it\/wta\/rybakina-si-ferma-per-infortunio-sfuma-il-sogno-del-numero-1-mondiale\/\"},\"author\":{\"name\":\"Gabriele Rossi\",\"@id\":\"https:\/\/www.tennispassionzone.com\/it\/#\/schema\/person\/b9c262bd9834410177e11e301758b2a4\"},\"headline\":\"Rybakina si ferma per infortunio: sfuma il sogno del numero 1 mondiale\",\"datePublished\":\"2026-08-21T16:38:00+00:00\",\"mainEntityOfPage\":{\"@id\":\"https:\/\/www.tennispassionzone.com\/it\/wta\/rybakina-si-ferma-per-infortunio-sfuma-il-sogno-del-numero-1-mondiale\/\"},\"wordCount\":506,\"publisher\":{\"@id\":\"https:\/\/www.tennispassionzone.com\/it\/#organization\"},\"image\":{\"@id\":\"https:\/\/www.tennispassionzone.com\/it\/wta\/rybakina-si-ferma-per-infortunio-sfuma-il-sogno-del-numero-1-mondiale\/#primaryimage\"},\"thumbnailUrl\":\"https:\/\/www.tennispassionzone.com\/wp-content\/uploads\/2026\/04\/madrid-spain-elena-rybakina-of-kazakhstan-looks-on-against-elena-gabriela-ruse-of-romania.jpg?v=1777109547\",\"articleSection\":[\"Calendario e risultati\",\"Giocatrici\",\"Notizie\",\"WTA\"],\"inLanguage\":\"it-IT\"},{\"@type\":\"WebPage\",\"@id\":\"https:\/\/www.tennispassionzone.com\/it\/wta\/rybakina-si-ferma-per-infortunio-sfuma-il-sogno-del-numero-1-mondiale\/\",\"url\":\"https:\/\/www.tennispassionzone.com\/it\/wta\/rybakina-si-ferma-per-infortunio-sfuma-il-sogno-del-numero-1-mondiale\/\",\"name\":\"Rybakina si ferma per infortunio: sfuma il sogno del numero 1 mondiale - Tennis Passion Zone\",\"isPartOf\":{\"@id\":\"https:\/\/www.tennispassionzone.com\/it\/#website\"},\"primaryImageOfPage\":{\"@id\":\"https:\/\/www.tennispassionzone.com\/it\/wta\/rybakina-si-ferma-per-infortunio-sfuma-il-sogno-del-numero-1-mondiale\/#primaryimage\"},\"image\":{\"@id\":\"https:\/\/www.tennispassionzone.com\/it\/wta\/rybakina-si-ferma-per-infortunio-sfuma-il-sogno-del-numero-1-mondiale\/#primaryimage\"},\"thumbnailUrl\":\"https:\/\/www.tennispassionzone.com\/wp-content\/uploads\/2026\/04\/madrid-spain-elena-rybakina-of-kazakhstan-looks-on-against-elena-gabriela-ruse-of-romania.jpg?v=1777109547\",\"datePublished\":\"2026-08-21T16:38:00+00:00\",\"breadcrumb\":{\"@id\":\"https:\/\/www.tennispassionzone.com\/it\/wta\/rybakina-si-ferma-per-infortunio-sfuma-il-sogno-del-numero-1-mondiale\/#breadcrumb\"},\"inLanguage\":\"it-IT\",\"potentialAction\":[{\"@type\":\"ReadAction\",\"target\":[\"https:\/\/www.tennispassionzone.com\/it\/wta\/rybakina-si-ferma-per-infortunio-sfuma-il-sogno-del-numero-1-mondiale\/\"]}]},{\"@type\":\"ImageObject\",\"inLanguage\":\"it-IT\",\"@id\":\"https:\/\/www.tennispassionzone.com\/it\/wta\/rybakina-si-ferma-per-infortunio-sfuma-il-sogno-del-numero-1-mondiale\/#primaryimage\",\"url\":\"https:\/\/www.tennispassionzone.com\/wp-content\/uploads\/2026\/04\/madrid-spain-elena-rybakina-of-kazakhstan-looks-on-against-elena-gabriela-ruse-of-romania.jpg?v=1777109547\",\"contentUrl\":\"https:\/\/www.tennispassionzone.com\/wp-content\/uploads\/2026\/04\/madrid-spain-elena-rybakina-of-kazakhstan-looks-on-against-elena-gabriela-ruse-of-romania.jpg?v=1777109547\",\"width\":2048,\"height\":1365},{\"@type\":\"BreadcrumbList\",\"@id\":\"https:\/\/www.tennispassionzone.com\/it\/wta\/rybakina-si-ferma-per-infortunio-sfuma-il-sogno-del-numero-1-mondiale\/#breadcrumb\",\"itemListElement\":[{\"@type\":\"ListItem\",\"position\":1,\"name\":\"Home\",\"item\":\"https:\/\/www.tennispassionzone.com\/it\/\"},{\"@type\":\"ListItem\",\"position\":2,\"name\":\"WTA\",\"item\":\"https:\/\/www.tennispassionzone.com\/it\/wta\/\"},{\"@type\":\"ListItem\",\"position\":3,\"name\":\"Rybakina si ferma per infortunio: sfuma il sogno del numero 1 mondiale\"}]},{\"@type\":\"WebSite\",\"@id\":\"https:\/\/www.tennispassionzone.com\/it\/#website\",\"url\":\"https:\/\/www.tennispassionzone.com\/it\/\",\"name\":\"Tennis Passion Zone\",\"description\":\"\",\"publisher\":{\"@id\":\"https:\/\/www.tennispassionzone.com\/it\/#organization\"},\"potentialAction\":[{\"@type\":\"SearchAction\",\"target\":{\"@type\":\"EntryPoint\",\"urlTemplate\":\"https:\/\/www.tennispassionzone.com\/it\/?s={search_term_string}\"},\"query-input\":{\"@type\":\"PropertyValueSpecification\",\"valueRequired\":true,\"valueName\":\"search_term_string\"}}],\"inLanguage\":\"it-IT\"},{\"@type\":\"Organization\",\"@id\":\"https:\/\/www.tennispassionzone.com\/it\/#organization\",\"name\":\"Tennis Passion Zone\",\"url\":\"https:\/\/www.tennispassionzone.com\/it\/\",\"logo\":{\"@type\":\"ImageObject\",\"inLanguage\":\"it-IT\",\"@id\":\"https:\/\/www.tennispassionzone.com\/it\/#\/schema\/logo\/image\/\",\"url\":\"https:\/\/www.tennispassionzone.com\/wp-content\/uploads\/2025\/12\/Logo_tennis_passion-zone.png?v=1764615384\",\"contentUrl\":\"https:\/\/www.tennispassionzone.com\/wp-content\/uploads\/2025\/12\/Logo_tennis_passion-zone.png?v=1764615384\",\"width\":450,\"height\":225,\"caption\":\"Tennis Passion Zone\"},\"image\":{\"@id\":\"https:\/\/www.tennispassionzone.com\/it\/#\/schema\/logo\/image\/\"}},{\"@type\":\"Person\",\"@id\":\"https:\/\/www.tennispassionzone.com\/it\/#\/schema\/person\/b9c262bd9834410177e11e301758b2a4\",\"name\":\"Gabriele Rossi\",\"image\":{\"@type\":\"ImageObject\",\"inLanguage\":\"it-IT\",\"@id\":\"https:\/\/www.tennispassionzone.com\/it\/#\/schema\/person\/image\/\",\"url\":\"https:\/\/secure.gravatar.com\/avatar\/0ceb236bcc0b754bfdc9d4b86dd50f4b60debf1f4e4142e83d6673fe2157300c?s=96&d=mm&r=g\",\"contentUrl\":\"https:\/\/secure.gravatar.com\/avatar\/0ceb236bcc0b754bfdc9d4b86dd50f4b60debf1f4e4142e83d6673fe2157300c?s=96&d=mm&r=g\",\"caption\":\"Gabriele Rossi\"},\"description\":\"Toscano di origine, divide il proprio tempo tra la Versilia e Milano. Nonostante un percorso accademico nel campo dell\u2019ingegneria, con particolare attenzione alle tecnologie radar ed ai sistemi d\u2019antenna, una forte passione per il calcio lo accompagna fin da bambino. Prima sul campo e, poi, attraverso lo studio di partite, schemi, dati ed analisi, \u00e8 riuscito a trasformare questo interesse in diverse collaborazioni con realt\u00e0 online dedicate al calcio ed al fantacalcio, contribuendo con articoli, approfondimenti e contenuti per la community. L'obiettivo \u00e8 quello di coniugare l\u2019approccio analitico e statistico con quello umano, raccontando il calcio attraverso ci\u00f2 che accade sia nei numeri sia nelle storie dei protagonisti, mantenendo sempre una visione attuale sul panorama calcistico nazionale ed internazionale.\",\"url\":\"https:\/\/www.tennispassionzone.com\/it\/author\/gabriele-rossi\/\"}]}<\/script>\n<!-- \/ Yoast SEO plugin. -->","yoast_head_json":{"title":"Rybakina si ferma per infortunio: sfuma il sogno del numero 1 mondiale - Tennis Passion Zone","robots":{"index":"index","follow":"follow","max-snippet":"max-snippet:-1","max-image-preview":"max-image-preview:large","max-video-preview":"max-video-preview:-1"},"canonical":"https:\/\/www.tennispassionzone.com\/it\/wta\/rybakina-si-ferma-per-infortunio-sfuma-il-sogno-del-numero-1-mondiale\/","og_locale":"it_IT","og_type":"article","og_title":"Rybakina si ferma per infortunio: sfuma il sogno del numero 1 mondiale - Tennis Passion Zone","og_description":"Si chiude nel modo pi\u00f9 amaro il cammino di Elena Rybakina al Cincinnati Open 2026. La kazaka \u00e8 stata costretta al ritiro durante il quarto di finale contro Iga Swiatek a causa di un problema alla caviglia sinistra, interrompendo bruscamente una settimana che avrebbe potuto portarla fino alla vetta del ranking WTA. Match finito dopo [&hellip;]","og_url":"https:\/\/www.tennispassionzone.com\/it\/wta\/rybakina-si-ferma-per-infortunio-sfuma-il-sogno-del-numero-1-mondiale\/","og_site_name":"Tennis Passion Zone","article_published_time":"2026-08-21T16:38:00+00:00","og_image":[{"width":2048,"height":1365,"url":"https:\/\/www.tennispassionzone.com\/wp-content\/uploads\/2026\/04\/madrid-spain-elena-rybakina-of-kazakhstan-looks-on-against-elena-gabriela-ruse-of-romania.jpg?v=1777109547","type":"image\/jpeg"}],"author":"Gabriele Rossi","twitter_card":"summary_large_image","twitter_misc":{"Scritto da":"Gabriele Rossi","Tempo di lettura stimato":"3 minuti"},"schema":{"@context":"https:\/\/schema.org","@graph":[{"@type":"Article","@id":"https:\/\/www.tennispassionzone.com\/it\/wta\/rybakina-si-ferma-per-infortunio-sfuma-il-sogno-del-numero-1-mondiale\/#article","isPartOf":{"@id":"https:\/\/www.tennispassionzone.com\/it\/wta\/rybakina-si-ferma-per-infortunio-sfuma-il-sogno-del-numero-1-mondiale\/"},"author":{"name":"Gabriele Rossi","@id":"https:\/\/www.tennispassionzone.com\/it\/#\/schema\/person\/b9c262bd9834410177e11e301758b2a4"},"headline":"Rybakina si ferma per infortunio: sfuma il sogno del numero 1 mondiale","datePublished":"2026-08-21T16:38:00+00:00","mainEntityOfPage":{"@id":"https:\/\/www.tennispassionzone.com\/it\/wta\/rybakina-si-ferma-per-infortunio-sfuma-il-sogno-del-numero-1-mondiale\/"},"wordCount":506,"publisher":{"@id":"https:\/\/www.tennispassionzone.com\/it\/#organization"},"image":{"@id":"https:\/\/www.tennispassionzone.com\/it\/wta\/rybakina-si-ferma-per-infortunio-sfuma-il-sogno-del-numero-1-mondiale\/#primaryimage"},"thumbnailUrl":"https:\/\/www.tennispassionzone.com\/wp-content\/uploads\/2026\/04\/madrid-spain-elena-rybakina-of-kazakhstan-looks-on-against-elena-gabriela-ruse-of-romania.jpg?v=1777109547","articleSection":["Calendario e risultati","Giocatrici","Notizie","WTA"],"inLanguage":"it-IT"},{"@type":"WebPage","@id":"https:\/\/www.tennispassionzone.com\/it\/wta\/rybakina-si-ferma-per-infortunio-sfuma-il-sogno-del-numero-1-mondiale\/","url":"https:\/\/www.tennispassionzone.com\/it\/wta\/rybakina-si-ferma-per-infortunio-sfuma-il-sogno-del-numero-1-mondiale\/","name":"Rybakina si ferma per infortunio: sfuma il sogno del numero 1 mondiale - Tennis Passion Zone","isPartOf":{"@id":"https:\/\/www.tennispassionzone.com\/it\/#website"},"primaryImageOfPage":{"@id":"https:\/\/www.tennispassionzone.com\/it\/wta\/rybakina-si-ferma-per-infortunio-sfuma-il-sogno-del-numero-1-mondiale\/#primaryimage"},"image":{"@id":"https:\/\/www.tennispassionzone.com\/it\/wta\/rybakina-si-ferma-per-infortunio-sfuma-il-sogno-del-numero-1-mondiale\/#primaryimage"},"thumbnailUrl":"https:\/\/www.tennispassionzone.com\/wp-content\/uploads\/2026\/04\/madrid-spain-elena-rybakina-of-kazakhstan-looks-on-against-elena-gabriela-ruse-of-romania.jpg?v=1777109547","datePublished":"2026-08-21T16:38:00+00:00","breadcrumb":{"@id":"https:\/\/www.tennispassionzone.com\/it\/wta\/rybakina-si-ferma-per-infortunio-sfuma-il-sogno-del-numero-1-mondiale\/#breadcrumb"},"inLanguage":"it-IT","potentialAction":[{"@type":"ReadAction","target":["https:\/\/www.tennispassionzone.com\/it\/wta\/rybakina-si-ferma-per-infortunio-sfuma-il-sogno-del-numero-1-mondiale\/"]}]},{"@type":"ImageObject","inLanguage":"it-IT","@id":"https:\/\/www.tennispassionzone.com\/it\/wta\/rybakina-si-ferma-per-infortunio-sfuma-il-sogno-del-numero-1-mondiale\/#primaryimage","url":"https:\/\/www.tennispassionzone.com\/wp-content\/uploads\/2026\/04\/madrid-spain-elena-rybakina-of-kazakhstan-looks-on-against-elena-gabriela-ruse-of-romania.jpg?v=1777109547","contentUrl":"https:\/\/www.tennispassionzone.com\/wp-content\/uploads\/2026\/04\/madrid-spain-elena-rybakina-of-kazakhstan-looks-on-against-elena-gabriela-ruse-of-romania.jpg?v=1777109547","width":2048,"height":1365},{"@type":"BreadcrumbList","@id":"https:\/\/www.tennispassionzone.com\/it\/wta\/rybakina-si-ferma-per-infortunio-sfuma-il-sogno-del-numero-1-mondiale\/#breadcrumb","itemListElement":[{"@type":"ListItem","position":1,"name":"Home","item":"https:\/\/www.tennispassionzone.com\/it\/"},{"@type":"ListItem","position":2,"name":"WTA","item":"https:\/\/www.tennispassionzone.com\/it\/wta\/"},{"@type":"ListItem","position":3,"name":"Rybakina si ferma per infortunio: sfuma il sogno del numero 1 mondiale"}]},{"@type":"WebSite","@id":"https:\/\/www.tennispassionzone.com\/it\/#website","url":"https:\/\/www.tennispassionzone.com\/it\/","name":"Tennis Passion Zone","description":"","publisher":{"@id":"https:\/\/www.tennispassionzone.com\/it\/#organization"},"potentialAction":[{"@type":"SearchAction","target":{"@type":"EntryPoint","urlTemplate":"https:\/\/www.tennispassionzone.com\/it\/?s={search_term_string}"},"query-input":{"@type":"PropertyValueSpecification","valueRequired":true,"valueName":"search_term_string"}}],"inLanguage":"it-IT"},{"@type":"Organization","@id":"https:\/\/www.tennispassionzone.com\/it\/#organization","name":"Tennis Passion Zone","url":"https:\/\/www.tennispassionzone.com\/it\/","logo":{"@type":"ImageObject","inLanguage":"it-IT","@id":"https:\/\/www.tennispassionzone.com\/it\/#\/schema\/logo\/image\/","url":"https:\/\/www.tennispassionzone.com\/wp-content\/uploads\/2025\/12\/Logo_tennis_passion-zone.png?v=1764615384","contentUrl":"https:\/\/www.tennispassionzone.com\/wp-content\/uploads\/2025\/12\/Logo_tennis_passion-zone.png?v=1764615384","width":450,"height":225,"caption":"Tennis Passion Zone"},"image":{"@id":"https:\/\/www.tennispassionzone.com\/it\/#\/schema\/logo\/image\/"}},{"@type":"Person","@id":"https:\/\/www.tennispassionzone.com\/it\/#\/schema\/person\/b9c262bd9834410177e11e301758b2a4","name":"Gabriele Rossi","image":{"@type":"ImageObject","inLanguage":"it-IT","@id":"https:\/\/www.tennispassionzone.com\/it\/#\/schema\/person\/image\/","url":"https:\/\/secure.gravatar.com\/avatar\/0ceb236bcc0b754bfdc9d4b86dd50f4b60debf1f4e4142e83d6673fe2157300c?s=96&d=mm&r=g","contentUrl":"https:\/\/secure.gravatar.com\/avatar\/0ceb236bcc0b754bfdc9d4b86dd50f4b60debf1f4e4142e83d6673fe2157300c?s=96&d=mm&r=g","caption":"Gabriele Rossi"},"description":"Toscano di origine, divide il proprio tempo tra la Versilia e Milano. Nonostante un percorso accademico nel campo dell\u2019ingegneria, con particolare attenzione alle tecnologie radar ed ai sistemi d\u2019antenna, una forte passione per il calcio lo accompagna fin da bambino. Prima sul campo e, poi, attraverso lo studio di partite, schemi, dati ed analisi, \u00e8 riuscito a trasformare questo interesse in diverse collaborazioni con realt\u00e0 online dedicate al calcio ed al fantacalcio, contribuendo con articoli, approfondimenti e contenuti per la community. L'obiettivo \u00e8 quello di coniugare l\u2019approccio analitico e statistico con quello umano, raccontando il calcio attraverso ci\u00f2 che accade sia nei numeri sia nelle storie dei protagonisti, mantenendo sempre una visione attuale sul panorama calcistico nazionale ed internazionale.","url":"https:\/\/www.tennispassionzone.com\/it\/author\/gabriele-rossi\/"}]}},"_links":{"self":[{"href":"https:\/\/www.tennispassionzone.com\/it\/wp-json\/wp\/v2\/posts\/85675","targetHints":{"allow":["GET"]}}],"collection":[{"href":"https:\/\/www.tennispassionzone.com\/it\/wp-json\/wp\/v2\/posts"}],"about":[{"href":"https:\/\/www.tennispassionzone.com\/it\/wp-json\/wp\/v2\/types\/post"}],"author":[{"embeddable":true,"href":"https:\/\/www.tennispassionzone.com\/it\/wp-json\/wp\/v2\/users\/22"}],"replies":[{"embeddable":true,"href":"https:\/\/www.tennispassionzone.com\/it\/wp-json\/wp\/v2\/comments?post=85675"}],"version-history":[{"count":1,"href":"https:\/\/www.tennispassionzone.com\/it\/wp-json\/wp\/v2\/posts\/85675\/revisions"}],"predecessor-version":[{"id":85676,"href":"https:\/\/www.tennispassionzone.com\/it\/wp-json\/wp\/v2\/posts\/85675\/revisions\/85676"}],"wp:featuredmedia":[{"embeddable":true,"href":"https:\/\/www.tennispassionzone.com\/it\/wp-json\/wp\/v2\/media\/80313"}],"wp:attachment":[{"href":"https:\/\/www.tennispassionzone.com\/it\/wp-json\/wp\/v2\/media?parent=85675"}],"wp:term":[{"taxonomy":"category","embeddable":true,"href":"https:\/\/www.tennispassionzone.com\/it\/wp-json\/wp\/v2\/categories?post=85675"},{"taxonomy":"post_tag","embeddable":true,"href":"https:\/\/www.tennispassionzone.com\/it\/wp-json\/wp\/v2\/tags?post=85675"}],"curies":[{"name":"wp","href":"https:\/\/api.w.org\/{rel}","templated":true}]}}