{"id":85689,"date":"2026-08-21T21:07:00","date_gmt":"2026-08-21T19:07:00","guid":{"rendered":"https:\/\/www.tennispassionzone.com\/?p=85689"},"modified":"2026-08-21T19:59:12","modified_gmt":"2026-08-21T17:59:12","slug":"djokovic-protagonista-su-prime-video-esce-il-documentario-il-lupo-dinverno","status":"publish","type":"post","link":"https:\/\/www.tennispassionzone.com\/notizie\/djokovic-protagonista-su-prime-video-esce-il-documentario-il-lupo-dinverno\/","title":{"rendered":"Djokovic protagonista su Prime Video: esce il documentario &#8220;Il lupo d\u2019inverno&#8221;"},"content":{"rendered":"\n<p>Novak Djokovic torna al centro della scena, questa volta lontano dai campi da tennis. Dal 20 agosto \u00e8 disponibile su Prime Video <em>Novak Djokovic: Il lupo d\u2019inverno<\/em>, documentario dedicato alla carriera e alla vita del campione serbo, distribuito in oltre 240 Paesi e territori.<\/p>\n\n\n\n<p>Il progetto \u00e8 stato realizzato da Words + Pictures e Sadoux Productions, con la regia di Jason Hehir, gi\u00e0 autore di <em>The Last Dance<\/em>, la serie che raccont\u00f2 la carriera di Michael Jordan.<\/p>\n\n\n\n<h2 class=\"wp-block-heading\">Dai campi della Serbia ai record del tennis mondiale<\/h2>\n\n\n\n<p>La produzione ripercorre le tappe principali dell&#8217;ascesa di Djokovic, cresciuto in Serbia in anni particolarmente difficili e diventato uno dei giocatori pi\u00f9 vincenti nella storia del tennis.<\/p>\n\n\n\n<p>Nel corso della sua carriera il serbo ha conquistato 24 titoli del Grande Slam, record nel singolare maschile, superando quota 1.100 vittorie nel circuito ATP. Nel suo palmar\u00e8s figurano inoltre l&#8217;oro olimpico e il primato di 428 settimane trascorse in vetta alla classifica mondiale.<\/p>\n\n\n\n<h2 class=\"wp-block-heading\">Un racconto tra successi e momenti privati<\/h2>\n\n\n\n<p>Il documentario non si concentra esclusivamente sui risultati ottenuti in campo. <em>Il lupo d\u2019inverno<\/em> approfondisce anche gli aspetti meno conosciuti della figura di Djokovic, raccontando il percorso personale che lo ha accompagnato ai vertici del tennis mondiale.<\/p>\n\n\n\n<p>Attraverso immagini esclusive vengono mostrati momenti dietro le quinte dei tornei, sessioni di allenamento e frammenti della vita privata trascorsa accanto a familiari e amici. Ampio spazio \u00e8 dedicato anche al rapporto spesso complesso tra il campione serbo e il pubblico, soprattutto negli anni in cui si \u00e8 inserito nella storica rivalit\u00e0 tra Roger Federer e Rafael Nadal.<\/p>\n\n\n\n<h2 class=\"wp-block-heading\">Un ritratto del campione serbo<\/h2>\n\n\n\n<p>L&#8217;obiettivo del documentario \u00e8 offrire uno sguardo pi\u00f9 ampio sulla figura di Djokovic, andando oltre trofei e statistiche. Il racconto alterna le vittorie che hanno segnato la sua carriera ai momenti pi\u00f9 delicati del percorso umano e professionale, restituendo il profilo di uno dei protagonisti pi\u00f9 discussi e vincenti dell&#8217;era moderna del tennis.<\/p>\n","protected":false},"excerpt":{"rendered":"<p>Novak Djokovic torna al centro della scena, questa volta lontano dai campi da tennis. Dal 20 agosto \u00e8 disponibile su Prime Video Novak Djokovic: Il lupo d\u2019inverno, documentario dedicato alla carriera e alla vita del campione serbo, distribuito in oltre 240 Paesi e territori. Il progetto \u00e8 stato realizzato da Words + Pictures e Sadoux [&hellip;]<\/p>\n","protected":false},"author":22,"featured_media":84430,"comment_status":"closed","ping_status":"open","sticky":false,"template":"","format":"standard","meta":{"_overwrite_by_ai":false,"footnotes":""},"categories":[5032,5022],"tags":[],"class_list":["post-85689","post","type-post","status-publish","format-standard","has-post-thumbnail","hentry","category-giocatori","category-notizie"],"acf":[],"yoast_head":"<!-- This site is optimized with the Yoast SEO plugin v26.8 - https:\/\/yoast.com\/product\/yoast-seo-wordpress\/ -->\n<title>Djokovic protagonista su Prime Video: esce il documentario &quot;Il lupo d\u2019inverno&quot; - Tennis Passion Zone<\/title>\n<meta name=\"robots\" content=\"index, follow, max-snippet:-1, max-image-preview:large, max-video-preview:-1\" \/>\n<link rel=\"canonical\" href=\"https:\/\/www.tennispassionzone.com\/it\/notizie\/djokovic-protagonista-su-prime-video-esce-il-documentario-il-lupo-dinverno\/\" \/>\n<meta property=\"og:locale\" content=\"it_IT\" \/>\n<meta property=\"og:type\" content=\"article\" \/>\n<meta property=\"og:title\" content=\"Djokovic protagonista su Prime Video: esce il documentario &quot;Il lupo d\u2019inverno&quot; - Tennis Passion Zone\" \/>\n<meta property=\"og:description\" content=\"Novak Djokovic torna al centro della scena, questa volta lontano dai campi da tennis. Dal 20 agosto \u00e8 disponibile su Prime Video Novak Djokovic: Il lupo d\u2019inverno, documentario dedicato alla carriera e alla vita del campione serbo, distribuito in oltre 240 Paesi e territori. Il progetto \u00e8 stato realizzato da Words + Pictures e Sadoux [&hellip;]\" \/>\n<meta property=\"og:url\" content=\"https:\/\/www.tennispassionzone.com\/notizie\/djokovic-protagonista-su-prime-video-esce-il-documentario-il-lupo-dinverno\/\" \/>\n<meta property=\"og:site_name\" content=\"Tennis Passion Zone\" \/>\n<meta property=\"article:published_time\" content=\"2026-08-21T19:07:00+00:00\" \/>\n<meta property=\"og:image\" content=\"https:\/\/www.tennispassionzone.com\/wp-content\/uploads\/2026\/07\/london-england-novak-djokovic-of-serbia-walks-to-the-practice-courts-at-aorangi-park-to-train-6.jpg?v=1783848129\" \/>\n\t<meta property=\"og:image:width\" content=\"2048\" \/>\n\t<meta property=\"og:image:height\" content=\"1365\" \/>\n\t<meta property=\"og:image:type\" content=\"image\/jpeg\" \/>\n<meta name=\"author\" content=\"Gabriele Rossi\" \/>\n<meta name=\"twitter:card\" content=\"summary_large_image\" \/>\n<meta name=\"twitter:label1\" content=\"Scritto da\" \/>\n\t<meta name=\"twitter:data1\" content=\"Gabriele Rossi\" \/>\n\t<meta name=\"twitter:label2\" content=\"Tempo di lettura stimato\" \/>\n\t<meta name=\"twitter:data2\" content=\"2 minuti\" \/>\n<script type=\"application\/ld+json\" class=\"yoast-schema-graph\">{\"@context\":\"https:\/\/schema.org\",\"@graph\":[{\"@type\":\"Article\",\"@id\":\"https:\/\/www.tennispassionzone.com\/notizie\/djokovic-protagonista-su-prime-video-esce-il-documentario-il-lupo-dinverno\/#article\",\"isPartOf\":{\"@id\":\"https:\/\/www.tennispassionzone.com\/notizie\/djokovic-protagonista-su-prime-video-esce-il-documentario-il-lupo-dinverno\/\"},\"author\":{\"name\":\"Gabriele Rossi\",\"@id\":\"https:\/\/www.tennispassionzone.com\/it\/#\/schema\/person\/b9c262bd9834410177e11e301758b2a4\"},\"headline\":\"Djokovic protagonista su Prime Video: esce il documentario &#8220;Il lupo d\u2019inverno&#8221;\",\"datePublished\":\"2026-08-21T19:07:00+00:00\",\"mainEntityOfPage\":{\"@id\":\"https:\/\/www.tennispassionzone.com\/notizie\/djokovic-protagonista-su-prime-video-esce-il-documentario-il-lupo-dinverno\/\"},\"wordCount\":325,\"publisher\":{\"@id\":\"https:\/\/www.tennispassionzone.com\/it\/#organization\"},\"image\":{\"@id\":\"https:\/\/www.tennispassionzone.com\/notizie\/djokovic-protagonista-su-prime-video-esce-il-documentario-il-lupo-dinverno\/#primaryimage\"},\"thumbnailUrl\":\"https:\/\/www.tennispassionzone.com\/wp-content\/uploads\/2026\/07\/london-england-novak-djokovic-of-serbia-walks-to-the-practice-courts-at-aorangi-park-to-train-6.jpg?v=1783848129\",\"articleSection\":[\"Giocatori\",\"Notizie\"],\"inLanguage\":\"it-IT\"},{\"@type\":\"WebPage\",\"@id\":\"https:\/\/www.tennispassionzone.com\/notizie\/djokovic-protagonista-su-prime-video-esce-il-documentario-il-lupo-dinverno\/\",\"url\":\"https:\/\/www.tennispassionzone.com\/notizie\/djokovic-protagonista-su-prime-video-esce-il-documentario-il-lupo-dinverno\/\",\"name\":\"Djokovic protagonista su Prime Video: esce il documentario \\\"Il lupo d\u2019inverno\\\" - Tennis Passion Zone\",\"isPartOf\":{\"@id\":\"https:\/\/www.tennispassionzone.com\/it\/#website\"},\"primaryImageOfPage\":{\"@id\":\"https:\/\/www.tennispassionzone.com\/notizie\/djokovic-protagonista-su-prime-video-esce-il-documentario-il-lupo-dinverno\/#primaryimage\"},\"image\":{\"@id\":\"https:\/\/www.tennispassionzone.com\/notizie\/djokovic-protagonista-su-prime-video-esce-il-documentario-il-lupo-dinverno\/#primaryimage\"},\"thumbnailUrl\":\"https:\/\/www.tennispassionzone.com\/wp-content\/uploads\/2026\/07\/london-england-novak-djokovic-of-serbia-walks-to-the-practice-courts-at-aorangi-park-to-train-6.jpg?v=1783848129\",\"datePublished\":\"2026-08-21T19:07:00+00:00\",\"breadcrumb\":{\"@id\":\"https:\/\/www.tennispassionzone.com\/notizie\/djokovic-protagonista-su-prime-video-esce-il-documentario-il-lupo-dinverno\/#breadcrumb\"},\"inLanguage\":\"it-IT\",\"potentialAction\":[{\"@type\":\"ReadAction\",\"target\":[\"https:\/\/www.tennispassionzone.com\/notizie\/djokovic-protagonista-su-prime-video-esce-il-documentario-il-lupo-dinverno\/\"]}]},{\"@type\":\"ImageObject\",\"inLanguage\":\"it-IT\",\"@id\":\"https:\/\/www.tennispassionzone.com\/notizie\/djokovic-protagonista-su-prime-video-esce-il-documentario-il-lupo-dinverno\/#primaryimage\",\"url\":\"https:\/\/www.tennispassionzone.com\/wp-content\/uploads\/2026\/07\/london-england-novak-djokovic-of-serbia-walks-to-the-practice-courts-at-aorangi-park-to-train-6.jpg?v=1783848129\",\"contentUrl\":\"https:\/\/www.tennispassionzone.com\/wp-content\/uploads\/2026\/07\/london-england-novak-djokovic-of-serbia-walks-to-the-practice-courts-at-aorangi-park-to-train-6.jpg?v=1783848129\",\"width\":2048,\"height\":1365},{\"@type\":\"BreadcrumbList\",\"@id\":\"https:\/\/www.tennispassionzone.com\/notizie\/djokovic-protagonista-su-prime-video-esce-il-documentario-il-lupo-dinverno\/#breadcrumb\",\"itemListElement\":[{\"@type\":\"ListItem\",\"position\":1,\"name\":\"Home\",\"item\":\"https:\/\/www.tennispassionzone.com\/it\/\"},{\"@type\":\"ListItem\",\"position\":2,\"name\":\"Notizie\",\"item\":\"https:\/\/www.tennispassionzone.com\/it\/notizie\/\"},{\"@type\":\"ListItem\",\"position\":3,\"name\":\"Djokovic protagonista su Prime Video: esce il documentario &#8220;Il lupo d\u2019inverno&#8221;\"}]},{\"@type\":\"WebSite\",\"@id\":\"https:\/\/www.tennispassionzone.com\/it\/#website\",\"url\":\"https:\/\/www.tennispassionzone.com\/it\/\",\"name\":\"Tennis Passion Zone\",\"description\":\"\",\"publisher\":{\"@id\":\"https:\/\/www.tennispassionzone.com\/it\/#organization\"},\"potentialAction\":[{\"@type\":\"SearchAction\",\"target\":{\"@type\":\"EntryPoint\",\"urlTemplate\":\"https:\/\/www.tennispassionzone.com\/it\/?s={search_term_string}\"},\"query-input\":{\"@type\":\"PropertyValueSpecification\",\"valueRequired\":true,\"valueName\":\"search_term_string\"}}],\"inLanguage\":\"it-IT\"},{\"@type\":\"Organization\",\"@id\":\"https:\/\/www.tennispassionzone.com\/it\/#organization\",\"name\":\"Tennis Passion Zone\",\"url\":\"https:\/\/www.tennispassionzone.com\/it\/\",\"logo\":{\"@type\":\"ImageObject\",\"inLanguage\":\"it-IT\",\"@id\":\"https:\/\/www.tennispassionzone.com\/it\/#\/schema\/logo\/image\/\",\"url\":\"https:\/\/www.tennispassionzone.com\/wp-content\/uploads\/2025\/12\/Logo_tennis_passion-zone.png?v=1764615384\",\"contentUrl\":\"https:\/\/www.tennispassionzone.com\/wp-content\/uploads\/2025\/12\/Logo_tennis_passion-zone.png?v=1764615384\",\"width\":450,\"height\":225,\"caption\":\"Tennis Passion Zone\"},\"image\":{\"@id\":\"https:\/\/www.tennispassionzone.com\/it\/#\/schema\/logo\/image\/\"}},{\"@type\":\"Person\",\"@id\":\"https:\/\/www.tennispassionzone.com\/it\/#\/schema\/person\/b9c262bd9834410177e11e301758b2a4\",\"name\":\"Gabriele Rossi\",\"image\":{\"@type\":\"ImageObject\",\"inLanguage\":\"it-IT\",\"@id\":\"https:\/\/www.tennispassionzone.com\/it\/#\/schema\/person\/image\/\",\"url\":\"https:\/\/secure.gravatar.com\/avatar\/0ceb236bcc0b754bfdc9d4b86dd50f4b60debf1f4e4142e83d6673fe2157300c?s=96&d=mm&r=g\",\"contentUrl\":\"https:\/\/secure.gravatar.com\/avatar\/0ceb236bcc0b754bfdc9d4b86dd50f4b60debf1f4e4142e83d6673fe2157300c?s=96&d=mm&r=g\",\"caption\":\"Gabriele Rossi\"},\"description\":\"Toscano di origine, divide il proprio tempo tra la Versilia e Milano. Nonostante un percorso accademico nel campo dell\u2019ingegneria, con particolare attenzione alle tecnologie radar ed ai sistemi d\u2019antenna, una forte passione per il calcio lo accompagna fin da bambino. Prima sul campo e, poi, attraverso lo studio di partite, schemi, dati ed analisi, \u00e8 riuscito a trasformare questo interesse in diverse collaborazioni con realt\u00e0 online dedicate al calcio ed al fantacalcio, contribuendo con articoli, approfondimenti e contenuti per la community. L'obiettivo \u00e8 quello di coniugare l\u2019approccio analitico e statistico con quello umano, raccontando il calcio attraverso ci\u00f2 che accade sia nei numeri sia nelle storie dei protagonisti, mantenendo sempre una visione attuale sul panorama calcistico nazionale ed internazionale.\",\"url\":\"https:\/\/www.tennispassionzone.com\/it\/author\/gabriele-rossi\/\"}]}<\/script>\n<!-- \/ Yoast SEO plugin. -->","yoast_head_json":{"title":"Djokovic protagonista su Prime Video: esce il documentario \"Il lupo d\u2019inverno\" - Tennis Passion Zone","robots":{"index":"index","follow":"follow","max-snippet":"max-snippet:-1","max-image-preview":"max-image-preview:large","max-video-preview":"max-video-preview:-1"},"canonical":"https:\/\/www.tennispassionzone.com\/it\/notizie\/djokovic-protagonista-su-prime-video-esce-il-documentario-il-lupo-dinverno\/","og_locale":"it_IT","og_type":"article","og_title":"Djokovic protagonista su Prime Video: esce il documentario \"Il lupo d\u2019inverno\" - Tennis Passion Zone","og_description":"Novak Djokovic torna al centro della scena, questa volta lontano dai campi da tennis. Dal 20 agosto \u00e8 disponibile su Prime Video Novak Djokovic: Il lupo d\u2019inverno, documentario dedicato alla carriera e alla vita del campione serbo, distribuito in oltre 240 Paesi e territori. Il progetto \u00e8 stato realizzato da Words + Pictures e Sadoux [&hellip;]","og_url":"https:\/\/www.tennispassionzone.com\/notizie\/djokovic-protagonista-su-prime-video-esce-il-documentario-il-lupo-dinverno\/","og_site_name":"Tennis Passion Zone","article_published_time":"2026-08-21T19:07:00+00:00","og_image":[{"width":2048,"height":1365,"url":"https:\/\/www.tennispassionzone.com\/wp-content\/uploads\/2026\/07\/london-england-novak-djokovic-of-serbia-walks-to-the-practice-courts-at-aorangi-park-to-train-6.jpg?v=1783848129","type":"image\/jpeg"}],"author":"Gabriele Rossi","twitter_card":"summary_large_image","twitter_misc":{"Scritto da":"Gabriele Rossi","Tempo di lettura stimato":"2 minuti"},"schema":{"@context":"https:\/\/schema.org","@graph":[{"@type":"Article","@id":"https:\/\/www.tennispassionzone.com\/notizie\/djokovic-protagonista-su-prime-video-esce-il-documentario-il-lupo-dinverno\/#article","isPartOf":{"@id":"https:\/\/www.tennispassionzone.com\/notizie\/djokovic-protagonista-su-prime-video-esce-il-documentario-il-lupo-dinverno\/"},"author":{"name":"Gabriele Rossi","@id":"https:\/\/www.tennispassionzone.com\/it\/#\/schema\/person\/b9c262bd9834410177e11e301758b2a4"},"headline":"Djokovic protagonista su Prime Video: esce il documentario &#8220;Il lupo d\u2019inverno&#8221;","datePublished":"2026-08-21T19:07:00+00:00","mainEntityOfPage":{"@id":"https:\/\/www.tennispassionzone.com\/notizie\/djokovic-protagonista-su-prime-video-esce-il-documentario-il-lupo-dinverno\/"},"wordCount":325,"publisher":{"@id":"https:\/\/www.tennispassionzone.com\/it\/#organization"},"image":{"@id":"https:\/\/www.tennispassionzone.com\/notizie\/djokovic-protagonista-su-prime-video-esce-il-documentario-il-lupo-dinverno\/#primaryimage"},"thumbnailUrl":"https:\/\/www.tennispassionzone.com\/wp-content\/uploads\/2026\/07\/london-england-novak-djokovic-of-serbia-walks-to-the-practice-courts-at-aorangi-park-to-train-6.jpg?v=1783848129","articleSection":["Giocatori","Notizie"],"inLanguage":"it-IT"},{"@type":"WebPage","@id":"https:\/\/www.tennispassionzone.com\/notizie\/djokovic-protagonista-su-prime-video-esce-il-documentario-il-lupo-dinverno\/","url":"https:\/\/www.tennispassionzone.com\/notizie\/djokovic-protagonista-su-prime-video-esce-il-documentario-il-lupo-dinverno\/","name":"Djokovic protagonista su Prime Video: esce il documentario \"Il lupo d\u2019inverno\" - Tennis Passion Zone","isPartOf":{"@id":"https:\/\/www.tennispassionzone.com\/it\/#website"},"primaryImageOfPage":{"@id":"https:\/\/www.tennispassionzone.com\/notizie\/djokovic-protagonista-su-prime-video-esce-il-documentario-il-lupo-dinverno\/#primaryimage"},"image":{"@id":"https:\/\/www.tennispassionzone.com\/notizie\/djokovic-protagonista-su-prime-video-esce-il-documentario-il-lupo-dinverno\/#primaryimage"},"thumbnailUrl":"https:\/\/www.tennispassionzone.com\/wp-content\/uploads\/2026\/07\/london-england-novak-djokovic-of-serbia-walks-to-the-practice-courts-at-aorangi-park-to-train-6.jpg?v=1783848129","datePublished":"2026-08-21T19:07:00+00:00","breadcrumb":{"@id":"https:\/\/www.tennispassionzone.com\/notizie\/djokovic-protagonista-su-prime-video-esce-il-documentario-il-lupo-dinverno\/#breadcrumb"},"inLanguage":"it-IT","potentialAction":[{"@type":"ReadAction","target":["https:\/\/www.tennispassionzone.com\/notizie\/djokovic-protagonista-su-prime-video-esce-il-documentario-il-lupo-dinverno\/"]}]},{"@type":"ImageObject","inLanguage":"it-IT","@id":"https:\/\/www.tennispassionzone.com\/notizie\/djokovic-protagonista-su-prime-video-esce-il-documentario-il-lupo-dinverno\/#primaryimage","url":"https:\/\/www.tennispassionzone.com\/wp-content\/uploads\/2026\/07\/london-england-novak-djokovic-of-serbia-walks-to-the-practice-courts-at-aorangi-park-to-train-6.jpg?v=1783848129","contentUrl":"https:\/\/www.tennispassionzone.com\/wp-content\/uploads\/2026\/07\/london-england-novak-djokovic-of-serbia-walks-to-the-practice-courts-at-aorangi-park-to-train-6.jpg?v=1783848129","width":2048,"height":1365},{"@type":"BreadcrumbList","@id":"https:\/\/www.tennispassionzone.com\/notizie\/djokovic-protagonista-su-prime-video-esce-il-documentario-il-lupo-dinverno\/#breadcrumb","itemListElement":[{"@type":"ListItem","position":1,"name":"Home","item":"https:\/\/www.tennispassionzone.com\/it\/"},{"@type":"ListItem","position":2,"name":"Notizie","item":"https:\/\/www.tennispassionzone.com\/it\/notizie\/"},{"@type":"ListItem","position":3,"name":"Djokovic protagonista su Prime Video: esce il documentario &#8220;Il lupo d\u2019inverno&#8221;"}]},{"@type":"WebSite","@id":"https:\/\/www.tennispassionzone.com\/it\/#website","url":"https:\/\/www.tennispassionzone.com\/it\/","name":"Tennis Passion Zone","description":"","publisher":{"@id":"https:\/\/www.tennispassionzone.com\/it\/#organization"},"potentialAction":[{"@type":"SearchAction","target":{"@type":"EntryPoint","urlTemplate":"https:\/\/www.tennispassionzone.com\/it\/?s={search_term_string}"},"query-input":{"@type":"PropertyValueSpecification","valueRequired":true,"valueName":"search_term_string"}}],"inLanguage":"it-IT"},{"@type":"Organization","@id":"https:\/\/www.tennispassionzone.com\/it\/#organization","name":"Tennis Passion Zone","url":"https:\/\/www.tennispassionzone.com\/it\/","logo":{"@type":"ImageObject","inLanguage":"it-IT","@id":"https:\/\/www.tennispassionzone.com\/it\/#\/schema\/logo\/image\/","url":"https:\/\/www.tennispassionzone.com\/wp-content\/uploads\/2025\/12\/Logo_tennis_passion-zone.png?v=1764615384","contentUrl":"https:\/\/www.tennispassionzone.com\/wp-content\/uploads\/2025\/12\/Logo_tennis_passion-zone.png?v=1764615384","width":450,"height":225,"caption":"Tennis Passion Zone"},"image":{"@id":"https:\/\/www.tennispassionzone.com\/it\/#\/schema\/logo\/image\/"}},{"@type":"Person","@id":"https:\/\/www.tennispassionzone.com\/it\/#\/schema\/person\/b9c262bd9834410177e11e301758b2a4","name":"Gabriele Rossi","image":{"@type":"ImageObject","inLanguage":"it-IT","@id":"https:\/\/www.tennispassionzone.com\/it\/#\/schema\/person\/image\/","url":"https:\/\/secure.gravatar.com\/avatar\/0ceb236bcc0b754bfdc9d4b86dd50f4b60debf1f4e4142e83d6673fe2157300c?s=96&d=mm&r=g","contentUrl":"https:\/\/secure.gravatar.com\/avatar\/0ceb236bcc0b754bfdc9d4b86dd50f4b60debf1f4e4142e83d6673fe2157300c?s=96&d=mm&r=g","caption":"Gabriele Rossi"},"description":"Toscano di origine, divide il proprio tempo tra la Versilia e Milano. Nonostante un percorso accademico nel campo dell\u2019ingegneria, con particolare attenzione alle tecnologie radar ed ai sistemi d\u2019antenna, una forte passione per il calcio lo accompagna fin da bambino. Prima sul campo e, poi, attraverso lo studio di partite, schemi, dati ed analisi, \u00e8 riuscito a trasformare questo interesse in diverse collaborazioni con realt\u00e0 online dedicate al calcio ed al fantacalcio, contribuendo con articoli, approfondimenti e contenuti per la community. L'obiettivo \u00e8 quello di coniugare l\u2019approccio analitico e statistico con quello umano, raccontando il calcio attraverso ci\u00f2 che accade sia nei numeri sia nelle storie dei protagonisti, mantenendo sempre una visione attuale sul panorama calcistico nazionale ed internazionale.","url":"https:\/\/www.tennispassionzone.com\/it\/author\/gabriele-rossi\/"}]}},"_links":{"self":[{"href":"https:\/\/www.tennispassionzone.com\/it\/wp-json\/wp\/v2\/posts\/85689","targetHints":{"allow":["GET"]}}],"collection":[{"href":"https:\/\/www.tennispassionzone.com\/it\/wp-json\/wp\/v2\/posts"}],"about":[{"href":"https:\/\/www.tennispassionzone.com\/it\/wp-json\/wp\/v2\/types\/post"}],"author":[{"embeddable":true,"href":"https:\/\/www.tennispassionzone.com\/it\/wp-json\/wp\/v2\/users\/22"}],"replies":[{"embeddable":true,"href":"https:\/\/www.tennispassionzone.com\/it\/wp-json\/wp\/v2\/comments?post=85689"}],"version-history":[{"count":1,"href":"https:\/\/www.tennispassionzone.com\/it\/wp-json\/wp\/v2\/posts\/85689\/revisions"}],"predecessor-version":[{"id":85690,"href":"https:\/\/www.tennispassionzone.com\/it\/wp-json\/wp\/v2\/posts\/85689\/revisions\/85690"}],"wp:featuredmedia":[{"embeddable":true,"href":"https:\/\/www.tennispassionzone.com\/it\/wp-json\/wp\/v2\/media\/84430"}],"wp:attachment":[{"href":"https:\/\/www.tennispassionzone.com\/it\/wp-json\/wp\/v2\/media?parent=85689"}],"wp:term":[{"taxonomy":"category","embeddable":true,"href":"https:\/\/www.tennispassionzone.com\/it\/wp-json\/wp\/v2\/categories?post=85689"},{"taxonomy":"post_tag","embeddable":true,"href":"https:\/\/www.tennispassionzone.com\/it\/wp-json\/wp\/v2\/tags?post=85689"}],"curies":[{"name":"wp","href":"https:\/\/api.w.org\/{rel}","templated":true}]}}