{"id":85711,"date":"2026-08-22T13:48:00","date_gmt":"2026-08-22T11:48:00","guid":{"rendered":"https:\/\/www.tennispassionzone.com\/?p=85711"},"modified":"2026-08-22T13:46:22","modified_gmt":"2026-08-22T11:46:22","slug":"winston-salem-open-tre-azzurri-al-via-possibile-derby-darderi-bellucci","status":"publish","type":"post","link":"https:\/\/www.tennispassionzone.com\/atp\/winston-salem-open-tre-azzurri-al-via-possibile-derby-darderi-bellucci\/","title":{"rendered":"Winston-Salem Open, tre azzurri al via: possibile derby Darderi-Bellucci"},"content":{"rendered":"\n<p>Ultimo appuntamento ATP prima degli US Open per Luciano Darderi, Mattia Bellucci e Lorenzo Sonego, protagonisti la prossima settimana al Winston-Salem Open, torneo ATP 250 in programma sul cemento del Wake Forest Tennis Complex.<\/p>\n\n\n\n<h2 class=\"wp-block-heading\">Darderi attende il possibile derby italiano<\/h2>\n\n\n\n<p>Luciano Darderi si presenta in North Carolina da testa di serie numero 2 del tabellone. Per il numero quattro d&#8217;Italia si tratta della terza partecipazione consecutiva al torneo, dove finora non \u00e8 mai riuscito a spingersi oltre gli ottavi di finale, traguardo raggiunto nell&#8217;edizione 2025.<\/p>\n\n\n\n<p>L&#8217;azzurro entrer\u00e0 in gara direttamente al secondo turno e potrebbe ritrovarsi subito di fronte un connazionale. Il suo primo avversario uscir\u00e0 infatti dalla sfida tra Mattia Bellucci e lo spagnolo Martin Landaluce.<\/p>\n\n\n\n<h2 class=\"wp-block-heading\">Bellucci cerca il primo successo contro Landaluce<\/h2>\n\n\n\n<p>Per Bellucci il debutto non sar\u00e0 dei pi\u00f9 semplici. Il tennista lombardo affronter\u00e0 infatti Landaluce, numero 67 del ranking mondiale, contro il quale ha perso tutti e quattro i precedenti disputati a qualsiasi livello.<\/p>\n\n\n\n<p>L&#8217;ultimo confronto risale agli Internazionali d&#8217;Italia 2026. Bellucci, attualmente numero 81 del mondo, prover\u00e0 quindi a interrompere una serie negativa che dura ormai da diversi incroci.<\/p>\n\n\n\n<p>Per lui sar\u00e0 la seconda partecipazione al Winston-Salem Open dopo l&#8217;eliminazione al secondo turno dello scorso anno contro Jaume Munar.<\/p>\n\n\n\n<h2 class=\"wp-block-heading\">Sonego torna nel torneo che ha conquistato nel 2024<\/h2>\n\n\n\n<p>Tra gli italiani presenti c&#8217;\u00e8 anche Lorenzo Sonego, che conserva ottimi ricordi del torneo statunitense. Il piemontese conquist\u00f2 infatti il titolo nel 2024, diventando il primo italiano a iscrivere il proprio nome nell&#8217;albo d&#8217;oro della manifestazione.<\/p>\n\n\n\n<p>Attualmente numero 88 del ranking ATP, Sonego debutter\u00e0 contro il ceco Vit Kopriva, numero 71 del mondo. L&#8217;unico precedente tra i due sorride al tennista ceco, vincitore nel 2025 sulla terra battuta di Marrakech.<\/p>\n\n\n\n<p>Chi passer\u00e0 il turno trover\u00e0 sulla propria strada il francese Adrian Mannarino, accreditato della testa di serie numero 9 ed esentato dal primo turno.<\/p>\n\n\n\n<h2 class=\"wp-block-heading\">Ultime prove generali prima degli US Open<\/h2>\n\n\n\n<p>Il Winston-Salem Open rappresenta l&#8217;ultima occasione per accumulare ritmo partita e fiducia prima del via degli US Open. Per gli azzurri sar\u00e0 un test importante sul cemento americano, con l&#8217;obiettivo di arrivare a New York nelle migliori condizioni possibili e con qualche vittoria pesante alle spalle.<\/p>\n","protected":false},"excerpt":{"rendered":"<p>Ultimo appuntamento ATP prima degli US Open per Luciano Darderi, Mattia Bellucci e Lorenzo Sonego, protagonisti la prossima settimana al Winston-Salem Open, torneo ATP 250 in programma sul cemento del Wake Forest Tennis Complex. Darderi attende il possibile derby italiano Luciano Darderi si presenta in North Carolina da testa di serie numero 2 del tabellone. [&hellip;]<\/p>\n","protected":false},"author":22,"featured_media":85323,"comment_status":"closed","ping_status":"open","sticky":false,"template":"","format":"standard","meta":{"_overwrite_by_ai":false,"footnotes":""},"categories":[5023,5024,5032,5022],"tags":[],"class_list":["post-85711","post","type-post","status-publish","format-standard","has-post-thumbnail","hentry","category-atp","category-calendario-risultati","category-giocatori","category-notizie"],"acf":[],"yoast_head":"<!-- This site is optimized with the Yoast SEO plugin v26.8 - https:\/\/yoast.com\/product\/yoast-seo-wordpress\/ -->\n<title>Winston-Salem Open, tre azzurri al via: possibile derby Darderi-Bellucci - Tennis Passion Zone<\/title>\n<meta name=\"robots\" content=\"index, follow, max-snippet:-1, max-image-preview:large, max-video-preview:-1\" \/>\n<link rel=\"canonical\" href=\"https:\/\/www.tennispassionzone.com\/it\/atp\/winston-salem-open-tre-azzurri-al-via-possibile-derby-darderi-bellucci\/\" \/>\n<meta property=\"og:locale\" content=\"it_IT\" \/>\n<meta property=\"og:type\" content=\"article\" \/>\n<meta property=\"og:title\" content=\"Winston-Salem Open, tre azzurri al via: possibile derby Darderi-Bellucci - Tennis Passion Zone\" \/>\n<meta property=\"og:description\" content=\"Ultimo appuntamento ATP prima degli US Open per Luciano Darderi, Mattia Bellucci e Lorenzo Sonego, protagonisti la prossima settimana al Winston-Salem Open, torneo ATP 250 in programma sul cemento del Wake Forest Tennis Complex. Darderi attende il possibile derby italiano Luciano Darderi si presenta in North Carolina da testa di serie numero 2 del tabellone. [&hellip;]\" \/>\n<meta property=\"og:url\" content=\"https:\/\/www.tennispassionzone.com\/atp\/winston-salem-open-tre-azzurri-al-via-possibile-derby-darderi-bellucci\/\" \/>\n<meta property=\"og:site_name\" content=\"Tennis Passion Zone\" \/>\n<meta property=\"article:published_time\" content=\"2026-08-22T11:48:00+00:00\" \/>\n<meta property=\"og:image\" content=\"https:\/\/www.tennispassionzone.com\/wp-content\/uploads\/2026\/08\/munich-germany-luciano-darderi-of-italy-looks-on-during-day-four-of-the-bmw-open-at-mttc-1.jpg?v=1786366367\" \/>\n\t<meta property=\"og:image:width\" content=\"2048\" \/>\n\t<meta property=\"og:image:height\" content=\"1365\" \/>\n\t<meta property=\"og:image:type\" content=\"image\/jpeg\" \/>\n<meta name=\"author\" content=\"Gabriele Rossi\" \/>\n<meta name=\"twitter:card\" content=\"summary_large_image\" \/>\n<meta name=\"twitter:label1\" content=\"Scritto da\" \/>\n\t<meta name=\"twitter:data1\" content=\"Gabriele Rossi\" \/>\n\t<meta name=\"twitter:label2\" content=\"Tempo di lettura stimato\" \/>\n\t<meta name=\"twitter:data2\" content=\"3 minuti\" \/>\n<script type=\"application\/ld+json\" class=\"yoast-schema-graph\">{\"@context\":\"https:\/\/schema.org\",\"@graph\":[{\"@type\":\"Article\",\"@id\":\"https:\/\/www.tennispassionzone.com\/atp\/winston-salem-open-tre-azzurri-al-via-possibile-derby-darderi-bellucci\/#article\",\"isPartOf\":{\"@id\":\"https:\/\/www.tennispassionzone.com\/atp\/winston-salem-open-tre-azzurri-al-via-possibile-derby-darderi-bellucci\/\"},\"author\":{\"name\":\"Gabriele Rossi\",\"@id\":\"https:\/\/www.tennispassionzone.com\/it\/#\/schema\/person\/b9c262bd9834410177e11e301758b2a4\"},\"headline\":\"Winston-Salem Open, tre azzurri al via: possibile derby Darderi-Bellucci\",\"datePublished\":\"2026-08-22T11:48:00+00:00\",\"mainEntityOfPage\":{\"@id\":\"https:\/\/www.tennispassionzone.com\/atp\/winston-salem-open-tre-azzurri-al-via-possibile-derby-darderi-bellucci\/\"},\"wordCount\":367,\"publisher\":{\"@id\":\"https:\/\/www.tennispassionzone.com\/it\/#organization\"},\"image\":{\"@id\":\"https:\/\/www.tennispassionzone.com\/atp\/winston-salem-open-tre-azzurri-al-via-possibile-derby-darderi-bellucci\/#primaryimage\"},\"thumbnailUrl\":\"https:\/\/www.tennispassionzone.com\/wp-content\/uploads\/2026\/08\/munich-germany-luciano-darderi-of-italy-looks-on-during-day-four-of-the-bmw-open-at-mttc-1.jpg?v=1786366367\",\"articleSection\":[\"ATP\",\"Calendario e risultati\",\"Giocatori\",\"Notizie\"],\"inLanguage\":\"it-IT\"},{\"@type\":\"WebPage\",\"@id\":\"https:\/\/www.tennispassionzone.com\/atp\/winston-salem-open-tre-azzurri-al-via-possibile-derby-darderi-bellucci\/\",\"url\":\"https:\/\/www.tennispassionzone.com\/atp\/winston-salem-open-tre-azzurri-al-via-possibile-derby-darderi-bellucci\/\",\"name\":\"Winston-Salem Open, tre azzurri al via: possibile derby Darderi-Bellucci - Tennis Passion Zone\",\"isPartOf\":{\"@id\":\"https:\/\/www.tennispassionzone.com\/it\/#website\"},\"primaryImageOfPage\":{\"@id\":\"https:\/\/www.tennispassionzone.com\/atp\/winston-salem-open-tre-azzurri-al-via-possibile-derby-darderi-bellucci\/#primaryimage\"},\"image\":{\"@id\":\"https:\/\/www.tennispassionzone.com\/atp\/winston-salem-open-tre-azzurri-al-via-possibile-derby-darderi-bellucci\/#primaryimage\"},\"thumbnailUrl\":\"https:\/\/www.tennispassionzone.com\/wp-content\/uploads\/2026\/08\/munich-germany-luciano-darderi-of-italy-looks-on-during-day-four-of-the-bmw-open-at-mttc-1.jpg?v=1786366367\",\"datePublished\":\"2026-08-22T11:48:00+00:00\",\"breadcrumb\":{\"@id\":\"https:\/\/www.tennispassionzone.com\/atp\/winston-salem-open-tre-azzurri-al-via-possibile-derby-darderi-bellucci\/#breadcrumb\"},\"inLanguage\":\"it-IT\",\"potentialAction\":[{\"@type\":\"ReadAction\",\"target\":[\"https:\/\/www.tennispassionzone.com\/atp\/winston-salem-open-tre-azzurri-al-via-possibile-derby-darderi-bellucci\/\"]}]},{\"@type\":\"ImageObject\",\"inLanguage\":\"it-IT\",\"@id\":\"https:\/\/www.tennispassionzone.com\/atp\/winston-salem-open-tre-azzurri-al-via-possibile-derby-darderi-bellucci\/#primaryimage\",\"url\":\"https:\/\/www.tennispassionzone.com\/wp-content\/uploads\/2026\/08\/munich-germany-luciano-darderi-of-italy-looks-on-during-day-four-of-the-bmw-open-at-mttc-1.jpg?v=1786366367\",\"contentUrl\":\"https:\/\/www.tennispassionzone.com\/wp-content\/uploads\/2026\/08\/munich-germany-luciano-darderi-of-italy-looks-on-during-day-four-of-the-bmw-open-at-mttc-1.jpg?v=1786366367\",\"width\":2048,\"height\":1365},{\"@type\":\"BreadcrumbList\",\"@id\":\"https:\/\/www.tennispassionzone.com\/atp\/winston-salem-open-tre-azzurri-al-via-possibile-derby-darderi-bellucci\/#breadcrumb\",\"itemListElement\":[{\"@type\":\"ListItem\",\"position\":1,\"name\":\"Home\",\"item\":\"https:\/\/www.tennispassionzone.com\/it\/\"},{\"@type\":\"ListItem\",\"position\":2,\"name\":\"ATP\",\"item\":\"https:\/\/www.tennispassionzone.com\/it\/atp\/\"},{\"@type\":\"ListItem\",\"position\":3,\"name\":\"Winston-Salem Open, tre azzurri al via: possibile derby Darderi-Bellucci\"}]},{\"@type\":\"WebSite\",\"@id\":\"https:\/\/www.tennispassionzone.com\/it\/#website\",\"url\":\"https:\/\/www.tennispassionzone.com\/it\/\",\"name\":\"Tennis Passion Zone\",\"description\":\"\",\"publisher\":{\"@id\":\"https:\/\/www.tennispassionzone.com\/it\/#organization\"},\"potentialAction\":[{\"@type\":\"SearchAction\",\"target\":{\"@type\":\"EntryPoint\",\"urlTemplate\":\"https:\/\/www.tennispassionzone.com\/it\/?s={search_term_string}\"},\"query-input\":{\"@type\":\"PropertyValueSpecification\",\"valueRequired\":true,\"valueName\":\"search_term_string\"}}],\"inLanguage\":\"it-IT\"},{\"@type\":\"Organization\",\"@id\":\"https:\/\/www.tennispassionzone.com\/it\/#organization\",\"name\":\"Tennis Passion Zone\",\"url\":\"https:\/\/www.tennispassionzone.com\/it\/\",\"logo\":{\"@type\":\"ImageObject\",\"inLanguage\":\"it-IT\",\"@id\":\"https:\/\/www.tennispassionzone.com\/it\/#\/schema\/logo\/image\/\",\"url\":\"https:\/\/www.tennispassionzone.com\/wp-content\/uploads\/2025\/12\/Logo_tennis_passion-zone.png?v=1764615384\",\"contentUrl\":\"https:\/\/www.tennispassionzone.com\/wp-content\/uploads\/2025\/12\/Logo_tennis_passion-zone.png?v=1764615384\",\"width\":450,\"height\":225,\"caption\":\"Tennis Passion Zone\"},\"image\":{\"@id\":\"https:\/\/www.tennispassionzone.com\/it\/#\/schema\/logo\/image\/\"}},{\"@type\":\"Person\",\"@id\":\"https:\/\/www.tennispassionzone.com\/it\/#\/schema\/person\/b9c262bd9834410177e11e301758b2a4\",\"name\":\"Gabriele Rossi\",\"image\":{\"@type\":\"ImageObject\",\"inLanguage\":\"it-IT\",\"@id\":\"https:\/\/www.tennispassionzone.com\/it\/#\/schema\/person\/image\/\",\"url\":\"https:\/\/secure.gravatar.com\/avatar\/0ceb236bcc0b754bfdc9d4b86dd50f4b60debf1f4e4142e83d6673fe2157300c?s=96&d=mm&r=g\",\"contentUrl\":\"https:\/\/secure.gravatar.com\/avatar\/0ceb236bcc0b754bfdc9d4b86dd50f4b60debf1f4e4142e83d6673fe2157300c?s=96&d=mm&r=g\",\"caption\":\"Gabriele Rossi\"},\"description\":\"Toscano di origine, divide il proprio tempo tra la Versilia e Milano. Nonostante un percorso accademico nel campo dell\u2019ingegneria, con particolare attenzione alle tecnologie radar ed ai sistemi d\u2019antenna, una forte passione per il calcio lo accompagna fin da bambino. Prima sul campo e, poi, attraverso lo studio di partite, schemi, dati ed analisi, \u00e8 riuscito a trasformare questo interesse in diverse collaborazioni con realt\u00e0 online dedicate al calcio ed al fantacalcio, contribuendo con articoli, approfondimenti e contenuti per la community. L'obiettivo \u00e8 quello di coniugare l\u2019approccio analitico e statistico con quello umano, raccontando il calcio attraverso ci\u00f2 che accade sia nei numeri sia nelle storie dei protagonisti, mantenendo sempre una visione attuale sul panorama calcistico nazionale ed internazionale.\",\"url\":\"https:\/\/www.tennispassionzone.com\/it\/author\/gabriele-rossi\/\"}]}<\/script>\n<!-- \/ Yoast SEO plugin. -->","yoast_head_json":{"title":"Winston-Salem Open, tre azzurri al via: possibile derby Darderi-Bellucci - Tennis Passion Zone","robots":{"index":"index","follow":"follow","max-snippet":"max-snippet:-1","max-image-preview":"max-image-preview:large","max-video-preview":"max-video-preview:-1"},"canonical":"https:\/\/www.tennispassionzone.com\/it\/atp\/winston-salem-open-tre-azzurri-al-via-possibile-derby-darderi-bellucci\/","og_locale":"it_IT","og_type":"article","og_title":"Winston-Salem Open, tre azzurri al via: possibile derby Darderi-Bellucci - Tennis Passion Zone","og_description":"Ultimo appuntamento ATP prima degli US Open per Luciano Darderi, Mattia Bellucci e Lorenzo Sonego, protagonisti la prossima settimana al Winston-Salem Open, torneo ATP 250 in programma sul cemento del Wake Forest Tennis Complex. Darderi attende il possibile derby italiano Luciano Darderi si presenta in North Carolina da testa di serie numero 2 del tabellone. [&hellip;]","og_url":"https:\/\/www.tennispassionzone.com\/atp\/winston-salem-open-tre-azzurri-al-via-possibile-derby-darderi-bellucci\/","og_site_name":"Tennis Passion Zone","article_published_time":"2026-08-22T11:48:00+00:00","og_image":[{"width":2048,"height":1365,"url":"https:\/\/www.tennispassionzone.com\/wp-content\/uploads\/2026\/08\/munich-germany-luciano-darderi-of-italy-looks-on-during-day-four-of-the-bmw-open-at-mttc-1.jpg?v=1786366367","type":"image\/jpeg"}],"author":"Gabriele Rossi","twitter_card":"summary_large_image","twitter_misc":{"Scritto da":"Gabriele Rossi","Tempo di lettura stimato":"3 minuti"},"schema":{"@context":"https:\/\/schema.org","@graph":[{"@type":"Article","@id":"https:\/\/www.tennispassionzone.com\/atp\/winston-salem-open-tre-azzurri-al-via-possibile-derby-darderi-bellucci\/#article","isPartOf":{"@id":"https:\/\/www.tennispassionzone.com\/atp\/winston-salem-open-tre-azzurri-al-via-possibile-derby-darderi-bellucci\/"},"author":{"name":"Gabriele Rossi","@id":"https:\/\/www.tennispassionzone.com\/it\/#\/schema\/person\/b9c262bd9834410177e11e301758b2a4"},"headline":"Winston-Salem Open, tre azzurri al via: possibile derby Darderi-Bellucci","datePublished":"2026-08-22T11:48:00+00:00","mainEntityOfPage":{"@id":"https:\/\/www.tennispassionzone.com\/atp\/winston-salem-open-tre-azzurri-al-via-possibile-derby-darderi-bellucci\/"},"wordCount":367,"publisher":{"@id":"https:\/\/www.tennispassionzone.com\/it\/#organization"},"image":{"@id":"https:\/\/www.tennispassionzone.com\/atp\/winston-salem-open-tre-azzurri-al-via-possibile-derby-darderi-bellucci\/#primaryimage"},"thumbnailUrl":"https:\/\/www.tennispassionzone.com\/wp-content\/uploads\/2026\/08\/munich-germany-luciano-darderi-of-italy-looks-on-during-day-four-of-the-bmw-open-at-mttc-1.jpg?v=1786366367","articleSection":["ATP","Calendario e risultati","Giocatori","Notizie"],"inLanguage":"it-IT"},{"@type":"WebPage","@id":"https:\/\/www.tennispassionzone.com\/atp\/winston-salem-open-tre-azzurri-al-via-possibile-derby-darderi-bellucci\/","url":"https:\/\/www.tennispassionzone.com\/atp\/winston-salem-open-tre-azzurri-al-via-possibile-derby-darderi-bellucci\/","name":"Winston-Salem Open, tre azzurri al via: possibile derby Darderi-Bellucci - Tennis Passion Zone","isPartOf":{"@id":"https:\/\/www.tennispassionzone.com\/it\/#website"},"primaryImageOfPage":{"@id":"https:\/\/www.tennispassionzone.com\/atp\/winston-salem-open-tre-azzurri-al-via-possibile-derby-darderi-bellucci\/#primaryimage"},"image":{"@id":"https:\/\/www.tennispassionzone.com\/atp\/winston-salem-open-tre-azzurri-al-via-possibile-derby-darderi-bellucci\/#primaryimage"},"thumbnailUrl":"https:\/\/www.tennispassionzone.com\/wp-content\/uploads\/2026\/08\/munich-germany-luciano-darderi-of-italy-looks-on-during-day-four-of-the-bmw-open-at-mttc-1.jpg?v=1786366367","datePublished":"2026-08-22T11:48:00+00:00","breadcrumb":{"@id":"https:\/\/www.tennispassionzone.com\/atp\/winston-salem-open-tre-azzurri-al-via-possibile-derby-darderi-bellucci\/#breadcrumb"},"inLanguage":"it-IT","potentialAction":[{"@type":"ReadAction","target":["https:\/\/www.tennispassionzone.com\/atp\/winston-salem-open-tre-azzurri-al-via-possibile-derby-darderi-bellucci\/"]}]},{"@type":"ImageObject","inLanguage":"it-IT","@id":"https:\/\/www.tennispassionzone.com\/atp\/winston-salem-open-tre-azzurri-al-via-possibile-derby-darderi-bellucci\/#primaryimage","url":"https:\/\/www.tennispassionzone.com\/wp-content\/uploads\/2026\/08\/munich-germany-luciano-darderi-of-italy-looks-on-during-day-four-of-the-bmw-open-at-mttc-1.jpg?v=1786366367","contentUrl":"https:\/\/www.tennispassionzone.com\/wp-content\/uploads\/2026\/08\/munich-germany-luciano-darderi-of-italy-looks-on-during-day-four-of-the-bmw-open-at-mttc-1.jpg?v=1786366367","width":2048,"height":1365},{"@type":"BreadcrumbList","@id":"https:\/\/www.tennispassionzone.com\/atp\/winston-salem-open-tre-azzurri-al-via-possibile-derby-darderi-bellucci\/#breadcrumb","itemListElement":[{"@type":"ListItem","position":1,"name":"Home","item":"https:\/\/www.tennispassionzone.com\/it\/"},{"@type":"ListItem","position":2,"name":"ATP","item":"https:\/\/www.tennispassionzone.com\/it\/atp\/"},{"@type":"ListItem","position":3,"name":"Winston-Salem Open, tre azzurri al via: possibile derby Darderi-Bellucci"}]},{"@type":"WebSite","@id":"https:\/\/www.tennispassionzone.com\/it\/#website","url":"https:\/\/www.tennispassionzone.com\/it\/","name":"Tennis Passion Zone","description":"","publisher":{"@id":"https:\/\/www.tennispassionzone.com\/it\/#organization"},"potentialAction":[{"@type":"SearchAction","target":{"@type":"EntryPoint","urlTemplate":"https:\/\/www.tennispassionzone.com\/it\/?s={search_term_string}"},"query-input":{"@type":"PropertyValueSpecification","valueRequired":true,"valueName":"search_term_string"}}],"inLanguage":"it-IT"},{"@type":"Organization","@id":"https:\/\/www.tennispassionzone.com\/it\/#organization","name":"Tennis Passion Zone","url":"https:\/\/www.tennispassionzone.com\/it\/","logo":{"@type":"ImageObject","inLanguage":"it-IT","@id":"https:\/\/www.tennispassionzone.com\/it\/#\/schema\/logo\/image\/","url":"https:\/\/www.tennispassionzone.com\/wp-content\/uploads\/2025\/12\/Logo_tennis_passion-zone.png?v=1764615384","contentUrl":"https:\/\/www.tennispassionzone.com\/wp-content\/uploads\/2025\/12\/Logo_tennis_passion-zone.png?v=1764615384","width":450,"height":225,"caption":"Tennis Passion Zone"},"image":{"@id":"https:\/\/www.tennispassionzone.com\/it\/#\/schema\/logo\/image\/"}},{"@type":"Person","@id":"https:\/\/www.tennispassionzone.com\/it\/#\/schema\/person\/b9c262bd9834410177e11e301758b2a4","name":"Gabriele Rossi","image":{"@type":"ImageObject","inLanguage":"it-IT","@id":"https:\/\/www.tennispassionzone.com\/it\/#\/schema\/person\/image\/","url":"https:\/\/secure.gravatar.com\/avatar\/0ceb236bcc0b754bfdc9d4b86dd50f4b60debf1f4e4142e83d6673fe2157300c?s=96&d=mm&r=g","contentUrl":"https:\/\/secure.gravatar.com\/avatar\/0ceb236bcc0b754bfdc9d4b86dd50f4b60debf1f4e4142e83d6673fe2157300c?s=96&d=mm&r=g","caption":"Gabriele Rossi"},"description":"Toscano di origine, divide il proprio tempo tra la Versilia e Milano. Nonostante un percorso accademico nel campo dell\u2019ingegneria, con particolare attenzione alle tecnologie radar ed ai sistemi d\u2019antenna, una forte passione per il calcio lo accompagna fin da bambino. Prima sul campo e, poi, attraverso lo studio di partite, schemi, dati ed analisi, \u00e8 riuscito a trasformare questo interesse in diverse collaborazioni con realt\u00e0 online dedicate al calcio ed al fantacalcio, contribuendo con articoli, approfondimenti e contenuti per la community. L'obiettivo \u00e8 quello di coniugare l\u2019approccio analitico e statistico con quello umano, raccontando il calcio attraverso ci\u00f2 che accade sia nei numeri sia nelle storie dei protagonisti, mantenendo sempre una visione attuale sul panorama calcistico nazionale ed internazionale.","url":"https:\/\/www.tennispassionzone.com\/it\/author\/gabriele-rossi\/"}]}},"_links":{"self":[{"href":"https:\/\/www.tennispassionzone.com\/it\/wp-json\/wp\/v2\/posts\/85711","targetHints":{"allow":["GET"]}}],"collection":[{"href":"https:\/\/www.tennispassionzone.com\/it\/wp-json\/wp\/v2\/posts"}],"about":[{"href":"https:\/\/www.tennispassionzone.com\/it\/wp-json\/wp\/v2\/types\/post"}],"author":[{"embeddable":true,"href":"https:\/\/www.tennispassionzone.com\/it\/wp-json\/wp\/v2\/users\/22"}],"replies":[{"embeddable":true,"href":"https:\/\/www.tennispassionzone.com\/it\/wp-json\/wp\/v2\/comments?post=85711"}],"version-history":[{"count":2,"href":"https:\/\/www.tennispassionzone.com\/it\/wp-json\/wp\/v2\/posts\/85711\/revisions"}],"predecessor-version":[{"id":85717,"href":"https:\/\/www.tennispassionzone.com\/it\/wp-json\/wp\/v2\/posts\/85711\/revisions\/85717"}],"wp:featuredmedia":[{"embeddable":true,"href":"https:\/\/www.tennispassionzone.com\/it\/wp-json\/wp\/v2\/media\/85323"}],"wp:attachment":[{"href":"https:\/\/www.tennispassionzone.com\/it\/wp-json\/wp\/v2\/media?parent=85711"}],"wp:term":[{"taxonomy":"category","embeddable":true,"href":"https:\/\/www.tennispassionzone.com\/it\/wp-json\/wp\/v2\/categories?post=85711"},{"taxonomy":"post_tag","embeddable":true,"href":"https:\/\/www.tennispassionzone.com\/it\/wp-json\/wp\/v2\/tags?post=85711"}],"curies":[{"name":"wp","href":"https:\/\/api.w.org\/{rel}","templated":true}]}}