{"id":85729,"date":"2026-08-23T14:06:00","date_gmt":"2026-08-23T12:06:00","guid":{"rendered":"https:\/\/www.tennispassionzone.com\/?p=85729"},"modified":"2026-08-23T12:08:41","modified_gmt":"2026-08-23T10:08:41","slug":"stan-wawrinka-non-sara-al-via-degli-us-open","status":"publish","type":"post","link":"https:\/\/www.tennispassionzone.com\/it\/personaggi\/giocatori\/stan-wawrinka-non-sara-al-via-degli-us-open\/","title":{"rendered":"Stan Wawrinka non sar\u00e0 al via degli US Open"},"content":{"rendered":"<p class=\"PDq2pG_selectionAnchorContainer\" data-start=\"0\" data-end=\"257\">L&#8217;ultima wild card disponibile per il tabellone principale di Flushing Meadows \u00e8 stata infatti assegnata allo statunitense Patrick Kypson, numero 115 del ranking ATP, lasciando fuori il campione svizzero.<\/p>\n<p data-start=\"259\" data-end=\"529\">Per Wawrinka sfuma cos\u00ec la possibilit\u00e0 di prendere parte al torneo newyorkese senza passare dalle qualificazioni. Una decisione che ha inevitabilmente acceso il dibattito tra tifosi e addetti ai lavori, considerando il rapporto speciale che lega l&#8217;elvetico agli US Open.<\/p>\n<h2 data-section-id=\"1f0y7pv\" data-start=\"531\" data-end=\"582\">Un campione che ha scritto la storia del torneo<\/h2>\n<p data-start=\"584\" data-end=\"929\">L&#8217;ex numero 3 del mondo occupa attualmente la posizione numero 125 del ranking ATP e resta uno dei protagonisti pi\u00f9 importanti dell&#8217;ultima generazione del tennis mondiale. A New York ha vissuto alcune delle pagine pi\u00f9 significative della sua carriera, a partire dal trionfo del 2016, quando conquist\u00f2 il titolo battendo Novak Djokovic in finale.<\/p>\n<p data-start=\"931\" data-end=\"1138\">Nel suo percorso agli US Open figurano anche le semifinali raggiunte nel 2013 e nel 2019, risultati che si aggiungono agli altri due titoli Slam conquistati agli Australian Open 2014 e al Roland Garros 2015.<\/p>\n<h2 data-section-id=\"1y1wjw5\" data-start=\"1140\" data-end=\"1162\">Wild card a Kypson<\/h2>\n<p data-start=\"1164\" data-end=\"1412\">Gli organizzatori hanno preferito puntare su Kypson, premiando un giocatore statunitense in costante crescita e vicino ai primi cento del mondo. Una scelta in linea con la tradizione del torneo, che spesso riserva alcuni inviti ai tennisti di casa.<\/p>\n<p data-start=\"1414\" data-end=\"1699\" data-is-last-node=\"\" data-is-only-node=\"\">Resta invece l&#8217;amarezza per Wawrinka, che dovr\u00e0 valutare eventuali alternative per provare a essere comunque presente a Flushing Meadows. Al momento, per\u00f2, l&#8217;unica certezza \u00e8 che il tre volte campione Slam non ha ricevuto l&#8217;invito tanto atteso dagli organizzatori del torneo americano.<\/p>\n","protected":false},"excerpt":{"rendered":"<p>Sfuma il sogno di un ultimo Us Open per Stan Wawrinka. Gli organizzatori hanno negato la wild card al campione 2016, preferendogli un tennista di casa e scatenando polemiche tra gli appassionati.<\/p>\n","protected":false},"author":22,"featured_media":79032,"comment_status":"closed","ping_status":"open","sticky":false,"template":"","format":"standard","meta":{"_overwrite_by_ai":false,"footnotes":""},"categories":[5032,5034,5022,5039],"tags":[],"class_list":["post-85729","post","type-post","status-publish","format-standard","has-post-thumbnail","hentry","category-giocatori","category-leggende","category-notizie","category-us-open"],"acf":[],"yoast_head":"<!-- This site is optimized with the Yoast SEO plugin v26.8 - https:\/\/yoast.com\/product\/yoast-seo-wordpress\/ -->\n<title>Wawrinka escluso dall&#039;Us Open: niente wild card<\/title>\n<meta name=\"description\" content=\"Stan Wawrinka non parteciper\u00e0 al suo ultimo Us Open. Gli organizzatori hanno negato la wild card al campione svizzero, preferendogli il tennista di casa Patrick Kypson.\" \/>\n<meta name=\"robots\" content=\"index, follow, max-snippet:-1, max-image-preview:large, max-video-preview:-1\" \/>\n<link rel=\"canonical\" href=\"https:\/\/www.tennispassionzone.com\/it\/personaggi\/giocatori\/stan-wawrinka-non-sara-al-via-degli-us-open\/\" \/>\n<meta property=\"og:locale\" content=\"it_IT\" \/>\n<meta property=\"og:type\" content=\"article\" \/>\n<meta property=\"og:title\" content=\"Wawrinka escluso dall&#039;Us Open: niente wild card\" \/>\n<meta property=\"og:description\" content=\"Stan Wawrinka non parteciper\u00e0 al suo ultimo Us Open. Gli organizzatori hanno negato la wild card al campione svizzero, preferendogli il tennista di casa Patrick Kypson.\" \/>\n<meta property=\"og:url\" content=\"https:\/\/www.tennispassionzone.com\/it\/personaggi\/giocatori\/stan-wawrinka-non-sara-al-via-degli-us-open\/\" \/>\n<meta property=\"og:site_name\" content=\"Tennis Passion Zone\" \/>\n<meta property=\"article:published_time\" content=\"2026-08-23T12:06:00+00:00\" \/>\n<meta property=\"og:image\" content=\"https:\/\/www.tennispassionzone.com\/wp-content\/uploads\/2026\/03\/rotterdam-netherlands-stan-wawrinka-of-switzerland-plays-a-forehand-in-his-mens-singles-first.jpg?v=1774296817\" \/>\n\t<meta property=\"og:image:width\" content=\"2048\" \/>\n\t<meta property=\"og:image:height\" content=\"1365\" \/>\n\t<meta property=\"og:image:type\" content=\"image\/jpeg\" \/>\n<meta name=\"author\" content=\"Gabriele Rossi\" \/>\n<meta name=\"twitter:card\" content=\"summary_large_image\" \/>\n<meta name=\"twitter:label1\" content=\"Scritto da\" \/>\n\t<meta name=\"twitter:data1\" content=\"Gabriele Rossi\" \/>\n\t<meta name=\"twitter:label2\" content=\"Tempo di lettura stimato\" \/>\n\t<meta name=\"twitter:data2\" content=\"2 minuti\" \/>\n<script type=\"application\/ld+json\" class=\"yoast-schema-graph\">{\"@context\":\"https:\/\/schema.org\",\"@graph\":[{\"@type\":\"Article\",\"@id\":\"https:\/\/www.tennispassionzone.com\/it\/personaggi\/giocatori\/stan-wawrinka-non-sara-al-via-degli-us-open\/#article\",\"isPartOf\":{\"@id\":\"https:\/\/www.tennispassionzone.com\/it\/personaggi\/giocatori\/stan-wawrinka-non-sara-al-via-degli-us-open\/\"},\"author\":{\"name\":\"Gabriele Rossi\",\"@id\":\"https:\/\/www.tennispassionzone.com\/it\/#\/schema\/person\/b9c262bd9834410177e11e301758b2a4\"},\"headline\":\"Stan Wawrinka non sar\u00e0 al via degli US Open\",\"datePublished\":\"2026-08-23T12:06:00+00:00\",\"mainEntityOfPage\":{\"@id\":\"https:\/\/www.tennispassionzone.com\/it\/personaggi\/giocatori\/stan-wawrinka-non-sara-al-via-degli-us-open\/\"},\"wordCount\":258,\"publisher\":{\"@id\":\"https:\/\/www.tennispassionzone.com\/it\/#organization\"},\"image\":{\"@id\":\"https:\/\/www.tennispassionzone.com\/it\/personaggi\/giocatori\/stan-wawrinka-non-sara-al-via-degli-us-open\/#primaryimage\"},\"thumbnailUrl\":\"https:\/\/www.tennispassionzone.com\/wp-content\/uploads\/2026\/03\/rotterdam-netherlands-stan-wawrinka-of-switzerland-plays-a-forehand-in-his-mens-singles-first.jpg?v=1774296817\",\"articleSection\":[\"Giocatori\",\"Leggende\",\"Notizie\",\"US Open\"],\"inLanguage\":\"it-IT\"},{\"@type\":\"WebPage\",\"@id\":\"https:\/\/www.tennispassionzone.com\/it\/personaggi\/giocatori\/stan-wawrinka-non-sara-al-via-degli-us-open\/\",\"url\":\"https:\/\/www.tennispassionzone.com\/it\/personaggi\/giocatori\/stan-wawrinka-non-sara-al-via-degli-us-open\/\",\"name\":\"Wawrinka escluso dall'Us Open: niente wild card\",\"isPartOf\":{\"@id\":\"https:\/\/www.tennispassionzone.com\/it\/#website\"},\"primaryImageOfPage\":{\"@id\":\"https:\/\/www.tennispassionzone.com\/it\/personaggi\/giocatori\/stan-wawrinka-non-sara-al-via-degli-us-open\/#primaryimage\"},\"image\":{\"@id\":\"https:\/\/www.tennispassionzone.com\/it\/personaggi\/giocatori\/stan-wawrinka-non-sara-al-via-degli-us-open\/#primaryimage\"},\"thumbnailUrl\":\"https:\/\/www.tennispassionzone.com\/wp-content\/uploads\/2026\/03\/rotterdam-netherlands-stan-wawrinka-of-switzerland-plays-a-forehand-in-his-mens-singles-first.jpg?v=1774296817\",\"datePublished\":\"2026-08-23T12:06:00+00:00\",\"description\":\"Stan Wawrinka non parteciper\u00e0 al suo ultimo Us Open. Gli organizzatori hanno negato la wild card al campione svizzero, preferendogli il tennista di casa Patrick Kypson.\",\"breadcrumb\":{\"@id\":\"https:\/\/www.tennispassionzone.com\/it\/personaggi\/giocatori\/stan-wawrinka-non-sara-al-via-degli-us-open\/#breadcrumb\"},\"inLanguage\":\"it-IT\",\"potentialAction\":[{\"@type\":\"ReadAction\",\"target\":[\"https:\/\/www.tennispassionzone.com\/it\/personaggi\/giocatori\/stan-wawrinka-non-sara-al-via-degli-us-open\/\"]}]},{\"@type\":\"ImageObject\",\"inLanguage\":\"it-IT\",\"@id\":\"https:\/\/www.tennispassionzone.com\/it\/personaggi\/giocatori\/stan-wawrinka-non-sara-al-via-degli-us-open\/#primaryimage\",\"url\":\"https:\/\/www.tennispassionzone.com\/wp-content\/uploads\/2026\/03\/rotterdam-netherlands-stan-wawrinka-of-switzerland-plays-a-forehand-in-his-mens-singles-first.jpg?v=1774296817\",\"contentUrl\":\"https:\/\/www.tennispassionzone.com\/wp-content\/uploads\/2026\/03\/rotterdam-netherlands-stan-wawrinka-of-switzerland-plays-a-forehand-in-his-mens-singles-first.jpg?v=1774296817\",\"width\":2048,\"height\":1365},{\"@type\":\"BreadcrumbList\",\"@id\":\"https:\/\/www.tennispassionzone.com\/it\/personaggi\/giocatori\/stan-wawrinka-non-sara-al-via-degli-us-open\/#breadcrumb\",\"itemListElement\":[{\"@type\":\"ListItem\",\"position\":1,\"name\":\"Home\",\"item\":\"https:\/\/www.tennispassionzone.com\/it\/\"},{\"@type\":\"ListItem\",\"position\":2,\"name\":\"Personaggi\",\"item\":\"https:\/\/www.tennispassionzone.com\/it\/personaggi\/\"},{\"@type\":\"ListItem\",\"position\":3,\"name\":\"Giocatori\",\"item\":\"https:\/\/www.tennispassionzone.com\/it\/personaggi\/giocatori\/\"},{\"@type\":\"ListItem\",\"position\":4,\"name\":\"Stan Wawrinka non sar\u00e0 al via degli US Open\"}]},{\"@type\":\"WebSite\",\"@id\":\"https:\/\/www.tennispassionzone.com\/it\/#website\",\"url\":\"https:\/\/www.tennispassionzone.com\/it\/\",\"name\":\"Tennis Passion Zone\",\"description\":\"\",\"publisher\":{\"@id\":\"https:\/\/www.tennispassionzone.com\/it\/#organization\"},\"potentialAction\":[{\"@type\":\"SearchAction\",\"target\":{\"@type\":\"EntryPoint\",\"urlTemplate\":\"https:\/\/www.tennispassionzone.com\/it\/?s={search_term_string}\"},\"query-input\":{\"@type\":\"PropertyValueSpecification\",\"valueRequired\":true,\"valueName\":\"search_term_string\"}}],\"inLanguage\":\"it-IT\"},{\"@type\":\"Organization\",\"@id\":\"https:\/\/www.tennispassionzone.com\/it\/#organization\",\"name\":\"Tennis Passion Zone\",\"url\":\"https:\/\/www.tennispassionzone.com\/it\/\",\"logo\":{\"@type\":\"ImageObject\",\"inLanguage\":\"it-IT\",\"@id\":\"https:\/\/www.tennispassionzone.com\/it\/#\/schema\/logo\/image\/\",\"url\":\"https:\/\/www.tennispassionzone.com\/wp-content\/uploads\/2025\/12\/Logo_tennis_passion-zone.png?v=1764615384\",\"contentUrl\":\"https:\/\/www.tennispassionzone.com\/wp-content\/uploads\/2025\/12\/Logo_tennis_passion-zone.png?v=1764615384\",\"width\":450,\"height\":225,\"caption\":\"Tennis Passion Zone\"},\"image\":{\"@id\":\"https:\/\/www.tennispassionzone.com\/it\/#\/schema\/logo\/image\/\"}},{\"@type\":\"Person\",\"@id\":\"https:\/\/www.tennispassionzone.com\/it\/#\/schema\/person\/b9c262bd9834410177e11e301758b2a4\",\"name\":\"Gabriele Rossi\",\"image\":{\"@type\":\"ImageObject\",\"inLanguage\":\"it-IT\",\"@id\":\"https:\/\/www.tennispassionzone.com\/it\/#\/schema\/person\/image\/\",\"url\":\"https:\/\/secure.gravatar.com\/avatar\/0ceb236bcc0b754bfdc9d4b86dd50f4b60debf1f4e4142e83d6673fe2157300c?s=96&d=mm&r=g\",\"contentUrl\":\"https:\/\/secure.gravatar.com\/avatar\/0ceb236bcc0b754bfdc9d4b86dd50f4b60debf1f4e4142e83d6673fe2157300c?s=96&d=mm&r=g\",\"caption\":\"Gabriele Rossi\"},\"description\":\"Toscano di origine, divide il proprio tempo tra la Versilia e Milano. Nonostante un percorso accademico nel campo dell\u2019ingegneria, con particolare attenzione alle tecnologie radar ed ai sistemi d\u2019antenna, una forte passione per il calcio lo accompagna fin da bambino. Prima sul campo e, poi, attraverso lo studio di partite, schemi, dati ed analisi, \u00e8 riuscito a trasformare questo interesse in diverse collaborazioni con realt\u00e0 online dedicate al calcio ed al fantacalcio, contribuendo con articoli, approfondimenti e contenuti per la community. L'obiettivo \u00e8 quello di coniugare l\u2019approccio analitico e statistico con quello umano, raccontando il calcio attraverso ci\u00f2 che accade sia nei numeri sia nelle storie dei protagonisti, mantenendo sempre una visione attuale sul panorama calcistico nazionale ed internazionale.\",\"url\":\"https:\/\/www.tennispassionzone.com\/it\/author\/gabriele-rossi\/\"}]}<\/script>\n<!-- \/ Yoast SEO plugin. -->","yoast_head_json":{"title":"Wawrinka escluso dall'Us Open: niente wild card","description":"Stan Wawrinka non parteciper\u00e0 al suo ultimo Us Open. Gli organizzatori hanno negato la wild card al campione svizzero, preferendogli il tennista di casa Patrick Kypson.","robots":{"index":"index","follow":"follow","max-snippet":"max-snippet:-1","max-image-preview":"max-image-preview:large","max-video-preview":"max-video-preview:-1"},"canonical":"https:\/\/www.tennispassionzone.com\/it\/personaggi\/giocatori\/stan-wawrinka-non-sara-al-via-degli-us-open\/","og_locale":"it_IT","og_type":"article","og_title":"Wawrinka escluso dall'Us Open: niente wild card","og_description":"Stan Wawrinka non parteciper\u00e0 al suo ultimo Us Open. Gli organizzatori hanno negato la wild card al campione svizzero, preferendogli il tennista di casa Patrick Kypson.","og_url":"https:\/\/www.tennispassionzone.com\/it\/personaggi\/giocatori\/stan-wawrinka-non-sara-al-via-degli-us-open\/","og_site_name":"Tennis Passion Zone","article_published_time":"2026-08-23T12:06:00+00:00","og_image":[{"width":2048,"height":1365,"url":"https:\/\/www.tennispassionzone.com\/wp-content\/uploads\/2026\/03\/rotterdam-netherlands-stan-wawrinka-of-switzerland-plays-a-forehand-in-his-mens-singles-first.jpg?v=1774296817","type":"image\/jpeg"}],"author":"Gabriele Rossi","twitter_card":"summary_large_image","twitter_misc":{"Scritto da":"Gabriele Rossi","Tempo di lettura stimato":"2 minuti"},"schema":{"@context":"https:\/\/schema.org","@graph":[{"@type":"Article","@id":"https:\/\/www.tennispassionzone.com\/it\/personaggi\/giocatori\/stan-wawrinka-non-sara-al-via-degli-us-open\/#article","isPartOf":{"@id":"https:\/\/www.tennispassionzone.com\/it\/personaggi\/giocatori\/stan-wawrinka-non-sara-al-via-degli-us-open\/"},"author":{"name":"Gabriele Rossi","@id":"https:\/\/www.tennispassionzone.com\/it\/#\/schema\/person\/b9c262bd9834410177e11e301758b2a4"},"headline":"Stan Wawrinka non sar\u00e0 al via degli US Open","datePublished":"2026-08-23T12:06:00+00:00","mainEntityOfPage":{"@id":"https:\/\/www.tennispassionzone.com\/it\/personaggi\/giocatori\/stan-wawrinka-non-sara-al-via-degli-us-open\/"},"wordCount":258,"publisher":{"@id":"https:\/\/www.tennispassionzone.com\/it\/#organization"},"image":{"@id":"https:\/\/www.tennispassionzone.com\/it\/personaggi\/giocatori\/stan-wawrinka-non-sara-al-via-degli-us-open\/#primaryimage"},"thumbnailUrl":"https:\/\/www.tennispassionzone.com\/wp-content\/uploads\/2026\/03\/rotterdam-netherlands-stan-wawrinka-of-switzerland-plays-a-forehand-in-his-mens-singles-first.jpg?v=1774296817","articleSection":["Giocatori","Leggende","Notizie","US Open"],"inLanguage":"it-IT"},{"@type":"WebPage","@id":"https:\/\/www.tennispassionzone.com\/it\/personaggi\/giocatori\/stan-wawrinka-non-sara-al-via-degli-us-open\/","url":"https:\/\/www.tennispassionzone.com\/it\/personaggi\/giocatori\/stan-wawrinka-non-sara-al-via-degli-us-open\/","name":"Wawrinka escluso dall'Us Open: niente wild card","isPartOf":{"@id":"https:\/\/www.tennispassionzone.com\/it\/#website"},"primaryImageOfPage":{"@id":"https:\/\/www.tennispassionzone.com\/it\/personaggi\/giocatori\/stan-wawrinka-non-sara-al-via-degli-us-open\/#primaryimage"},"image":{"@id":"https:\/\/www.tennispassionzone.com\/it\/personaggi\/giocatori\/stan-wawrinka-non-sara-al-via-degli-us-open\/#primaryimage"},"thumbnailUrl":"https:\/\/www.tennispassionzone.com\/wp-content\/uploads\/2026\/03\/rotterdam-netherlands-stan-wawrinka-of-switzerland-plays-a-forehand-in-his-mens-singles-first.jpg?v=1774296817","datePublished":"2026-08-23T12:06:00+00:00","description":"Stan Wawrinka non parteciper\u00e0 al suo ultimo Us Open. Gli organizzatori hanno negato la wild card al campione svizzero, preferendogli il tennista di casa Patrick Kypson.","breadcrumb":{"@id":"https:\/\/www.tennispassionzone.com\/it\/personaggi\/giocatori\/stan-wawrinka-non-sara-al-via-degli-us-open\/#breadcrumb"},"inLanguage":"it-IT","potentialAction":[{"@type":"ReadAction","target":["https:\/\/www.tennispassionzone.com\/it\/personaggi\/giocatori\/stan-wawrinka-non-sara-al-via-degli-us-open\/"]}]},{"@type":"ImageObject","inLanguage":"it-IT","@id":"https:\/\/www.tennispassionzone.com\/it\/personaggi\/giocatori\/stan-wawrinka-non-sara-al-via-degli-us-open\/#primaryimage","url":"https:\/\/www.tennispassionzone.com\/wp-content\/uploads\/2026\/03\/rotterdam-netherlands-stan-wawrinka-of-switzerland-plays-a-forehand-in-his-mens-singles-first.jpg?v=1774296817","contentUrl":"https:\/\/www.tennispassionzone.com\/wp-content\/uploads\/2026\/03\/rotterdam-netherlands-stan-wawrinka-of-switzerland-plays-a-forehand-in-his-mens-singles-first.jpg?v=1774296817","width":2048,"height":1365},{"@type":"BreadcrumbList","@id":"https:\/\/www.tennispassionzone.com\/it\/personaggi\/giocatori\/stan-wawrinka-non-sara-al-via-degli-us-open\/#breadcrumb","itemListElement":[{"@type":"ListItem","position":1,"name":"Home","item":"https:\/\/www.tennispassionzone.com\/it\/"},{"@type":"ListItem","position":2,"name":"Personaggi","item":"https:\/\/www.tennispassionzone.com\/it\/personaggi\/"},{"@type":"ListItem","position":3,"name":"Giocatori","item":"https:\/\/www.tennispassionzone.com\/it\/personaggi\/giocatori\/"},{"@type":"ListItem","position":4,"name":"Stan Wawrinka non sar\u00e0 al via degli US Open"}]},{"@type":"WebSite","@id":"https:\/\/www.tennispassionzone.com\/it\/#website","url":"https:\/\/www.tennispassionzone.com\/it\/","name":"Tennis Passion Zone","description":"","publisher":{"@id":"https:\/\/www.tennispassionzone.com\/it\/#organization"},"potentialAction":[{"@type":"SearchAction","target":{"@type":"EntryPoint","urlTemplate":"https:\/\/www.tennispassionzone.com\/it\/?s={search_term_string}"},"query-input":{"@type":"PropertyValueSpecification","valueRequired":true,"valueName":"search_term_string"}}],"inLanguage":"it-IT"},{"@type":"Organization","@id":"https:\/\/www.tennispassionzone.com\/it\/#organization","name":"Tennis Passion Zone","url":"https:\/\/www.tennispassionzone.com\/it\/","logo":{"@type":"ImageObject","inLanguage":"it-IT","@id":"https:\/\/www.tennispassionzone.com\/it\/#\/schema\/logo\/image\/","url":"https:\/\/www.tennispassionzone.com\/wp-content\/uploads\/2025\/12\/Logo_tennis_passion-zone.png?v=1764615384","contentUrl":"https:\/\/www.tennispassionzone.com\/wp-content\/uploads\/2025\/12\/Logo_tennis_passion-zone.png?v=1764615384","width":450,"height":225,"caption":"Tennis Passion Zone"},"image":{"@id":"https:\/\/www.tennispassionzone.com\/it\/#\/schema\/logo\/image\/"}},{"@type":"Person","@id":"https:\/\/www.tennispassionzone.com\/it\/#\/schema\/person\/b9c262bd9834410177e11e301758b2a4","name":"Gabriele Rossi","image":{"@type":"ImageObject","inLanguage":"it-IT","@id":"https:\/\/www.tennispassionzone.com\/it\/#\/schema\/person\/image\/","url":"https:\/\/secure.gravatar.com\/avatar\/0ceb236bcc0b754bfdc9d4b86dd50f4b60debf1f4e4142e83d6673fe2157300c?s=96&d=mm&r=g","contentUrl":"https:\/\/secure.gravatar.com\/avatar\/0ceb236bcc0b754bfdc9d4b86dd50f4b60debf1f4e4142e83d6673fe2157300c?s=96&d=mm&r=g","caption":"Gabriele Rossi"},"description":"Toscano di origine, divide il proprio tempo tra la Versilia e Milano. Nonostante un percorso accademico nel campo dell\u2019ingegneria, con particolare attenzione alle tecnologie radar ed ai sistemi d\u2019antenna, una forte passione per il calcio lo accompagna fin da bambino. Prima sul campo e, poi, attraverso lo studio di partite, schemi, dati ed analisi, \u00e8 riuscito a trasformare questo interesse in diverse collaborazioni con realt\u00e0 online dedicate al calcio ed al fantacalcio, contribuendo con articoli, approfondimenti e contenuti per la community. L'obiettivo \u00e8 quello di coniugare l\u2019approccio analitico e statistico con quello umano, raccontando il calcio attraverso ci\u00f2 che accade sia nei numeri sia nelle storie dei protagonisti, mantenendo sempre una visione attuale sul panorama calcistico nazionale ed internazionale.","url":"https:\/\/www.tennispassionzone.com\/it\/author\/gabriele-rossi\/"}]}},"_links":{"self":[{"href":"https:\/\/www.tennispassionzone.com\/it\/wp-json\/wp\/v2\/posts\/85729","targetHints":{"allow":["GET"]}}],"collection":[{"href":"https:\/\/www.tennispassionzone.com\/it\/wp-json\/wp\/v2\/posts"}],"about":[{"href":"https:\/\/www.tennispassionzone.com\/it\/wp-json\/wp\/v2\/types\/post"}],"author":[{"embeddable":true,"href":"https:\/\/www.tennispassionzone.com\/it\/wp-json\/wp\/v2\/users\/22"}],"replies":[{"embeddable":true,"href":"https:\/\/www.tennispassionzone.com\/it\/wp-json\/wp\/v2\/comments?post=85729"}],"version-history":[{"count":1,"href":"https:\/\/www.tennispassionzone.com\/it\/wp-json\/wp\/v2\/posts\/85729\/revisions"}],"predecessor-version":[{"id":85737,"href":"https:\/\/www.tennispassionzone.com\/it\/wp-json\/wp\/v2\/posts\/85729\/revisions\/85737"}],"wp:featuredmedia":[{"embeddable":true,"href":"https:\/\/www.tennispassionzone.com\/it\/wp-json\/wp\/v2\/media\/79032"}],"wp:attachment":[{"href":"https:\/\/www.tennispassionzone.com\/it\/wp-json\/wp\/v2\/media?parent=85729"}],"wp:term":[{"taxonomy":"category","embeddable":true,"href":"https:\/\/www.tennispassionzone.com\/it\/wp-json\/wp\/v2\/categories?post=85729"},{"taxonomy":"post_tag","embeddable":true,"href":"https:\/\/www.tennispassionzone.com\/it\/wp-json\/wp\/v2\/tags?post=85729"}],"curies":[{"name":"wp","href":"https:\/\/api.w.org\/{rel}","templated":true}]}}