{"id":85798,"date":"2026-08-25T16:00:16","date_gmt":"2026-08-25T14:00:16","guid":{"rendered":"https:\/\/www.tennispassionzone.com\/?p=85798"},"modified":"2026-08-25T16:00:21","modified_gmt":"2026-08-25T14:00:21","slug":"federer-torna-allarthur-ashe-stadium-unoccasione-per-dire-grazie","status":"publish","type":"post","link":"https:\/\/www.tennispassionzone.com\/it\/notizie\/federer-torna-allarthur-ashe-stadium-unoccasione-per-dire-grazie\/","title":{"rendered":"Federer torna all&#8217;Arthur Ashe Stadium: &#8220;Un&#8217;occasione per dire grazie&#8221;"},"content":{"rendered":"<p class=\"PDq2pG_selectionAnchorContainer\" data-start=\"74\" data-end=\"402\">Roger Federer torner\u00e0 a calcare il campo dell&#8217;Arthur Ashe Stadium, teatro di alcune delle pagine pi\u00f9 importanti della sua carriera. Lo svizzero sar\u00e0 protagonista di un&#8217;esibizione speciale organizzata alla vigilia degli US Open, un evento che gli permetter\u00e0 di riabbracciare il pubblico di New York a distanza di anni dal ritiro.<\/p>\n<h2 data-section-id=\"1ja85y\" data-start=\"404\" data-end=\"445\">In campo con Agassi, Roddick e McEnroe<\/h2>\n<p data-start=\"447\" data-end=\"872\">L&#8217;appuntamento vedr\u00e0 riunite quattro grandi leggende del tennis. Insieme a Federer parteciperanno infatti Andy Roddick, Andre Agassi e John McEnroe, protagonisti di un match celebrativo pensato per rendere omaggio a uno dei campioni pi\u00f9 amati della storia dello sport. Per l&#8217;ex numero uno del mondo si tratter\u00e0 di un ritorno particolarmente significativo in uno stadio che lo ha visto conquistare cinque titoli degli US Open.<\/p>\n<h2 data-section-id=\"1t431zm\" data-start=\"874\" data-end=\"908\">Il legame speciale con New York<\/h2>\n<p data-start=\"910\" data-end=\"1447\">Federer ha raccontato l&#8217;emozione di tornare a Flushing Meadows, luogo che conserva alcuni dei ricordi pi\u00f9 belli della sua carriera. Tra questi spicca la straordinaria serie di cinque successi consecutivi ottenuti tra il 2004 e il 2008, un&#8217;impresa che ancora oggi rappresenta uno dei record pi\u00f9 iconici nella storia del torneo. Lo svizzero ha inoltre sottolineato quanto gli faccia piacere condividere questo momento con la sua famiglia, visto che i suoi figli oggi possono vivere pi\u00f9 consapevolmente le emozioni legate alla sua carriera.<\/p>\n<h2 data-section-id=\"7ze179\" data-start=\"1449\" data-end=\"1484\">Nessun ritorno al professionismo<\/h2>\n<p data-start=\"1486\" data-end=\"1951\" data-is-last-node=\"\" data-is-only-node=\"\">L&#8217;esibizione newyorkese riporter\u00e0 Federer sotto i riflettori, ma senza alimentare illusioni su un possibile rientro nel circuito. Interpellato sull&#8217;argomento, l&#8217;ex campione svizzero ha escluso in modo netto qualsiasi ritorno all&#8217;attivit\u00e0 agonistica. L&#8217;obiettivo dell&#8217;evento \u00e8 semplicemente quello di celebrare il legame con il pubblico degli US Open e salutare ancora una volta uno dei palcoscenici che hanno contribuito a renderlo una leggenda del tennis mondiale.<\/p>\n","protected":false},"excerpt":{"rendered":"<p>Roger Federer torna a calcare il cemento dell&#8217;Arthur Ashe Stadium per un&#8217;esibizione con Agassi, Roddick e McEnroe. Un&#8217;occasione per salutare il pubblico e chiudere un cerchio.<\/p>\n","protected":false},"author":22,"featured_media":78153,"comment_status":"closed","ping_status":"open","sticky":false,"template":"","format":"standard","meta":{"_overwrite_by_ai":false,"footnotes":""},"categories":[5034,5022,5039],"tags":[],"class_list":["post-85798","post","type-post","status-publish","format-standard","has-post-thumbnail","hentry","category-leggende","category-notizie","category-us-open"],"acf":[],"yoast_head":"<!-- This site is optimized with the Yoast SEO plugin v26.8 - https:\/\/yoast.com\/product\/yoast-seo-wordpress\/ -->\n<title>Federer, esibizione agli US Open per dire grazie<\/title>\n<meta name=\"description\" content=\"Roger Federer torna agli US Open per un match esibizione all&#039;Arthur Ashe Stadium insieme ad Agassi, Roddick e McEnroe, un&#039;occasione per salutare i fan.\" \/>\n<meta name=\"robots\" content=\"index, follow, max-snippet:-1, max-image-preview:large, max-video-preview:-1\" \/>\n<link rel=\"canonical\" href=\"https:\/\/www.tennispassionzone.com\/it\/notizie\/federer-torna-allarthur-ashe-stadium-unoccasione-per-dire-grazie\/\" \/>\n<meta property=\"og:locale\" content=\"it_IT\" \/>\n<meta property=\"og:type\" content=\"article\" \/>\n<meta property=\"og:title\" content=\"Federer, esibizione agli US Open per dire grazie\" \/>\n<meta property=\"og:description\" content=\"Roger Federer torna agli US Open per un match esibizione all&#039;Arthur Ashe Stadium insieme ad Agassi, Roddick e McEnroe, un&#039;occasione per salutare i fan.\" \/>\n<meta property=\"og:url\" content=\"https:\/\/www.tennispassionzone.com\/it\/notizie\/federer-torna-allarthur-ashe-stadium-unoccasione-per-dire-grazie\/\" \/>\n<meta property=\"og:site_name\" content=\"Tennis Passion Zone\" \/>\n<meta property=\"article:published_time\" content=\"2026-08-25T14:00:16+00:00\" \/>\n<meta property=\"article:modified_time\" content=\"2026-08-25T14:00:21+00:00\" \/>\n<meta property=\"og:image\" content=\"https:\/\/www.tennispassionzone.com\/wp-content\/uploads\/2026\/02\/melbourne-australia-roger-federer-of-switzerland-and-andre-agassi-of-the-united-states-compete-1.jpg?v=1772309032\" \/>\n\t<meta property=\"og:image:width\" content=\"2048\" \/>\n\t<meta property=\"og:image:height\" content=\"1365\" \/>\n\t<meta property=\"og:image:type\" content=\"image\/jpeg\" \/>\n<meta name=\"author\" content=\"Gabriele Rossi\" \/>\n<meta name=\"twitter:card\" content=\"summary_large_image\" \/>\n<meta name=\"twitter:label1\" content=\"Scritto da\" \/>\n\t<meta name=\"twitter:data1\" content=\"Gabriele Rossi\" \/>\n\t<meta name=\"twitter:label2\" content=\"Tempo di lettura stimato\" \/>\n\t<meta name=\"twitter:data2\" content=\"2 minuti\" \/>\n<script type=\"application\/ld+json\" class=\"yoast-schema-graph\">{\"@context\":\"https:\/\/schema.org\",\"@graph\":[{\"@type\":\"Article\",\"@id\":\"https:\/\/www.tennispassionzone.com\/it\/notizie\/federer-torna-allarthur-ashe-stadium-unoccasione-per-dire-grazie\/#article\",\"isPartOf\":{\"@id\":\"https:\/\/www.tennispassionzone.com\/it\/notizie\/federer-torna-allarthur-ashe-stadium-unoccasione-per-dire-grazie\/\"},\"author\":{\"name\":\"Gabriele Rossi\",\"@id\":\"https:\/\/www.tennispassionzone.com\/it\/#\/schema\/person\/b9c262bd9834410177e11e301758b2a4\"},\"headline\":\"Federer torna all&#8217;Arthur Ashe Stadium: &#8220;Un&#8217;occasione per dire grazie&#8221;\",\"datePublished\":\"2026-08-25T14:00:16+00:00\",\"dateModified\":\"2026-08-25T14:00:21+00:00\",\"mainEntityOfPage\":{\"@id\":\"https:\/\/www.tennispassionzone.com\/it\/notizie\/federer-torna-allarthur-ashe-stadium-unoccasione-per-dire-grazie\/\"},\"wordCount\":300,\"publisher\":{\"@id\":\"https:\/\/www.tennispassionzone.com\/it\/#organization\"},\"image\":{\"@id\":\"https:\/\/www.tennispassionzone.com\/it\/notizie\/federer-torna-allarthur-ashe-stadium-unoccasione-per-dire-grazie\/#primaryimage\"},\"thumbnailUrl\":\"https:\/\/www.tennispassionzone.com\/wp-content\/uploads\/2026\/02\/melbourne-australia-roger-federer-of-switzerland-and-andre-agassi-of-the-united-states-compete-1.jpg?v=1772309032\",\"articleSection\":[\"Leggende\",\"Notizie\",\"US Open\"],\"inLanguage\":\"it-IT\"},{\"@type\":\"WebPage\",\"@id\":\"https:\/\/www.tennispassionzone.com\/it\/notizie\/federer-torna-allarthur-ashe-stadium-unoccasione-per-dire-grazie\/\",\"url\":\"https:\/\/www.tennispassionzone.com\/it\/notizie\/federer-torna-allarthur-ashe-stadium-unoccasione-per-dire-grazie\/\",\"name\":\"Federer, esibizione agli US Open per dire grazie\",\"isPartOf\":{\"@id\":\"https:\/\/www.tennispassionzone.com\/it\/#website\"},\"primaryImageOfPage\":{\"@id\":\"https:\/\/www.tennispassionzone.com\/it\/notizie\/federer-torna-allarthur-ashe-stadium-unoccasione-per-dire-grazie\/#primaryimage\"},\"image\":{\"@id\":\"https:\/\/www.tennispassionzone.com\/it\/notizie\/federer-torna-allarthur-ashe-stadium-unoccasione-per-dire-grazie\/#primaryimage\"},\"thumbnailUrl\":\"https:\/\/www.tennispassionzone.com\/wp-content\/uploads\/2026\/02\/melbourne-australia-roger-federer-of-switzerland-and-andre-agassi-of-the-united-states-compete-1.jpg?v=1772309032\",\"datePublished\":\"2026-08-25T14:00:16+00:00\",\"dateModified\":\"2026-08-25T14:00:21+00:00\",\"description\":\"Roger Federer torna agli US Open per un match esibizione all'Arthur Ashe Stadium insieme ad Agassi, Roddick e McEnroe, un'occasione per salutare i fan.\",\"breadcrumb\":{\"@id\":\"https:\/\/www.tennispassionzone.com\/it\/notizie\/federer-torna-allarthur-ashe-stadium-unoccasione-per-dire-grazie\/#breadcrumb\"},\"inLanguage\":\"it-IT\",\"potentialAction\":[{\"@type\":\"ReadAction\",\"target\":[\"https:\/\/www.tennispassionzone.com\/it\/notizie\/federer-torna-allarthur-ashe-stadium-unoccasione-per-dire-grazie\/\"]}]},{\"@type\":\"ImageObject\",\"inLanguage\":\"it-IT\",\"@id\":\"https:\/\/www.tennispassionzone.com\/it\/notizie\/federer-torna-allarthur-ashe-stadium-unoccasione-per-dire-grazie\/#primaryimage\",\"url\":\"https:\/\/www.tennispassionzone.com\/wp-content\/uploads\/2026\/02\/melbourne-australia-roger-federer-of-switzerland-and-andre-agassi-of-the-united-states-compete-1.jpg?v=1772309032\",\"contentUrl\":\"https:\/\/www.tennispassionzone.com\/wp-content\/uploads\/2026\/02\/melbourne-australia-roger-federer-of-switzerland-and-andre-agassi-of-the-united-states-compete-1.jpg?v=1772309032\",\"width\":2048,\"height\":1365},{\"@type\":\"BreadcrumbList\",\"@id\":\"https:\/\/www.tennispassionzone.com\/it\/notizie\/federer-torna-allarthur-ashe-stadium-unoccasione-per-dire-grazie\/#breadcrumb\",\"itemListElement\":[{\"@type\":\"ListItem\",\"position\":1,\"name\":\"Home\",\"item\":\"https:\/\/www.tennispassionzone.com\/it\/\"},{\"@type\":\"ListItem\",\"position\":2,\"name\":\"Notizie\",\"item\":\"https:\/\/www.tennispassionzone.com\/it\/notizie\/\"},{\"@type\":\"ListItem\",\"position\":3,\"name\":\"Federer torna all&#8217;Arthur Ashe Stadium: &#8220;Un&#8217;occasione per dire grazie&#8221;\"}]},{\"@type\":\"WebSite\",\"@id\":\"https:\/\/www.tennispassionzone.com\/it\/#website\",\"url\":\"https:\/\/www.tennispassionzone.com\/it\/\",\"name\":\"Tennis Passion Zone\",\"description\":\"\",\"publisher\":{\"@id\":\"https:\/\/www.tennispassionzone.com\/it\/#organization\"},\"potentialAction\":[{\"@type\":\"SearchAction\",\"target\":{\"@type\":\"EntryPoint\",\"urlTemplate\":\"https:\/\/www.tennispassionzone.com\/it\/?s={search_term_string}\"},\"query-input\":{\"@type\":\"PropertyValueSpecification\",\"valueRequired\":true,\"valueName\":\"search_term_string\"}}],\"inLanguage\":\"it-IT\"},{\"@type\":\"Organization\",\"@id\":\"https:\/\/www.tennispassionzone.com\/it\/#organization\",\"name\":\"Tennis Passion Zone\",\"url\":\"https:\/\/www.tennispassionzone.com\/it\/\",\"logo\":{\"@type\":\"ImageObject\",\"inLanguage\":\"it-IT\",\"@id\":\"https:\/\/www.tennispassionzone.com\/it\/#\/schema\/logo\/image\/\",\"url\":\"https:\/\/www.tennispassionzone.com\/wp-content\/uploads\/2025\/12\/Logo_tennis_passion-zone.png?v=1764615384\",\"contentUrl\":\"https:\/\/www.tennispassionzone.com\/wp-content\/uploads\/2025\/12\/Logo_tennis_passion-zone.png?v=1764615384\",\"width\":450,\"height\":225,\"caption\":\"Tennis Passion Zone\"},\"image\":{\"@id\":\"https:\/\/www.tennispassionzone.com\/it\/#\/schema\/logo\/image\/\"}},{\"@type\":\"Person\",\"@id\":\"https:\/\/www.tennispassionzone.com\/it\/#\/schema\/person\/b9c262bd9834410177e11e301758b2a4\",\"name\":\"Gabriele Rossi\",\"image\":{\"@type\":\"ImageObject\",\"inLanguage\":\"it-IT\",\"@id\":\"https:\/\/www.tennispassionzone.com\/it\/#\/schema\/person\/image\/\",\"url\":\"https:\/\/secure.gravatar.com\/avatar\/0ceb236bcc0b754bfdc9d4b86dd50f4b60debf1f4e4142e83d6673fe2157300c?s=96&d=mm&r=g\",\"contentUrl\":\"https:\/\/secure.gravatar.com\/avatar\/0ceb236bcc0b754bfdc9d4b86dd50f4b60debf1f4e4142e83d6673fe2157300c?s=96&d=mm&r=g\",\"caption\":\"Gabriele Rossi\"},\"description\":\"Toscano di origine, divide il proprio tempo tra la Versilia e Milano. Nonostante un percorso accademico nel campo dell\u2019ingegneria, con particolare attenzione alle tecnologie radar ed ai sistemi d\u2019antenna, una forte passione per il calcio lo accompagna fin da bambino. Prima sul campo e, poi, attraverso lo studio di partite, schemi, dati ed analisi, \u00e8 riuscito a trasformare questo interesse in diverse collaborazioni con realt\u00e0 online dedicate al calcio ed al fantacalcio, contribuendo con articoli, approfondimenti e contenuti per la community. L'obiettivo \u00e8 quello di coniugare l\u2019approccio analitico e statistico con quello umano, raccontando il calcio attraverso ci\u00f2 che accade sia nei numeri sia nelle storie dei protagonisti, mantenendo sempre una visione attuale sul panorama calcistico nazionale ed internazionale.\",\"url\":\"https:\/\/www.tennispassionzone.com\/it\/author\/gabriele-rossi\/\"}]}<\/script>\n<!-- \/ Yoast SEO plugin. -->","yoast_head_json":{"title":"Federer, esibizione agli US Open per dire grazie","description":"Roger Federer torna agli US Open per un match esibizione all'Arthur Ashe Stadium insieme ad Agassi, Roddick e McEnroe, un'occasione per salutare i fan.","robots":{"index":"index","follow":"follow","max-snippet":"max-snippet:-1","max-image-preview":"max-image-preview:large","max-video-preview":"max-video-preview:-1"},"canonical":"https:\/\/www.tennispassionzone.com\/it\/notizie\/federer-torna-allarthur-ashe-stadium-unoccasione-per-dire-grazie\/","og_locale":"it_IT","og_type":"article","og_title":"Federer, esibizione agli US Open per dire grazie","og_description":"Roger Federer torna agli US Open per un match esibizione all'Arthur Ashe Stadium insieme ad Agassi, Roddick e McEnroe, un'occasione per salutare i fan.","og_url":"https:\/\/www.tennispassionzone.com\/it\/notizie\/federer-torna-allarthur-ashe-stadium-unoccasione-per-dire-grazie\/","og_site_name":"Tennis Passion Zone","article_published_time":"2026-08-25T14:00:16+00:00","article_modified_time":"2026-08-25T14:00:21+00:00","og_image":[{"width":2048,"height":1365,"url":"https:\/\/www.tennispassionzone.com\/wp-content\/uploads\/2026\/02\/melbourne-australia-roger-federer-of-switzerland-and-andre-agassi-of-the-united-states-compete-1.jpg?v=1772309032","type":"image\/jpeg"}],"author":"Gabriele Rossi","twitter_card":"summary_large_image","twitter_misc":{"Scritto da":"Gabriele Rossi","Tempo di lettura stimato":"2 minuti"},"schema":{"@context":"https:\/\/schema.org","@graph":[{"@type":"Article","@id":"https:\/\/www.tennispassionzone.com\/it\/notizie\/federer-torna-allarthur-ashe-stadium-unoccasione-per-dire-grazie\/#article","isPartOf":{"@id":"https:\/\/www.tennispassionzone.com\/it\/notizie\/federer-torna-allarthur-ashe-stadium-unoccasione-per-dire-grazie\/"},"author":{"name":"Gabriele Rossi","@id":"https:\/\/www.tennispassionzone.com\/it\/#\/schema\/person\/b9c262bd9834410177e11e301758b2a4"},"headline":"Federer torna all&#8217;Arthur Ashe Stadium: &#8220;Un&#8217;occasione per dire grazie&#8221;","datePublished":"2026-08-25T14:00:16+00:00","dateModified":"2026-08-25T14:00:21+00:00","mainEntityOfPage":{"@id":"https:\/\/www.tennispassionzone.com\/it\/notizie\/federer-torna-allarthur-ashe-stadium-unoccasione-per-dire-grazie\/"},"wordCount":300,"publisher":{"@id":"https:\/\/www.tennispassionzone.com\/it\/#organization"},"image":{"@id":"https:\/\/www.tennispassionzone.com\/it\/notizie\/federer-torna-allarthur-ashe-stadium-unoccasione-per-dire-grazie\/#primaryimage"},"thumbnailUrl":"https:\/\/www.tennispassionzone.com\/wp-content\/uploads\/2026\/02\/melbourne-australia-roger-federer-of-switzerland-and-andre-agassi-of-the-united-states-compete-1.jpg?v=1772309032","articleSection":["Leggende","Notizie","US Open"],"inLanguage":"it-IT"},{"@type":"WebPage","@id":"https:\/\/www.tennispassionzone.com\/it\/notizie\/federer-torna-allarthur-ashe-stadium-unoccasione-per-dire-grazie\/","url":"https:\/\/www.tennispassionzone.com\/it\/notizie\/federer-torna-allarthur-ashe-stadium-unoccasione-per-dire-grazie\/","name":"Federer, esibizione agli US Open per dire grazie","isPartOf":{"@id":"https:\/\/www.tennispassionzone.com\/it\/#website"},"primaryImageOfPage":{"@id":"https:\/\/www.tennispassionzone.com\/it\/notizie\/federer-torna-allarthur-ashe-stadium-unoccasione-per-dire-grazie\/#primaryimage"},"image":{"@id":"https:\/\/www.tennispassionzone.com\/it\/notizie\/federer-torna-allarthur-ashe-stadium-unoccasione-per-dire-grazie\/#primaryimage"},"thumbnailUrl":"https:\/\/www.tennispassionzone.com\/wp-content\/uploads\/2026\/02\/melbourne-australia-roger-federer-of-switzerland-and-andre-agassi-of-the-united-states-compete-1.jpg?v=1772309032","datePublished":"2026-08-25T14:00:16+00:00","dateModified":"2026-08-25T14:00:21+00:00","description":"Roger Federer torna agli US Open per un match esibizione all'Arthur Ashe Stadium insieme ad Agassi, Roddick e McEnroe, un'occasione per salutare i fan.","breadcrumb":{"@id":"https:\/\/www.tennispassionzone.com\/it\/notizie\/federer-torna-allarthur-ashe-stadium-unoccasione-per-dire-grazie\/#breadcrumb"},"inLanguage":"it-IT","potentialAction":[{"@type":"ReadAction","target":["https:\/\/www.tennispassionzone.com\/it\/notizie\/federer-torna-allarthur-ashe-stadium-unoccasione-per-dire-grazie\/"]}]},{"@type":"ImageObject","inLanguage":"it-IT","@id":"https:\/\/www.tennispassionzone.com\/it\/notizie\/federer-torna-allarthur-ashe-stadium-unoccasione-per-dire-grazie\/#primaryimage","url":"https:\/\/www.tennispassionzone.com\/wp-content\/uploads\/2026\/02\/melbourne-australia-roger-federer-of-switzerland-and-andre-agassi-of-the-united-states-compete-1.jpg?v=1772309032","contentUrl":"https:\/\/www.tennispassionzone.com\/wp-content\/uploads\/2026\/02\/melbourne-australia-roger-federer-of-switzerland-and-andre-agassi-of-the-united-states-compete-1.jpg?v=1772309032","width":2048,"height":1365},{"@type":"BreadcrumbList","@id":"https:\/\/www.tennispassionzone.com\/it\/notizie\/federer-torna-allarthur-ashe-stadium-unoccasione-per-dire-grazie\/#breadcrumb","itemListElement":[{"@type":"ListItem","position":1,"name":"Home","item":"https:\/\/www.tennispassionzone.com\/it\/"},{"@type":"ListItem","position":2,"name":"Notizie","item":"https:\/\/www.tennispassionzone.com\/it\/notizie\/"},{"@type":"ListItem","position":3,"name":"Federer torna all&#8217;Arthur Ashe Stadium: &#8220;Un&#8217;occasione per dire grazie&#8221;"}]},{"@type":"WebSite","@id":"https:\/\/www.tennispassionzone.com\/it\/#website","url":"https:\/\/www.tennispassionzone.com\/it\/","name":"Tennis Passion Zone","description":"","publisher":{"@id":"https:\/\/www.tennispassionzone.com\/it\/#organization"},"potentialAction":[{"@type":"SearchAction","target":{"@type":"EntryPoint","urlTemplate":"https:\/\/www.tennispassionzone.com\/it\/?s={search_term_string}"},"query-input":{"@type":"PropertyValueSpecification","valueRequired":true,"valueName":"search_term_string"}}],"inLanguage":"it-IT"},{"@type":"Organization","@id":"https:\/\/www.tennispassionzone.com\/it\/#organization","name":"Tennis Passion Zone","url":"https:\/\/www.tennispassionzone.com\/it\/","logo":{"@type":"ImageObject","inLanguage":"it-IT","@id":"https:\/\/www.tennispassionzone.com\/it\/#\/schema\/logo\/image\/","url":"https:\/\/www.tennispassionzone.com\/wp-content\/uploads\/2025\/12\/Logo_tennis_passion-zone.png?v=1764615384","contentUrl":"https:\/\/www.tennispassionzone.com\/wp-content\/uploads\/2025\/12\/Logo_tennis_passion-zone.png?v=1764615384","width":450,"height":225,"caption":"Tennis Passion Zone"},"image":{"@id":"https:\/\/www.tennispassionzone.com\/it\/#\/schema\/logo\/image\/"}},{"@type":"Person","@id":"https:\/\/www.tennispassionzone.com\/it\/#\/schema\/person\/b9c262bd9834410177e11e301758b2a4","name":"Gabriele Rossi","image":{"@type":"ImageObject","inLanguage":"it-IT","@id":"https:\/\/www.tennispassionzone.com\/it\/#\/schema\/person\/image\/","url":"https:\/\/secure.gravatar.com\/avatar\/0ceb236bcc0b754bfdc9d4b86dd50f4b60debf1f4e4142e83d6673fe2157300c?s=96&d=mm&r=g","contentUrl":"https:\/\/secure.gravatar.com\/avatar\/0ceb236bcc0b754bfdc9d4b86dd50f4b60debf1f4e4142e83d6673fe2157300c?s=96&d=mm&r=g","caption":"Gabriele Rossi"},"description":"Toscano di origine, divide il proprio tempo tra la Versilia e Milano. Nonostante un percorso accademico nel campo dell\u2019ingegneria, con particolare attenzione alle tecnologie radar ed ai sistemi d\u2019antenna, una forte passione per il calcio lo accompagna fin da bambino. Prima sul campo e, poi, attraverso lo studio di partite, schemi, dati ed analisi, \u00e8 riuscito a trasformare questo interesse in diverse collaborazioni con realt\u00e0 online dedicate al calcio ed al fantacalcio, contribuendo con articoli, approfondimenti e contenuti per la community. L'obiettivo \u00e8 quello di coniugare l\u2019approccio analitico e statistico con quello umano, raccontando il calcio attraverso ci\u00f2 che accade sia nei numeri sia nelle storie dei protagonisti, mantenendo sempre una visione attuale sul panorama calcistico nazionale ed internazionale.","url":"https:\/\/www.tennispassionzone.com\/it\/author\/gabriele-rossi\/"}]}},"_links":{"self":[{"href":"https:\/\/www.tennispassionzone.com\/it\/wp-json\/wp\/v2\/posts\/85798","targetHints":{"allow":["GET"]}}],"collection":[{"href":"https:\/\/www.tennispassionzone.com\/it\/wp-json\/wp\/v2\/posts"}],"about":[{"href":"https:\/\/www.tennispassionzone.com\/it\/wp-json\/wp\/v2\/types\/post"}],"author":[{"embeddable":true,"href":"https:\/\/www.tennispassionzone.com\/it\/wp-json\/wp\/v2\/users\/22"}],"replies":[{"embeddable":true,"href":"https:\/\/www.tennispassionzone.com\/it\/wp-json\/wp\/v2\/comments?post=85798"}],"version-history":[{"count":1,"href":"https:\/\/www.tennispassionzone.com\/it\/wp-json\/wp\/v2\/posts\/85798\/revisions"}],"predecessor-version":[{"id":85804,"href":"https:\/\/www.tennispassionzone.com\/it\/wp-json\/wp\/v2\/posts\/85798\/revisions\/85804"}],"wp:featuredmedia":[{"embeddable":true,"href":"https:\/\/www.tennispassionzone.com\/it\/wp-json\/wp\/v2\/media\/78153"}],"wp:attachment":[{"href":"https:\/\/www.tennispassionzone.com\/it\/wp-json\/wp\/v2\/media?parent=85798"}],"wp:term":[{"taxonomy":"category","embeddable":true,"href":"https:\/\/www.tennispassionzone.com\/it\/wp-json\/wp\/v2\/categories?post=85798"},{"taxonomy":"post_tag","embeddable":true,"href":"https:\/\/www.tennispassionzone.com\/it\/wp-json\/wp\/v2\/tags?post=85798"}],"curies":[{"name":"wp","href":"https:\/\/api.w.org\/{rel}","templated":true}]}}