{"id":85908,"date":"2026-08-29T11:02:00","date_gmt":"2026-08-29T09:02:00","guid":{"rendered":"https:\/\/www.tennispassionzone.com\/?p=85908"},"modified":"2026-08-29T11:03:54","modified_gmt":"2026-08-29T09:03:54","slug":"alcaraz-il-ritorno-a-new-york-e-un-test-di-fiducia-linfortunio-e-nella-mia-testa","status":"publish","type":"post","link":"https:\/\/www.tennispassionzone.com\/it\/personaggi\/giocatori\/alcaraz-il-ritorno-a-new-york-e-un-test-di-fiducia-linfortunio-e-nella-mia-testa\/","title":{"rendered":"Alcaraz, il ritorno a New York \u00e8 un test di fiducia: &#8220;L&#8217;infortunio \u00e8 nella mia testa&#8221;"},"content":{"rendered":"<p>Carlos Alcaraz arriva agli US Open con una necessit\u00e0 precisa: tornare a respirare l&#8217;atmosfera della competizione dopo un periodo complicato. Lo spagnolo ha raccontato le difficolt\u00e0 degli ultimi mesi, segnati da un infortunio al polso, e l&#8217;importanza di ritrovare subito ritmo e fiducia a Flushing Meadows.<\/p>\n<p>\u201cHo bisogno di stare qui, allenarmi con questi ragazzi, sentire di nuovo la competizione, e questo \u00e8 un test davvero importante\u201d, ha spiegato Alcaraz in conferenza stampa. Una situazione che presenta alcune similitudini con quella vissuta un anno fa, quando torn\u00f2 agli US Open dopo un problema all&#8217;avambraccio.<\/p>\n<h2>Alcaraz e il lavoro sulla testa<\/h2>\n<p>Per il numero due del tennis mondiale, il ritorno dopo un infortunio non \u00e8 soltanto una questione fisica. Alcaraz ha raccontato quanto il periodo lontano dai campi gli abbia permesso di conoscersi meglio.<\/p>\n<p>\u201cMi sento benissimo e penso che quell&#8217;infortunio mi abbia aiutato molto a capire che, in questo momento, \u00e8 tutto nella mia testa\u201d. Da qui l&#8217;importanza del rapporto con il suo gruppo di lavoro e della fiducia nelle indicazioni ricevute dallo staff.<\/p>\n<p>\u201cDevo fidarmi del mio team, devo fidarmi delle persone che mi dicono che andr\u00e0 tutto bene\u201d, ha aggiunto lo spagnolo. L&#8217;obiettivo \u00e8 non lasciare spazio alla paura durante le partite e tornare a giocare senza condizionamenti: \u201cSto cercando di non farmi condizionare dalla paura e sto giocando normalmente\u201d.<\/p>\n<h2>Il pensiero per Sinner<\/h2>\n<p>A New York mancher\u00e0 Jannik Sinner, assenza che priva il torneo di uno dei confronti pi\u00f9 attesi del circuito. L&#8217;ultima sfida tra i due risale alla finale di Monte-Carlo, vinta dall&#8217;italiano. Alcaraz avrebbe cos\u00ec dovuto avere l&#8217;occasione di tornare ad affrontarlo anche agli US Open, dove lo scorso anno aveva conquistato il titolo proprio contro Sinner.<\/p>\n<p>\u201c\u00c8 una situazione un po&#8217; strana. Alla fine non ci vedremo per sei o sette mesi\u201d, ha ammesso Alcaraz. Lo spagnolo ha poi rivolto parole di vicinanza al rivale: \u201cGli auguro tutto il meglio. Spero che abbia un recupero davvero ottimo\u201d.<\/p>\n<p>L&#8217;assenza di Sinner diventa anche lo spunto per una riflessione sul calendario del tennis. \u201cVedo che molti giocatori stanno avendo dei problemi, con il fisico e tutto il resto a causa degli infortuni. Penso che questo dimostri quanto sia fitto il calendario durante l&#8217;anno\u201d.<\/p>\n<p>Alcaraz, per\u00f2, guarda gi\u00e0 al momento in cui il suo principale rivale torner\u00e0 in campo. \u201cSpero che rivedremo Jannik in campo, pi\u00f9 forte che mai\u201d.<\/p>\n","protected":false},"excerpt":{"rendered":"<p>Carlos Alcaraz si presenta agli US Open dopo un periodo difficile segnato da un infortunio. &#8220;L&#8217;infortunio mi ha aiutato a capire che \u00e8 tutto nella mia testa&#8221;. Un pensiero anche per Sinner.<\/p>\n","protected":false},"author":19,"featured_media":85909,"comment_status":"closed","ping_status":"open","sticky":false,"template":"","format":"standard","meta":{"_overwrite_by_ai":false,"footnotes":""},"categories":[5023,5032,5022,5039],"tags":[],"class_list":["post-85908","post","type-post","status-publish","format-standard","has-post-thumbnail","hentry","category-atp","category-giocatori","category-notizie","category-us-open"],"acf":[],"yoast_head":"<!-- This site is optimized with the Yoast SEO plugin v26.8 - https:\/\/yoast.com\/product\/yoast-seo-wordpress\/ -->\n<title>Alcaraz a New York: &quot;Testa e fiducia dopo l&#039;infortunio&quot;<\/title>\n<meta name=\"description\" content=\"Carlos Alcaraz torna agli US Open dopo un infortunio al polso. &quot;Ho bisogno di competere&quot;. Un pensiero anche per l&#039;assente Jannik Sinner e il fitto calendario.\" \/>\n<meta name=\"robots\" content=\"index, follow, max-snippet:-1, max-image-preview:large, max-video-preview:-1\" \/>\n<link rel=\"canonical\" href=\"https:\/\/www.tennispassionzone.com\/it\/personaggi\/giocatori\/alcaraz-il-ritorno-a-new-york-e-un-test-di-fiducia-linfortunio-e-nella-mia-testa\/\" \/>\n<meta property=\"og:locale\" content=\"it_IT\" \/>\n<meta property=\"og:type\" content=\"article\" \/>\n<meta property=\"og:title\" content=\"Alcaraz a New York: &quot;Testa e fiducia dopo l&#039;infortunio&quot;\" \/>\n<meta property=\"og:description\" content=\"Carlos Alcaraz torna agli US Open dopo un infortunio al polso. &quot;Ho bisogno di competere&quot;. Un pensiero anche per l&#039;assente Jannik Sinner e il fitto calendario.\" \/>\n<meta property=\"og:url\" content=\"https:\/\/www.tennispassionzone.com\/it\/personaggi\/giocatori\/alcaraz-il-ritorno-a-new-york-e-un-test-di-fiducia-linfortunio-e-nella-mia-testa\/\" \/>\n<meta property=\"og:site_name\" content=\"Tennis Passion Zone\" \/>\n<meta property=\"article:published_time\" content=\"2026-08-29T09:02:00+00:00\" \/>\n<meta property=\"article:modified_time\" content=\"2026-08-29T09:03:54+00:00\" \/>\n<meta property=\"og:image\" content=\"https:\/\/www.tennispassionzone.com\/wp-content\/uploads\/2026\/08\/murcia-spain-carlos-alcaraz-of-spain-with-his-his-physio-fran-rubio-after-his-last-practice.jpg?v=1787997778\" \/>\n\t<meta property=\"og:image:width\" content=\"2048\" \/>\n\t<meta property=\"og:image:height\" content=\"1400\" \/>\n\t<meta property=\"og:image:type\" content=\"image\/jpeg\" \/>\n<meta name=\"author\" content=\"Cosimo Albano\" \/>\n<meta name=\"twitter:card\" content=\"summary_large_image\" \/>\n<meta name=\"twitter:label1\" content=\"Scritto da\" \/>\n\t<meta name=\"twitter:data1\" content=\"Cosimo Albano\" \/>\n\t<meta name=\"twitter:label2\" content=\"Tempo di lettura stimato\" \/>\n\t<meta name=\"twitter:data2\" content=\"3 minuti\" \/>\n<script type=\"application\/ld+json\" class=\"yoast-schema-graph\">{\"@context\":\"https:\/\/schema.org\",\"@graph\":[{\"@type\":\"Article\",\"@id\":\"https:\/\/www.tennispassionzone.com\/it\/personaggi\/giocatori\/alcaraz-il-ritorno-a-new-york-e-un-test-di-fiducia-linfortunio-e-nella-mia-testa\/#article\",\"isPartOf\":{\"@id\":\"https:\/\/www.tennispassionzone.com\/it\/personaggi\/giocatori\/alcaraz-il-ritorno-a-new-york-e-un-test-di-fiducia-linfortunio-e-nella-mia-testa\/\"},\"author\":{\"name\":\"Cosimo Albano\",\"@id\":\"https:\/\/www.tennispassionzone.com\/it\/#\/schema\/person\/b11dbe6823422d3fd9a091fea2bec8e6\"},\"headline\":\"Alcaraz, il ritorno a New York \u00e8 un test di fiducia: &#8220;L&#8217;infortunio \u00e8 nella mia testa&#8221;\",\"datePublished\":\"2026-08-29T09:02:00+00:00\",\"dateModified\":\"2026-08-29T09:03:54+00:00\",\"mainEntityOfPage\":{\"@id\":\"https:\/\/www.tennispassionzone.com\/it\/personaggi\/giocatori\/alcaraz-il-ritorno-a-new-york-e-un-test-di-fiducia-linfortunio-e-nella-mia-testa\/\"},\"wordCount\":413,\"publisher\":{\"@id\":\"https:\/\/www.tennispassionzone.com\/it\/#organization\"},\"image\":{\"@id\":\"https:\/\/www.tennispassionzone.com\/it\/personaggi\/giocatori\/alcaraz-il-ritorno-a-new-york-e-un-test-di-fiducia-linfortunio-e-nella-mia-testa\/#primaryimage\"},\"thumbnailUrl\":\"https:\/\/www.tennispassionzone.com\/wp-content\/uploads\/2026\/08\/murcia-spain-carlos-alcaraz-of-spain-with-his-his-physio-fran-rubio-after-his-last-practice.jpg?v=1787997778\",\"articleSection\":[\"ATP\",\"Giocatori\",\"Notizie\",\"US Open\"],\"inLanguage\":\"it-IT\"},{\"@type\":\"WebPage\",\"@id\":\"https:\/\/www.tennispassionzone.com\/it\/personaggi\/giocatori\/alcaraz-il-ritorno-a-new-york-e-un-test-di-fiducia-linfortunio-e-nella-mia-testa\/\",\"url\":\"https:\/\/www.tennispassionzone.com\/it\/personaggi\/giocatori\/alcaraz-il-ritorno-a-new-york-e-un-test-di-fiducia-linfortunio-e-nella-mia-testa\/\",\"name\":\"Alcaraz a New York: \\\"Testa e fiducia dopo l'infortunio\\\"\",\"isPartOf\":{\"@id\":\"https:\/\/www.tennispassionzone.com\/it\/#website\"},\"primaryImageOfPage\":{\"@id\":\"https:\/\/www.tennispassionzone.com\/it\/personaggi\/giocatori\/alcaraz-il-ritorno-a-new-york-e-un-test-di-fiducia-linfortunio-e-nella-mia-testa\/#primaryimage\"},\"image\":{\"@id\":\"https:\/\/www.tennispassionzone.com\/it\/personaggi\/giocatori\/alcaraz-il-ritorno-a-new-york-e-un-test-di-fiducia-linfortunio-e-nella-mia-testa\/#primaryimage\"},\"thumbnailUrl\":\"https:\/\/www.tennispassionzone.com\/wp-content\/uploads\/2026\/08\/murcia-spain-carlos-alcaraz-of-spain-with-his-his-physio-fran-rubio-after-his-last-practice.jpg?v=1787997778\",\"datePublished\":\"2026-08-29T09:02:00+00:00\",\"dateModified\":\"2026-08-29T09:03:54+00:00\",\"description\":\"Carlos Alcaraz torna agli US Open dopo un infortunio al polso. \\\"Ho bisogno di competere\\\". Un pensiero anche per l'assente Jannik Sinner e il fitto calendario.\",\"breadcrumb\":{\"@id\":\"https:\/\/www.tennispassionzone.com\/it\/personaggi\/giocatori\/alcaraz-il-ritorno-a-new-york-e-un-test-di-fiducia-linfortunio-e-nella-mia-testa\/#breadcrumb\"},\"inLanguage\":\"it-IT\",\"potentialAction\":[{\"@type\":\"ReadAction\",\"target\":[\"https:\/\/www.tennispassionzone.com\/it\/personaggi\/giocatori\/alcaraz-il-ritorno-a-new-york-e-un-test-di-fiducia-linfortunio-e-nella-mia-testa\/\"]}]},{\"@type\":\"ImageObject\",\"inLanguage\":\"it-IT\",\"@id\":\"https:\/\/www.tennispassionzone.com\/it\/personaggi\/giocatori\/alcaraz-il-ritorno-a-new-york-e-un-test-di-fiducia-linfortunio-e-nella-mia-testa\/#primaryimage\",\"url\":\"https:\/\/www.tennispassionzone.com\/wp-content\/uploads\/2026\/08\/murcia-spain-carlos-alcaraz-of-spain-with-his-his-physio-fran-rubio-after-his-last-practice.jpg?v=1787997778\",\"contentUrl\":\"https:\/\/www.tennispassionzone.com\/wp-content\/uploads\/2026\/08\/murcia-spain-carlos-alcaraz-of-spain-with-his-his-physio-fran-rubio-after-his-last-practice.jpg?v=1787997778\",\"width\":2048,\"height\":1400},{\"@type\":\"BreadcrumbList\",\"@id\":\"https:\/\/www.tennispassionzone.com\/it\/personaggi\/giocatori\/alcaraz-il-ritorno-a-new-york-e-un-test-di-fiducia-linfortunio-e-nella-mia-testa\/#breadcrumb\",\"itemListElement\":[{\"@type\":\"ListItem\",\"position\":1,\"name\":\"Home\",\"item\":\"https:\/\/www.tennispassionzone.com\/it\/\"},{\"@type\":\"ListItem\",\"position\":2,\"name\":\"Personaggi\",\"item\":\"https:\/\/www.tennispassionzone.com\/it\/personaggi\/\"},{\"@type\":\"ListItem\",\"position\":3,\"name\":\"Giocatori\",\"item\":\"https:\/\/www.tennispassionzone.com\/it\/personaggi\/giocatori\/\"},{\"@type\":\"ListItem\",\"position\":4,\"name\":\"Alcaraz, il ritorno a New York \u00e8 un test di fiducia: &#8220;L&#8217;infortunio \u00e8 nella mia testa&#8221;\"}]},{\"@type\":\"WebSite\",\"@id\":\"https:\/\/www.tennispassionzone.com\/it\/#website\",\"url\":\"https:\/\/www.tennispassionzone.com\/it\/\",\"name\":\"Tennis Passion Zone\",\"description\":\"\",\"publisher\":{\"@id\":\"https:\/\/www.tennispassionzone.com\/it\/#organization\"},\"potentialAction\":[{\"@type\":\"SearchAction\",\"target\":{\"@type\":\"EntryPoint\",\"urlTemplate\":\"https:\/\/www.tennispassionzone.com\/it\/?s={search_term_string}\"},\"query-input\":{\"@type\":\"PropertyValueSpecification\",\"valueRequired\":true,\"valueName\":\"search_term_string\"}}],\"inLanguage\":\"it-IT\"},{\"@type\":\"Organization\",\"@id\":\"https:\/\/www.tennispassionzone.com\/it\/#organization\",\"name\":\"Tennis Passion Zone\",\"url\":\"https:\/\/www.tennispassionzone.com\/it\/\",\"logo\":{\"@type\":\"ImageObject\",\"inLanguage\":\"it-IT\",\"@id\":\"https:\/\/www.tennispassionzone.com\/it\/#\/schema\/logo\/image\/\",\"url\":\"https:\/\/www.tennispassionzone.com\/wp-content\/uploads\/2025\/12\/Logo_tennis_passion-zone.png?v=1764615384\",\"contentUrl\":\"https:\/\/www.tennispassionzone.com\/wp-content\/uploads\/2025\/12\/Logo_tennis_passion-zone.png?v=1764615384\",\"width\":450,\"height\":225,\"caption\":\"Tennis Passion Zone\"},\"image\":{\"@id\":\"https:\/\/www.tennispassionzone.com\/it\/#\/schema\/logo\/image\/\"}},{\"@type\":\"Person\",\"@id\":\"https:\/\/www.tennispassionzone.com\/it\/#\/schema\/person\/b11dbe6823422d3fd9a091fea2bec8e6\",\"name\":\"Cosimo Albano\",\"image\":{\"@type\":\"ImageObject\",\"inLanguage\":\"it-IT\",\"@id\":\"https:\/\/www.tennispassionzone.com\/it\/#\/schema\/person\/image\/\",\"url\":\"https:\/\/secure.gravatar.com\/avatar\/8ddf925735e24fbbdda897f977c3da31f9fe50c92a434c20957756bc7b9541e6?s=96&d=mm&r=g\",\"contentUrl\":\"https:\/\/secure.gravatar.com\/avatar\/8ddf925735e24fbbdda897f977c3da31f9fe50c92a434c20957756bc7b9541e6?s=96&d=mm&r=g\",\"caption\":\"Cosimo Albano\"},\"description\":\"Appassionato di calcio e fantacalcio da oltre venticinque anni, segue ogni stagione con lo stesso entusiasmo degli esordi. Da sempre interessato a statistiche, analisi e storie del mondo dello sport, scrive e revisiona articoli e testi editoriali, con particolare attenzione all\u2019accuratezza delle informazioni e alla qualit\u00e0 dei contenuti.\",\"url\":\"https:\/\/www.tennispassionzone.com\/it\/author\/cosimo-albano\/\"}]}<\/script>\n<!-- \/ Yoast SEO plugin. -->","yoast_head_json":{"title":"Alcaraz a New York: \"Testa e fiducia dopo l'infortunio\"","description":"Carlos Alcaraz torna agli US Open dopo un infortunio al polso. \"Ho bisogno di competere\". Un pensiero anche per l'assente Jannik Sinner e il fitto calendario.","robots":{"index":"index","follow":"follow","max-snippet":"max-snippet:-1","max-image-preview":"max-image-preview:large","max-video-preview":"max-video-preview:-1"},"canonical":"https:\/\/www.tennispassionzone.com\/it\/personaggi\/giocatori\/alcaraz-il-ritorno-a-new-york-e-un-test-di-fiducia-linfortunio-e-nella-mia-testa\/","og_locale":"it_IT","og_type":"article","og_title":"Alcaraz a New York: \"Testa e fiducia dopo l'infortunio\"","og_description":"Carlos Alcaraz torna agli US Open dopo un infortunio al polso. \"Ho bisogno di competere\". Un pensiero anche per l'assente Jannik Sinner e il fitto calendario.","og_url":"https:\/\/www.tennispassionzone.com\/it\/personaggi\/giocatori\/alcaraz-il-ritorno-a-new-york-e-un-test-di-fiducia-linfortunio-e-nella-mia-testa\/","og_site_name":"Tennis Passion Zone","article_published_time":"2026-08-29T09:02:00+00:00","article_modified_time":"2026-08-29T09:03:54+00:00","og_image":[{"width":2048,"height":1400,"url":"https:\/\/www.tennispassionzone.com\/wp-content\/uploads\/2026\/08\/murcia-spain-carlos-alcaraz-of-spain-with-his-his-physio-fran-rubio-after-his-last-practice.jpg?v=1787997778","type":"image\/jpeg"}],"author":"Cosimo Albano","twitter_card":"summary_large_image","twitter_misc":{"Scritto da":"Cosimo Albano","Tempo di lettura stimato":"3 minuti"},"schema":{"@context":"https:\/\/schema.org","@graph":[{"@type":"Article","@id":"https:\/\/www.tennispassionzone.com\/it\/personaggi\/giocatori\/alcaraz-il-ritorno-a-new-york-e-un-test-di-fiducia-linfortunio-e-nella-mia-testa\/#article","isPartOf":{"@id":"https:\/\/www.tennispassionzone.com\/it\/personaggi\/giocatori\/alcaraz-il-ritorno-a-new-york-e-un-test-di-fiducia-linfortunio-e-nella-mia-testa\/"},"author":{"name":"Cosimo Albano","@id":"https:\/\/www.tennispassionzone.com\/it\/#\/schema\/person\/b11dbe6823422d3fd9a091fea2bec8e6"},"headline":"Alcaraz, il ritorno a New York \u00e8 un test di fiducia: &#8220;L&#8217;infortunio \u00e8 nella mia testa&#8221;","datePublished":"2026-08-29T09:02:00+00:00","dateModified":"2026-08-29T09:03:54+00:00","mainEntityOfPage":{"@id":"https:\/\/www.tennispassionzone.com\/it\/personaggi\/giocatori\/alcaraz-il-ritorno-a-new-york-e-un-test-di-fiducia-linfortunio-e-nella-mia-testa\/"},"wordCount":413,"publisher":{"@id":"https:\/\/www.tennispassionzone.com\/it\/#organization"},"image":{"@id":"https:\/\/www.tennispassionzone.com\/it\/personaggi\/giocatori\/alcaraz-il-ritorno-a-new-york-e-un-test-di-fiducia-linfortunio-e-nella-mia-testa\/#primaryimage"},"thumbnailUrl":"https:\/\/www.tennispassionzone.com\/wp-content\/uploads\/2026\/08\/murcia-spain-carlos-alcaraz-of-spain-with-his-his-physio-fran-rubio-after-his-last-practice.jpg?v=1787997778","articleSection":["ATP","Giocatori","Notizie","US Open"],"inLanguage":"it-IT"},{"@type":"WebPage","@id":"https:\/\/www.tennispassionzone.com\/it\/personaggi\/giocatori\/alcaraz-il-ritorno-a-new-york-e-un-test-di-fiducia-linfortunio-e-nella-mia-testa\/","url":"https:\/\/www.tennispassionzone.com\/it\/personaggi\/giocatori\/alcaraz-il-ritorno-a-new-york-e-un-test-di-fiducia-linfortunio-e-nella-mia-testa\/","name":"Alcaraz a New York: \"Testa e fiducia dopo l'infortunio\"","isPartOf":{"@id":"https:\/\/www.tennispassionzone.com\/it\/#website"},"primaryImageOfPage":{"@id":"https:\/\/www.tennispassionzone.com\/it\/personaggi\/giocatori\/alcaraz-il-ritorno-a-new-york-e-un-test-di-fiducia-linfortunio-e-nella-mia-testa\/#primaryimage"},"image":{"@id":"https:\/\/www.tennispassionzone.com\/it\/personaggi\/giocatori\/alcaraz-il-ritorno-a-new-york-e-un-test-di-fiducia-linfortunio-e-nella-mia-testa\/#primaryimage"},"thumbnailUrl":"https:\/\/www.tennispassionzone.com\/wp-content\/uploads\/2026\/08\/murcia-spain-carlos-alcaraz-of-spain-with-his-his-physio-fran-rubio-after-his-last-practice.jpg?v=1787997778","datePublished":"2026-08-29T09:02:00+00:00","dateModified":"2026-08-29T09:03:54+00:00","description":"Carlos Alcaraz torna agli US Open dopo un infortunio al polso. \"Ho bisogno di competere\". Un pensiero anche per l'assente Jannik Sinner e il fitto calendario.","breadcrumb":{"@id":"https:\/\/www.tennispassionzone.com\/it\/personaggi\/giocatori\/alcaraz-il-ritorno-a-new-york-e-un-test-di-fiducia-linfortunio-e-nella-mia-testa\/#breadcrumb"},"inLanguage":"it-IT","potentialAction":[{"@type":"ReadAction","target":["https:\/\/www.tennispassionzone.com\/it\/personaggi\/giocatori\/alcaraz-il-ritorno-a-new-york-e-un-test-di-fiducia-linfortunio-e-nella-mia-testa\/"]}]},{"@type":"ImageObject","inLanguage":"it-IT","@id":"https:\/\/www.tennispassionzone.com\/it\/personaggi\/giocatori\/alcaraz-il-ritorno-a-new-york-e-un-test-di-fiducia-linfortunio-e-nella-mia-testa\/#primaryimage","url":"https:\/\/www.tennispassionzone.com\/wp-content\/uploads\/2026\/08\/murcia-spain-carlos-alcaraz-of-spain-with-his-his-physio-fran-rubio-after-his-last-practice.jpg?v=1787997778","contentUrl":"https:\/\/www.tennispassionzone.com\/wp-content\/uploads\/2026\/08\/murcia-spain-carlos-alcaraz-of-spain-with-his-his-physio-fran-rubio-after-his-last-practice.jpg?v=1787997778","width":2048,"height":1400},{"@type":"BreadcrumbList","@id":"https:\/\/www.tennispassionzone.com\/it\/personaggi\/giocatori\/alcaraz-il-ritorno-a-new-york-e-un-test-di-fiducia-linfortunio-e-nella-mia-testa\/#breadcrumb","itemListElement":[{"@type":"ListItem","position":1,"name":"Home","item":"https:\/\/www.tennispassionzone.com\/it\/"},{"@type":"ListItem","position":2,"name":"Personaggi","item":"https:\/\/www.tennispassionzone.com\/it\/personaggi\/"},{"@type":"ListItem","position":3,"name":"Giocatori","item":"https:\/\/www.tennispassionzone.com\/it\/personaggi\/giocatori\/"},{"@type":"ListItem","position":4,"name":"Alcaraz, il ritorno a New York \u00e8 un test di fiducia: &#8220;L&#8217;infortunio \u00e8 nella mia testa&#8221;"}]},{"@type":"WebSite","@id":"https:\/\/www.tennispassionzone.com\/it\/#website","url":"https:\/\/www.tennispassionzone.com\/it\/","name":"Tennis Passion Zone","description":"","publisher":{"@id":"https:\/\/www.tennispassionzone.com\/it\/#organization"},"potentialAction":[{"@type":"SearchAction","target":{"@type":"EntryPoint","urlTemplate":"https:\/\/www.tennispassionzone.com\/it\/?s={search_term_string}"},"query-input":{"@type":"PropertyValueSpecification","valueRequired":true,"valueName":"search_term_string"}}],"inLanguage":"it-IT"},{"@type":"Organization","@id":"https:\/\/www.tennispassionzone.com\/it\/#organization","name":"Tennis Passion Zone","url":"https:\/\/www.tennispassionzone.com\/it\/","logo":{"@type":"ImageObject","inLanguage":"it-IT","@id":"https:\/\/www.tennispassionzone.com\/it\/#\/schema\/logo\/image\/","url":"https:\/\/www.tennispassionzone.com\/wp-content\/uploads\/2025\/12\/Logo_tennis_passion-zone.png?v=1764615384","contentUrl":"https:\/\/www.tennispassionzone.com\/wp-content\/uploads\/2025\/12\/Logo_tennis_passion-zone.png?v=1764615384","width":450,"height":225,"caption":"Tennis Passion Zone"},"image":{"@id":"https:\/\/www.tennispassionzone.com\/it\/#\/schema\/logo\/image\/"}},{"@type":"Person","@id":"https:\/\/www.tennispassionzone.com\/it\/#\/schema\/person\/b11dbe6823422d3fd9a091fea2bec8e6","name":"Cosimo Albano","image":{"@type":"ImageObject","inLanguage":"it-IT","@id":"https:\/\/www.tennispassionzone.com\/it\/#\/schema\/person\/image\/","url":"https:\/\/secure.gravatar.com\/avatar\/8ddf925735e24fbbdda897f977c3da31f9fe50c92a434c20957756bc7b9541e6?s=96&d=mm&r=g","contentUrl":"https:\/\/secure.gravatar.com\/avatar\/8ddf925735e24fbbdda897f977c3da31f9fe50c92a434c20957756bc7b9541e6?s=96&d=mm&r=g","caption":"Cosimo Albano"},"description":"Appassionato di calcio e fantacalcio da oltre venticinque anni, segue ogni stagione con lo stesso entusiasmo degli esordi. Da sempre interessato a statistiche, analisi e storie del mondo dello sport, scrive e revisiona articoli e testi editoriali, con particolare attenzione all\u2019accuratezza delle informazioni e alla qualit\u00e0 dei contenuti.","url":"https:\/\/www.tennispassionzone.com\/it\/author\/cosimo-albano\/"}]}},"_links":{"self":[{"href":"https:\/\/www.tennispassionzone.com\/it\/wp-json\/wp\/v2\/posts\/85908","targetHints":{"allow":["GET"]}}],"collection":[{"href":"https:\/\/www.tennispassionzone.com\/it\/wp-json\/wp\/v2\/posts"}],"about":[{"href":"https:\/\/www.tennispassionzone.com\/it\/wp-json\/wp\/v2\/types\/post"}],"author":[{"embeddable":true,"href":"https:\/\/www.tennispassionzone.com\/it\/wp-json\/wp\/v2\/users\/19"}],"replies":[{"embeddable":true,"href":"https:\/\/www.tennispassionzone.com\/it\/wp-json\/wp\/v2\/comments?post=85908"}],"version-history":[{"count":1,"href":"https:\/\/www.tennispassionzone.com\/it\/wp-json\/wp\/v2\/posts\/85908\/revisions"}],"predecessor-version":[{"id":85912,"href":"https:\/\/www.tennispassionzone.com\/it\/wp-json\/wp\/v2\/posts\/85908\/revisions\/85912"}],"wp:featuredmedia":[{"embeddable":true,"href":"https:\/\/www.tennispassionzone.com\/it\/wp-json\/wp\/v2\/media\/85909"}],"wp:attachment":[{"href":"https:\/\/www.tennispassionzone.com\/it\/wp-json\/wp\/v2\/media?parent=85908"}],"wp:term":[{"taxonomy":"category","embeddable":true,"href":"https:\/\/www.tennispassionzone.com\/it\/wp-json\/wp\/v2\/categories?post=85908"},{"taxonomy":"post_tag","embeddable":true,"href":"https:\/\/www.tennispassionzone.com\/it\/wp-json\/wp\/v2\/tags?post=85908"}],"curies":[{"name":"wp","href":"https:\/\/api.w.org\/{rel}","templated":true}]}}