{"id":85928,"date":"2026-08-30T11:29:50","date_gmt":"2026-08-30T09:29:50","guid":{"rendered":"https:\/\/www.tennispassionzone.com\/?p=85928"},"modified":"2026-08-30T11:29:55","modified_gmt":"2026-08-30T09:29:55","slug":"sinner-rinuncia-agli-us-open-la-gestione-del-ginocchio-e-il-rientro-a-pechino","status":"publish","type":"post","link":"https:\/\/www.tennispassionzone.com\/it\/personaggi\/giocatori\/sinner-rinuncia-agli-us-open-la-gestione-del-ginocchio-e-il-rientro-a-pechino\/","title":{"rendered":"Sinner rinuncia agli US Open: la gestione del ginocchio e il rientro a Pechino"},"content":{"rendered":"\n<h1 class=\"wp-block-heading\">Sinner salta gli US Open: il numero uno si ferma per il problema al ginocchio<\/h1>\n\n\n\n<p>Jannik Sinner non prender\u00e0 parte agli US Open. Il numero uno del mondo ha deciso di rinunciare all&#8217;ultimo Slam della stagione per gestire il problema al ginocchio destro e dedicarsi al recupero.<\/p>\n\n\n\n<p>Una scelta prudente, arrivata dopo la pausa successiva a Wimbledon e con l&#8217;obiettivo di evitare di forzare i tempi del rientro.<\/p>\n\n\n\n<h2 class=\"wp-block-heading\">L&#8217;infiammazione al ginocchio<\/h2>\n\n\n\n<p>Il problema che ha condizionato Sinner riguarda un&#8217;infiammazione tendinea extra-articolare al ginocchio destro. Secondo le informazioni riportate da Sky Sport, non si tratta di una condizione che gli avrebbe necessariamente impedito di giocare, ma la decisione \u00e8 stata quella di non correre rischi.<\/p>\n\n\n\n<p>Il poco tempo a disposizione per prepararsi dopo lo stop e la necessit\u00e0 di recuperare la migliore condizione hanno portato il tennista e il suo staff a scegliere la strada della cautela.<\/p>\n\n\n\n<h2 class=\"wp-block-heading\">Il recupero parte da Torino<\/h2>\n\n\n\n<p>Sinner ha iniziato il percorso di recupero al J Medical di Torino, dove sta seguendo le terapie previste per il problema al ginocchio.<\/p>\n\n\n\n<p>Al momento non \u00e8 stata fissata una data precisa per il ritorno alle competizioni. La programmazione dipender\u00e0 dall&#8217;evoluzione dell&#8217;infiammazione e dalla risposta alle cure.<\/p>\n\n\n\n<h2 class=\"wp-block-heading\">L&#8217;obiettivo \u00e8 la trasferta asiatica<\/h2>\n\n\n\n<p>La rinuncia agli US Open sposta quindi l&#8217;attenzione sui prossimi appuntamenti del calendario. Se il recupero proceder\u00e0 senza intoppi, l&#8217;ipotesi \u00e8 quella di rivedere Sinner in campo durante la stagione asiatica.<\/p>\n\n\n\n<p>Tra i tornei in programma ci sono Pechino e Shanghai, con gli appuntamenti previsti a partire dalla fine di settembre. Il numero uno del mondo avr\u00e0 cos\u00ec pi\u00f9 tempo per recuperare prima di tornare in campo.<\/p>\n","protected":false},"excerpt":{"rendered":"<p>Jannik Sinner non parteciper\u00e0 agli US Open a causa di un&#8217;infiammazione al ginocchio destro. Una decisione prudente per recuperare senza rischi e puntare ai tornei asiatici di fine settembre.<\/p>\n","protected":false},"author":19,"featured_media":85929,"comment_status":"closed","ping_status":"open","sticky":false,"template":"","format":"standard","meta":{"_overwrite_by_ai":false,"footnotes":""},"categories":[5032,5022,5039,5038],"tags":[],"class_list":["post-85928","post","type-post","status-publish","format-standard","has-post-thumbnail","hentry","category-giocatori","category-notizie","category-us-open","category-wimbledon"],"acf":[],"yoast_head":"<!-- This site is optimized with the Yoast SEO plugin v26.8 - https:\/\/yoast.com\/product\/yoast-seo-wordpress\/ -->\n<title>Sinner salta gli US Open: i motivi e quando torna in campo<\/title>\n<meta name=\"description\" content=\"Niente US Open per Sinner. Un&#039;infiammazione al ginocchio lo ferma: scelta prudente per non rischiare. Rientro previsto per i tornei in Asia.\" \/>\n<meta name=\"robots\" content=\"index, follow, max-snippet:-1, max-image-preview:large, max-video-preview:-1\" \/>\n<link rel=\"canonical\" href=\"https:\/\/www.tennispassionzone.com\/it\/personaggi\/giocatori\/sinner-rinuncia-agli-us-open-la-gestione-del-ginocchio-e-il-rientro-a-pechino\/\" \/>\n<meta property=\"og:locale\" content=\"it_IT\" \/>\n<meta property=\"og:type\" content=\"article\" \/>\n<meta property=\"og:title\" content=\"Sinner salta gli US Open: i motivi e quando torna in campo\" \/>\n<meta property=\"og:description\" content=\"Niente US Open per Sinner. Un&#039;infiammazione al ginocchio lo ferma: scelta prudente per non rischiare. Rientro previsto per i tornei in Asia.\" \/>\n<meta property=\"og:url\" content=\"https:\/\/www.tennispassionzone.com\/it\/personaggi\/giocatori\/sinner-rinuncia-agli-us-open-la-gestione-del-ginocchio-e-il-rientro-a-pechino\/\" \/>\n<meta property=\"og:site_name\" content=\"Tennis Passion Zone\" \/>\n<meta property=\"article:published_time\" content=\"2026-08-30T09:29:50+00:00\" \/>\n<meta property=\"article:modified_time\" content=\"2026-08-30T09:29:55+00:00\" \/>\n<meta property=\"og:image\" content=\"https:\/\/www.tennispassionzone.com\/wp-content\/uploads\/2026\/08\/GettyImages-sb10065343n-001-22-scaled.jpg?v=1788027168\" \/>\n\t<meta property=\"og:image:width\" content=\"2560\" \/>\n\t<meta property=\"og:image:height\" content=\"1706\" \/>\n\t<meta property=\"og:image:type\" content=\"image\/jpeg\" \/>\n<meta name=\"author\" content=\"Cosimo Albano\" \/>\n<meta name=\"twitter:card\" content=\"summary_large_image\" \/>\n<meta name=\"twitter:label1\" content=\"Scritto da\" \/>\n\t<meta name=\"twitter:data1\" content=\"Cosimo Albano\" \/>\n\t<meta name=\"twitter:label2\" content=\"Tempo di lettura stimato\" \/>\n\t<meta name=\"twitter:data2\" content=\"2 minuti\" \/>\n<script type=\"application\/ld+json\" class=\"yoast-schema-graph\">{\"@context\":\"https:\/\/schema.org\",\"@graph\":[{\"@type\":\"Article\",\"@id\":\"https:\/\/www.tennispassionzone.com\/it\/personaggi\/giocatori\/sinner-rinuncia-agli-us-open-la-gestione-del-ginocchio-e-il-rientro-a-pechino\/#article\",\"isPartOf\":{\"@id\":\"https:\/\/www.tennispassionzone.com\/it\/personaggi\/giocatori\/sinner-rinuncia-agli-us-open-la-gestione-del-ginocchio-e-il-rientro-a-pechino\/\"},\"author\":{\"name\":\"Cosimo Albano\",\"@id\":\"https:\/\/www.tennispassionzone.com\/it\/#\/schema\/person\/b11dbe6823422d3fd9a091fea2bec8e6\"},\"headline\":\"Sinner rinuncia agli US Open: la gestione del ginocchio e il rientro a Pechino\",\"datePublished\":\"2026-08-30T09:29:50+00:00\",\"dateModified\":\"2026-08-30T09:29:55+00:00\",\"mainEntityOfPage\":{\"@id\":\"https:\/\/www.tennispassionzone.com\/it\/personaggi\/giocatori\/sinner-rinuncia-agli-us-open-la-gestione-del-ginocchio-e-il-rientro-a-pechino\/\"},\"wordCount\":289,\"publisher\":{\"@id\":\"https:\/\/www.tennispassionzone.com\/it\/#organization\"},\"image\":{\"@id\":\"https:\/\/www.tennispassionzone.com\/it\/personaggi\/giocatori\/sinner-rinuncia-agli-us-open-la-gestione-del-ginocchio-e-il-rientro-a-pechino\/#primaryimage\"},\"thumbnailUrl\":\"https:\/\/www.tennispassionzone.com\/wp-content\/uploads\/2026\/08\/GettyImages-sb10065343n-001-22-scaled.jpg?v=1788027168\",\"articleSection\":[\"Giocatori\",\"Notizie\",\"US Open\",\"Wimbledon\"],\"inLanguage\":\"it-IT\"},{\"@type\":\"WebPage\",\"@id\":\"https:\/\/www.tennispassionzone.com\/it\/personaggi\/giocatori\/sinner-rinuncia-agli-us-open-la-gestione-del-ginocchio-e-il-rientro-a-pechino\/\",\"url\":\"https:\/\/www.tennispassionzone.com\/it\/personaggi\/giocatori\/sinner-rinuncia-agli-us-open-la-gestione-del-ginocchio-e-il-rientro-a-pechino\/\",\"name\":\"Sinner salta gli US Open: i motivi e quando torna in campo\",\"isPartOf\":{\"@id\":\"https:\/\/www.tennispassionzone.com\/it\/#website\"},\"primaryImageOfPage\":{\"@id\":\"https:\/\/www.tennispassionzone.com\/it\/personaggi\/giocatori\/sinner-rinuncia-agli-us-open-la-gestione-del-ginocchio-e-il-rientro-a-pechino\/#primaryimage\"},\"image\":{\"@id\":\"https:\/\/www.tennispassionzone.com\/it\/personaggi\/giocatori\/sinner-rinuncia-agli-us-open-la-gestione-del-ginocchio-e-il-rientro-a-pechino\/#primaryimage\"},\"thumbnailUrl\":\"https:\/\/www.tennispassionzone.com\/wp-content\/uploads\/2026\/08\/GettyImages-sb10065343n-001-22-scaled.jpg?v=1788027168\",\"datePublished\":\"2026-08-30T09:29:50+00:00\",\"dateModified\":\"2026-08-30T09:29:55+00:00\",\"description\":\"Niente US Open per Sinner. Un'infiammazione al ginocchio lo ferma: scelta prudente per non rischiare. Rientro previsto per i tornei in Asia.\",\"breadcrumb\":{\"@id\":\"https:\/\/www.tennispassionzone.com\/it\/personaggi\/giocatori\/sinner-rinuncia-agli-us-open-la-gestione-del-ginocchio-e-il-rientro-a-pechino\/#breadcrumb\"},\"inLanguage\":\"it-IT\",\"potentialAction\":[{\"@type\":\"ReadAction\",\"target\":[\"https:\/\/www.tennispassionzone.com\/it\/personaggi\/giocatori\/sinner-rinuncia-agli-us-open-la-gestione-del-ginocchio-e-il-rientro-a-pechino\/\"]}]},{\"@type\":\"ImageObject\",\"inLanguage\":\"it-IT\",\"@id\":\"https:\/\/www.tennispassionzone.com\/it\/personaggi\/giocatori\/sinner-rinuncia-agli-us-open-la-gestione-del-ginocchio-e-il-rientro-a-pechino\/#primaryimage\",\"url\":\"https:\/\/www.tennispassionzone.com\/wp-content\/uploads\/2026\/08\/GettyImages-sb10065343n-001-22-scaled.jpg?v=1788027168\",\"contentUrl\":\"https:\/\/www.tennispassionzone.com\/wp-content\/uploads\/2026\/08\/GettyImages-sb10065343n-001-22-scaled.jpg?v=1788027168\",\"width\":2560,\"height\":1706},{\"@type\":\"BreadcrumbList\",\"@id\":\"https:\/\/www.tennispassionzone.com\/it\/personaggi\/giocatori\/sinner-rinuncia-agli-us-open-la-gestione-del-ginocchio-e-il-rientro-a-pechino\/#breadcrumb\",\"itemListElement\":[{\"@type\":\"ListItem\",\"position\":1,\"name\":\"Home\",\"item\":\"https:\/\/www.tennispassionzone.com\/it\/\"},{\"@type\":\"ListItem\",\"position\":2,\"name\":\"Personaggi\",\"item\":\"https:\/\/www.tennispassionzone.com\/it\/personaggi\/\"},{\"@type\":\"ListItem\",\"position\":3,\"name\":\"Giocatori\",\"item\":\"https:\/\/www.tennispassionzone.com\/it\/personaggi\/giocatori\/\"},{\"@type\":\"ListItem\",\"position\":4,\"name\":\"Sinner rinuncia agli US Open: la gestione del ginocchio e il rientro a Pechino\"}]},{\"@type\":\"WebSite\",\"@id\":\"https:\/\/www.tennispassionzone.com\/it\/#website\",\"url\":\"https:\/\/www.tennispassionzone.com\/it\/\",\"name\":\"Tennis Passion Zone\",\"description\":\"\",\"publisher\":{\"@id\":\"https:\/\/www.tennispassionzone.com\/it\/#organization\"},\"potentialAction\":[{\"@type\":\"SearchAction\",\"target\":{\"@type\":\"EntryPoint\",\"urlTemplate\":\"https:\/\/www.tennispassionzone.com\/it\/?s={search_term_string}\"},\"query-input\":{\"@type\":\"PropertyValueSpecification\",\"valueRequired\":true,\"valueName\":\"search_term_string\"}}],\"inLanguage\":\"it-IT\"},{\"@type\":\"Organization\",\"@id\":\"https:\/\/www.tennispassionzone.com\/it\/#organization\",\"name\":\"Tennis Passion Zone\",\"url\":\"https:\/\/www.tennispassionzone.com\/it\/\",\"logo\":{\"@type\":\"ImageObject\",\"inLanguage\":\"it-IT\",\"@id\":\"https:\/\/www.tennispassionzone.com\/it\/#\/schema\/logo\/image\/\",\"url\":\"https:\/\/www.tennispassionzone.com\/wp-content\/uploads\/2025\/12\/Logo_tennis_passion-zone.png?v=1764615384\",\"contentUrl\":\"https:\/\/www.tennispassionzone.com\/wp-content\/uploads\/2025\/12\/Logo_tennis_passion-zone.png?v=1764615384\",\"width\":450,\"height\":225,\"caption\":\"Tennis Passion Zone\"},\"image\":{\"@id\":\"https:\/\/www.tennispassionzone.com\/it\/#\/schema\/logo\/image\/\"}},{\"@type\":\"Person\",\"@id\":\"https:\/\/www.tennispassionzone.com\/it\/#\/schema\/person\/b11dbe6823422d3fd9a091fea2bec8e6\",\"name\":\"Cosimo Albano\",\"image\":{\"@type\":\"ImageObject\",\"inLanguage\":\"it-IT\",\"@id\":\"https:\/\/www.tennispassionzone.com\/it\/#\/schema\/person\/image\/\",\"url\":\"https:\/\/secure.gravatar.com\/avatar\/8ddf925735e24fbbdda897f977c3da31f9fe50c92a434c20957756bc7b9541e6?s=96&d=mm&r=g\",\"contentUrl\":\"https:\/\/secure.gravatar.com\/avatar\/8ddf925735e24fbbdda897f977c3da31f9fe50c92a434c20957756bc7b9541e6?s=96&d=mm&r=g\",\"caption\":\"Cosimo Albano\"},\"description\":\"Appassionato di calcio e fantacalcio da oltre venticinque anni, segue ogni stagione con lo stesso entusiasmo degli esordi. Da sempre interessato a statistiche, analisi e storie del mondo dello sport, scrive e revisiona articoli e testi editoriali, con particolare attenzione all\u2019accuratezza delle informazioni e alla qualit\u00e0 dei contenuti.\",\"url\":\"https:\/\/www.tennispassionzone.com\/it\/author\/cosimo-albano\/\"}]}<\/script>\n<!-- \/ Yoast SEO plugin. -->","yoast_head_json":{"title":"Sinner salta gli US Open: i motivi e quando torna in campo","description":"Niente US Open per Sinner. Un'infiammazione al ginocchio lo ferma: scelta prudente per non rischiare. Rientro previsto per i tornei in Asia.","robots":{"index":"index","follow":"follow","max-snippet":"max-snippet:-1","max-image-preview":"max-image-preview:large","max-video-preview":"max-video-preview:-1"},"canonical":"https:\/\/www.tennispassionzone.com\/it\/personaggi\/giocatori\/sinner-rinuncia-agli-us-open-la-gestione-del-ginocchio-e-il-rientro-a-pechino\/","og_locale":"it_IT","og_type":"article","og_title":"Sinner salta gli US Open: i motivi e quando torna in campo","og_description":"Niente US Open per Sinner. Un'infiammazione al ginocchio lo ferma: scelta prudente per non rischiare. Rientro previsto per i tornei in Asia.","og_url":"https:\/\/www.tennispassionzone.com\/it\/personaggi\/giocatori\/sinner-rinuncia-agli-us-open-la-gestione-del-ginocchio-e-il-rientro-a-pechino\/","og_site_name":"Tennis Passion Zone","article_published_time":"2026-08-30T09:29:50+00:00","article_modified_time":"2026-08-30T09:29:55+00:00","og_image":[{"width":2560,"height":1706,"url":"https:\/\/www.tennispassionzone.com\/wp-content\/uploads\/2026\/08\/GettyImages-sb10065343n-001-22-scaled.jpg?v=1788027168","type":"image\/jpeg"}],"author":"Cosimo Albano","twitter_card":"summary_large_image","twitter_misc":{"Scritto da":"Cosimo Albano","Tempo di lettura stimato":"2 minuti"},"schema":{"@context":"https:\/\/schema.org","@graph":[{"@type":"Article","@id":"https:\/\/www.tennispassionzone.com\/it\/personaggi\/giocatori\/sinner-rinuncia-agli-us-open-la-gestione-del-ginocchio-e-il-rientro-a-pechino\/#article","isPartOf":{"@id":"https:\/\/www.tennispassionzone.com\/it\/personaggi\/giocatori\/sinner-rinuncia-agli-us-open-la-gestione-del-ginocchio-e-il-rientro-a-pechino\/"},"author":{"name":"Cosimo Albano","@id":"https:\/\/www.tennispassionzone.com\/it\/#\/schema\/person\/b11dbe6823422d3fd9a091fea2bec8e6"},"headline":"Sinner rinuncia agli US Open: la gestione del ginocchio e il rientro a Pechino","datePublished":"2026-08-30T09:29:50+00:00","dateModified":"2026-08-30T09:29:55+00:00","mainEntityOfPage":{"@id":"https:\/\/www.tennispassionzone.com\/it\/personaggi\/giocatori\/sinner-rinuncia-agli-us-open-la-gestione-del-ginocchio-e-il-rientro-a-pechino\/"},"wordCount":289,"publisher":{"@id":"https:\/\/www.tennispassionzone.com\/it\/#organization"},"image":{"@id":"https:\/\/www.tennispassionzone.com\/it\/personaggi\/giocatori\/sinner-rinuncia-agli-us-open-la-gestione-del-ginocchio-e-il-rientro-a-pechino\/#primaryimage"},"thumbnailUrl":"https:\/\/www.tennispassionzone.com\/wp-content\/uploads\/2026\/08\/GettyImages-sb10065343n-001-22-scaled.jpg?v=1788027168","articleSection":["Giocatori","Notizie","US Open","Wimbledon"],"inLanguage":"it-IT"},{"@type":"WebPage","@id":"https:\/\/www.tennispassionzone.com\/it\/personaggi\/giocatori\/sinner-rinuncia-agli-us-open-la-gestione-del-ginocchio-e-il-rientro-a-pechino\/","url":"https:\/\/www.tennispassionzone.com\/it\/personaggi\/giocatori\/sinner-rinuncia-agli-us-open-la-gestione-del-ginocchio-e-il-rientro-a-pechino\/","name":"Sinner salta gli US Open: i motivi e quando torna in campo","isPartOf":{"@id":"https:\/\/www.tennispassionzone.com\/it\/#website"},"primaryImageOfPage":{"@id":"https:\/\/www.tennispassionzone.com\/it\/personaggi\/giocatori\/sinner-rinuncia-agli-us-open-la-gestione-del-ginocchio-e-il-rientro-a-pechino\/#primaryimage"},"image":{"@id":"https:\/\/www.tennispassionzone.com\/it\/personaggi\/giocatori\/sinner-rinuncia-agli-us-open-la-gestione-del-ginocchio-e-il-rientro-a-pechino\/#primaryimage"},"thumbnailUrl":"https:\/\/www.tennispassionzone.com\/wp-content\/uploads\/2026\/08\/GettyImages-sb10065343n-001-22-scaled.jpg?v=1788027168","datePublished":"2026-08-30T09:29:50+00:00","dateModified":"2026-08-30T09:29:55+00:00","description":"Niente US Open per Sinner. Un'infiammazione al ginocchio lo ferma: scelta prudente per non rischiare. Rientro previsto per i tornei in Asia.","breadcrumb":{"@id":"https:\/\/www.tennispassionzone.com\/it\/personaggi\/giocatori\/sinner-rinuncia-agli-us-open-la-gestione-del-ginocchio-e-il-rientro-a-pechino\/#breadcrumb"},"inLanguage":"it-IT","potentialAction":[{"@type":"ReadAction","target":["https:\/\/www.tennispassionzone.com\/it\/personaggi\/giocatori\/sinner-rinuncia-agli-us-open-la-gestione-del-ginocchio-e-il-rientro-a-pechino\/"]}]},{"@type":"ImageObject","inLanguage":"it-IT","@id":"https:\/\/www.tennispassionzone.com\/it\/personaggi\/giocatori\/sinner-rinuncia-agli-us-open-la-gestione-del-ginocchio-e-il-rientro-a-pechino\/#primaryimage","url":"https:\/\/www.tennispassionzone.com\/wp-content\/uploads\/2026\/08\/GettyImages-sb10065343n-001-22-scaled.jpg?v=1788027168","contentUrl":"https:\/\/www.tennispassionzone.com\/wp-content\/uploads\/2026\/08\/GettyImages-sb10065343n-001-22-scaled.jpg?v=1788027168","width":2560,"height":1706},{"@type":"BreadcrumbList","@id":"https:\/\/www.tennispassionzone.com\/it\/personaggi\/giocatori\/sinner-rinuncia-agli-us-open-la-gestione-del-ginocchio-e-il-rientro-a-pechino\/#breadcrumb","itemListElement":[{"@type":"ListItem","position":1,"name":"Home","item":"https:\/\/www.tennispassionzone.com\/it\/"},{"@type":"ListItem","position":2,"name":"Personaggi","item":"https:\/\/www.tennispassionzone.com\/it\/personaggi\/"},{"@type":"ListItem","position":3,"name":"Giocatori","item":"https:\/\/www.tennispassionzone.com\/it\/personaggi\/giocatori\/"},{"@type":"ListItem","position":4,"name":"Sinner rinuncia agli US Open: la gestione del ginocchio e il rientro a Pechino"}]},{"@type":"WebSite","@id":"https:\/\/www.tennispassionzone.com\/it\/#website","url":"https:\/\/www.tennispassionzone.com\/it\/","name":"Tennis Passion Zone","description":"","publisher":{"@id":"https:\/\/www.tennispassionzone.com\/it\/#organization"},"potentialAction":[{"@type":"SearchAction","target":{"@type":"EntryPoint","urlTemplate":"https:\/\/www.tennispassionzone.com\/it\/?s={search_term_string}"},"query-input":{"@type":"PropertyValueSpecification","valueRequired":true,"valueName":"search_term_string"}}],"inLanguage":"it-IT"},{"@type":"Organization","@id":"https:\/\/www.tennispassionzone.com\/it\/#organization","name":"Tennis Passion Zone","url":"https:\/\/www.tennispassionzone.com\/it\/","logo":{"@type":"ImageObject","inLanguage":"it-IT","@id":"https:\/\/www.tennispassionzone.com\/it\/#\/schema\/logo\/image\/","url":"https:\/\/www.tennispassionzone.com\/wp-content\/uploads\/2025\/12\/Logo_tennis_passion-zone.png?v=1764615384","contentUrl":"https:\/\/www.tennispassionzone.com\/wp-content\/uploads\/2025\/12\/Logo_tennis_passion-zone.png?v=1764615384","width":450,"height":225,"caption":"Tennis Passion Zone"},"image":{"@id":"https:\/\/www.tennispassionzone.com\/it\/#\/schema\/logo\/image\/"}},{"@type":"Person","@id":"https:\/\/www.tennispassionzone.com\/it\/#\/schema\/person\/b11dbe6823422d3fd9a091fea2bec8e6","name":"Cosimo Albano","image":{"@type":"ImageObject","inLanguage":"it-IT","@id":"https:\/\/www.tennispassionzone.com\/it\/#\/schema\/person\/image\/","url":"https:\/\/secure.gravatar.com\/avatar\/8ddf925735e24fbbdda897f977c3da31f9fe50c92a434c20957756bc7b9541e6?s=96&d=mm&r=g","contentUrl":"https:\/\/secure.gravatar.com\/avatar\/8ddf925735e24fbbdda897f977c3da31f9fe50c92a434c20957756bc7b9541e6?s=96&d=mm&r=g","caption":"Cosimo Albano"},"description":"Appassionato di calcio e fantacalcio da oltre venticinque anni, segue ogni stagione con lo stesso entusiasmo degli esordi. Da sempre interessato a statistiche, analisi e storie del mondo dello sport, scrive e revisiona articoli e testi editoriali, con particolare attenzione all\u2019accuratezza delle informazioni e alla qualit\u00e0 dei contenuti.","url":"https:\/\/www.tennispassionzone.com\/it\/author\/cosimo-albano\/"}]}},"_links":{"self":[{"href":"https:\/\/www.tennispassionzone.com\/it\/wp-json\/wp\/v2\/posts\/85928","targetHints":{"allow":["GET"]}}],"collection":[{"href":"https:\/\/www.tennispassionzone.com\/it\/wp-json\/wp\/v2\/posts"}],"about":[{"href":"https:\/\/www.tennispassionzone.com\/it\/wp-json\/wp\/v2\/types\/post"}],"author":[{"embeddable":true,"href":"https:\/\/www.tennispassionzone.com\/it\/wp-json\/wp\/v2\/users\/19"}],"replies":[{"embeddable":true,"href":"https:\/\/www.tennispassionzone.com\/it\/wp-json\/wp\/v2\/comments?post=85928"}],"version-history":[{"count":1,"href":"https:\/\/www.tennispassionzone.com\/it\/wp-json\/wp\/v2\/posts\/85928\/revisions"}],"predecessor-version":[{"id":85930,"href":"https:\/\/www.tennispassionzone.com\/it\/wp-json\/wp\/v2\/posts\/85928\/revisions\/85930"}],"wp:featuredmedia":[{"embeddable":true,"href":"https:\/\/www.tennispassionzone.com\/it\/wp-json\/wp\/v2\/media\/85929"}],"wp:attachment":[{"href":"https:\/\/www.tennispassionzone.com\/it\/wp-json\/wp\/v2\/media?parent=85928"}],"wp:term":[{"taxonomy":"category","embeddable":true,"href":"https:\/\/www.tennispassionzone.com\/it\/wp-json\/wp\/v2\/categories?post=85928"},{"taxonomy":"post_tag","embeddable":true,"href":"https:\/\/www.tennispassionzone.com\/it\/wp-json\/wp\/v2\/tags?post=85928"}],"curies":[{"name":"wp","href":"https:\/\/api.w.org\/{rel}","templated":true}]}}