{"id":85957,"date":"2026-08-31T08:13:58","date_gmt":"2026-08-31T06:13:58","guid":{"rendered":"https:\/\/www.tennispassionzone.com\/?p=85957"},"modified":"2026-08-31T08:14:02","modified_gmt":"2026-08-31T06:14:02","slug":"carlos-alcaraz-torna-allo-us-open-debutto-contro-safiullin-dopo-quasi-cinque-mesi","status":"publish","type":"post","link":"https:\/\/www.tennispassionzone.com\/it\/personaggi\/giocatori\/carlos-alcaraz-torna-allo-us-open-debutto-contro-safiullin-dopo-quasi-cinque-mesi\/","title":{"rendered":"Carlos Alcaraz torna allo US Open: debutto contro Safiullin dopo quasi cinque mesi"},"content":{"rendered":"<p class=\"PDq2pG_selectionAnchorContainer\" data-start=\"86\" data-end=\"318\">Carlos Alcaraz \u00e8 pronto a rientrare nel circuito ATP. Lo spagnolo far\u00e0 il suo ritorno in gara allo US Open, dove manca da quasi cinque mesi a causa dell&#8217;infortunio al polso destro riportato ad aprile durante il torneo di Barcellona.<\/p>\n<h2 data-section-id=\"2ynmth\" data-start=\"320\" data-end=\"360\">Rientro subito impegnativo a New York<\/h2>\n<p data-start=\"362\" data-end=\"611\">Al primo turno Alcaraz affronter\u00e0 Roman Safiullin, attuale numero 99 del ranking mondiale. Un esordio tutt&#8217;altro che semplice per il tennista spagnolo, chiamato a ritrovare ritmo partita contro un avversario che in passato \u00e8 gi\u00e0 riuscito a batterlo.<\/p>\n<p data-start=\"613\" data-end=\"809\">Il russo si impose infatti sul cemento indoor di Parigi nel 2023, mentre l&#8217;ultimo precedente \u00e8 andato ad Alcaraz, vincitore sulla terra rossa del Roland Garros durante il torneo olimpico del 2024.<\/p>\n<h2 data-section-id=\"jxvr5s\" data-start=\"811\" data-end=\"851\">Safiullin arriva da un buon Wimbledon<\/h2>\n<p data-start=\"853\" data-end=\"1090\">Il russo si presenta a New York dopo un percorso positivo a Wimbledon, dove, partendo dalle qualificazioni, ha raggiunto gli ottavi di finale. Un risultato che conferma la sua capacit\u00e0 di essere competitivo anche nei grandi appuntamenti.<\/p>\n<p data-start=\"1092\" data-end=\"1285\" data-is-last-node=\"\" data-is-only-node=\"\">La sfida tra Alcaraz e Safiullin \u00e8 in programma luned\u00ec 31 agosto come secondo incontro sull&#8217;Arthur Ashe Stadium e rappresenter\u00e0 uno dei match pi\u00f9 attesi della giornata inaugurale dello US Open.<\/p>\n","protected":false},"excerpt":{"rendered":"<p>Carlos Alcaraz torna a giocare un match ufficiale dopo quasi cinque mesi. L&#8217;esordio allo US Open sar\u00e0 contro il russo Roman Safiullin, un avversario che lo ha gi\u00e0 battuto in passato.<\/p>\n","protected":false},"author":22,"featured_media":85958,"comment_status":"closed","ping_status":"open","sticky":false,"template":"","format":"standard","meta":{"_overwrite_by_ai":false,"footnotes":""},"categories":[5032,5022,5039],"tags":[],"class_list":["post-85957","post","type-post","status-publish","format-standard","has-post-thumbnail","hentry","category-giocatori","category-notizie","category-us-open"],"acf":[],"yoast_head":"<!-- This site is optimized with the Yoast SEO plugin v26.8 - https:\/\/yoast.com\/product\/yoast-seo-wordpress\/ -->\n<title>US Open: Alcaraz torna in campo contro Safiullin<\/title>\n<meta name=\"description\" content=\"Dopo quasi cinque mesi di assenza, Carlos Alcaraz torna in campo allo US Open. Al primo turno affronter\u00e0 il russo Roman Safiullin.\" \/>\n<meta name=\"robots\" content=\"index, follow, max-snippet:-1, max-image-preview:large, max-video-preview:-1\" \/>\n<link rel=\"canonical\" href=\"https:\/\/www.tennispassionzone.com\/it\/personaggi\/giocatori\/carlos-alcaraz-torna-allo-us-open-debutto-contro-safiullin-dopo-quasi-cinque-mesi\/\" \/>\n<meta property=\"og:locale\" content=\"it_IT\" \/>\n<meta property=\"og:type\" content=\"article\" \/>\n<meta property=\"og:title\" content=\"US Open: Alcaraz torna in campo contro Safiullin\" \/>\n<meta property=\"og:description\" content=\"Dopo quasi cinque mesi di assenza, Carlos Alcaraz torna in campo allo US Open. Al primo turno affronter\u00e0 il russo Roman Safiullin.\" \/>\n<meta property=\"og:url\" content=\"https:\/\/www.tennispassionzone.com\/it\/personaggi\/giocatori\/carlos-alcaraz-torna-allo-us-open-debutto-contro-safiullin-dopo-quasi-cinque-mesi\/\" \/>\n<meta property=\"og:site_name\" content=\"Tennis Passion Zone\" \/>\n<meta property=\"article:published_time\" content=\"2026-08-31T06:13:58+00:00\" \/>\n<meta property=\"article:modified_time\" content=\"2026-08-31T06:14:02+00:00\" \/>\n<meta property=\"og:image\" content=\"https:\/\/www.tennispassionzone.com\/wp-content\/uploads\/2026\/08\/murcia-spain-carlos-alcaraz-of-spain-poses-for-a-photograph-in-a-mirror-room-at-the-ganga-1.jpg?v=1788160362\" \/>\n\t<meta property=\"og:image:width\" content=\"2048\" \/>\n\t<meta property=\"og:image:height\" content=\"1355\" \/>\n\t<meta property=\"og:image:type\" content=\"image\/jpeg\" \/>\n<meta name=\"author\" content=\"Gabriele Rossi\" \/>\n<meta name=\"twitter:card\" content=\"summary_large_image\" \/>\n<meta name=\"twitter:label1\" content=\"Scritto da\" \/>\n\t<meta name=\"twitter:data1\" content=\"Gabriele Rossi\" \/>\n\t<meta name=\"twitter:label2\" content=\"Tempo di lettura stimato\" \/>\n\t<meta name=\"twitter:data2\" content=\"2 minuti\" \/>\n<script type=\"application\/ld+json\" class=\"yoast-schema-graph\">{\"@context\":\"https:\/\/schema.org\",\"@graph\":[{\"@type\":\"Article\",\"@id\":\"https:\/\/www.tennispassionzone.com\/it\/personaggi\/giocatori\/carlos-alcaraz-torna-allo-us-open-debutto-contro-safiullin-dopo-quasi-cinque-mesi\/#article\",\"isPartOf\":{\"@id\":\"https:\/\/www.tennispassionzone.com\/it\/personaggi\/giocatori\/carlos-alcaraz-torna-allo-us-open-debutto-contro-safiullin-dopo-quasi-cinque-mesi\/\"},\"author\":{\"name\":\"Gabriele Rossi\",\"@id\":\"https:\/\/www.tennispassionzone.com\/it\/#\/schema\/person\/b9c262bd9834410177e11e301758b2a4\"},\"headline\":\"Carlos Alcaraz torna allo US Open: debutto contro Safiullin dopo quasi cinque mesi\",\"datePublished\":\"2026-08-31T06:13:58+00:00\",\"dateModified\":\"2026-08-31T06:14:02+00:00\",\"mainEntityOfPage\":{\"@id\":\"https:\/\/www.tennispassionzone.com\/it\/personaggi\/giocatori\/carlos-alcaraz-torna-allo-us-open-debutto-contro-safiullin-dopo-quasi-cinque-mesi\/\"},\"wordCount\":199,\"publisher\":{\"@id\":\"https:\/\/www.tennispassionzone.com\/it\/#organization\"},\"image\":{\"@id\":\"https:\/\/www.tennispassionzone.com\/it\/personaggi\/giocatori\/carlos-alcaraz-torna-allo-us-open-debutto-contro-safiullin-dopo-quasi-cinque-mesi\/#primaryimage\"},\"thumbnailUrl\":\"https:\/\/www.tennispassionzone.com\/wp-content\/uploads\/2026\/08\/murcia-spain-carlos-alcaraz-of-spain-poses-for-a-photograph-in-a-mirror-room-at-the-ganga-1.jpg?v=1788160362\",\"articleSection\":[\"Giocatori\",\"Notizie\",\"US Open\"],\"inLanguage\":\"it-IT\"},{\"@type\":\"WebPage\",\"@id\":\"https:\/\/www.tennispassionzone.com\/it\/personaggi\/giocatori\/carlos-alcaraz-torna-allo-us-open-debutto-contro-safiullin-dopo-quasi-cinque-mesi\/\",\"url\":\"https:\/\/www.tennispassionzone.com\/it\/personaggi\/giocatori\/carlos-alcaraz-torna-allo-us-open-debutto-contro-safiullin-dopo-quasi-cinque-mesi\/\",\"name\":\"US Open: Alcaraz torna in campo contro Safiullin\",\"isPartOf\":{\"@id\":\"https:\/\/www.tennispassionzone.com\/it\/#website\"},\"primaryImageOfPage\":{\"@id\":\"https:\/\/www.tennispassionzone.com\/it\/personaggi\/giocatori\/carlos-alcaraz-torna-allo-us-open-debutto-contro-safiullin-dopo-quasi-cinque-mesi\/#primaryimage\"},\"image\":{\"@id\":\"https:\/\/www.tennispassionzone.com\/it\/personaggi\/giocatori\/carlos-alcaraz-torna-allo-us-open-debutto-contro-safiullin-dopo-quasi-cinque-mesi\/#primaryimage\"},\"thumbnailUrl\":\"https:\/\/www.tennispassionzone.com\/wp-content\/uploads\/2026\/08\/murcia-spain-carlos-alcaraz-of-spain-poses-for-a-photograph-in-a-mirror-room-at-the-ganga-1.jpg?v=1788160362\",\"datePublished\":\"2026-08-31T06:13:58+00:00\",\"dateModified\":\"2026-08-31T06:14:02+00:00\",\"description\":\"Dopo quasi cinque mesi di assenza, Carlos Alcaraz torna in campo allo US Open. Al primo turno affronter\u00e0 il russo Roman Safiullin.\",\"breadcrumb\":{\"@id\":\"https:\/\/www.tennispassionzone.com\/it\/personaggi\/giocatori\/carlos-alcaraz-torna-allo-us-open-debutto-contro-safiullin-dopo-quasi-cinque-mesi\/#breadcrumb\"},\"inLanguage\":\"it-IT\",\"potentialAction\":[{\"@type\":\"ReadAction\",\"target\":[\"https:\/\/www.tennispassionzone.com\/it\/personaggi\/giocatori\/carlos-alcaraz-torna-allo-us-open-debutto-contro-safiullin-dopo-quasi-cinque-mesi\/\"]}]},{\"@type\":\"ImageObject\",\"inLanguage\":\"it-IT\",\"@id\":\"https:\/\/www.tennispassionzone.com\/it\/personaggi\/giocatori\/carlos-alcaraz-torna-allo-us-open-debutto-contro-safiullin-dopo-quasi-cinque-mesi\/#primaryimage\",\"url\":\"https:\/\/www.tennispassionzone.com\/wp-content\/uploads\/2026\/08\/murcia-spain-carlos-alcaraz-of-spain-poses-for-a-photograph-in-a-mirror-room-at-the-ganga-1.jpg?v=1788160362\",\"contentUrl\":\"https:\/\/www.tennispassionzone.com\/wp-content\/uploads\/2026\/08\/murcia-spain-carlos-alcaraz-of-spain-poses-for-a-photograph-in-a-mirror-room-at-the-ganga-1.jpg?v=1788160362\",\"width\":2048,\"height\":1355},{\"@type\":\"BreadcrumbList\",\"@id\":\"https:\/\/www.tennispassionzone.com\/it\/personaggi\/giocatori\/carlos-alcaraz-torna-allo-us-open-debutto-contro-safiullin-dopo-quasi-cinque-mesi\/#breadcrumb\",\"itemListElement\":[{\"@type\":\"ListItem\",\"position\":1,\"name\":\"Home\",\"item\":\"https:\/\/www.tennispassionzone.com\/it\/\"},{\"@type\":\"ListItem\",\"position\":2,\"name\":\"Personaggi\",\"item\":\"https:\/\/www.tennispassionzone.com\/it\/personaggi\/\"},{\"@type\":\"ListItem\",\"position\":3,\"name\":\"Giocatori\",\"item\":\"https:\/\/www.tennispassionzone.com\/it\/personaggi\/giocatori\/\"},{\"@type\":\"ListItem\",\"position\":4,\"name\":\"Carlos Alcaraz torna allo US Open: debutto contro Safiullin dopo quasi cinque mesi\"}]},{\"@type\":\"WebSite\",\"@id\":\"https:\/\/www.tennispassionzone.com\/it\/#website\",\"url\":\"https:\/\/www.tennispassionzone.com\/it\/\",\"name\":\"Tennis Passion Zone\",\"description\":\"\",\"publisher\":{\"@id\":\"https:\/\/www.tennispassionzone.com\/it\/#organization\"},\"potentialAction\":[{\"@type\":\"SearchAction\",\"target\":{\"@type\":\"EntryPoint\",\"urlTemplate\":\"https:\/\/www.tennispassionzone.com\/it\/?s={search_term_string}\"},\"query-input\":{\"@type\":\"PropertyValueSpecification\",\"valueRequired\":true,\"valueName\":\"search_term_string\"}}],\"inLanguage\":\"it-IT\"},{\"@type\":\"Organization\",\"@id\":\"https:\/\/www.tennispassionzone.com\/it\/#organization\",\"name\":\"Tennis Passion Zone\",\"url\":\"https:\/\/www.tennispassionzone.com\/it\/\",\"logo\":{\"@type\":\"ImageObject\",\"inLanguage\":\"it-IT\",\"@id\":\"https:\/\/www.tennispassionzone.com\/it\/#\/schema\/logo\/image\/\",\"url\":\"https:\/\/www.tennispassionzone.com\/wp-content\/uploads\/2025\/12\/Logo_tennis_passion-zone.png?v=1764615384\",\"contentUrl\":\"https:\/\/www.tennispassionzone.com\/wp-content\/uploads\/2025\/12\/Logo_tennis_passion-zone.png?v=1764615384\",\"width\":450,\"height\":225,\"caption\":\"Tennis Passion Zone\"},\"image\":{\"@id\":\"https:\/\/www.tennispassionzone.com\/it\/#\/schema\/logo\/image\/\"}},{\"@type\":\"Person\",\"@id\":\"https:\/\/www.tennispassionzone.com\/it\/#\/schema\/person\/b9c262bd9834410177e11e301758b2a4\",\"name\":\"Gabriele Rossi\",\"image\":{\"@type\":\"ImageObject\",\"inLanguage\":\"it-IT\",\"@id\":\"https:\/\/www.tennispassionzone.com\/it\/#\/schema\/person\/image\/\",\"url\":\"https:\/\/secure.gravatar.com\/avatar\/0ceb236bcc0b754bfdc9d4b86dd50f4b60debf1f4e4142e83d6673fe2157300c?s=96&d=mm&r=g\",\"contentUrl\":\"https:\/\/secure.gravatar.com\/avatar\/0ceb236bcc0b754bfdc9d4b86dd50f4b60debf1f4e4142e83d6673fe2157300c?s=96&d=mm&r=g\",\"caption\":\"Gabriele Rossi\"},\"description\":\"Toscano di origine, divide il proprio tempo tra la Versilia e Milano. Nonostante un percorso accademico nel campo dell\u2019ingegneria, con particolare attenzione alle tecnologie radar ed ai sistemi d\u2019antenna, una forte passione per il calcio lo accompagna fin da bambino. Prima sul campo e, poi, attraverso lo studio di partite, schemi, dati ed analisi, \u00e8 riuscito a trasformare questo interesse in diverse collaborazioni con realt\u00e0 online dedicate al calcio ed al fantacalcio, contribuendo con articoli, approfondimenti e contenuti per la community. L'obiettivo \u00e8 quello di coniugare l\u2019approccio analitico e statistico con quello umano, raccontando il calcio attraverso ci\u00f2 che accade sia nei numeri sia nelle storie dei protagonisti, mantenendo sempre una visione attuale sul panorama calcistico nazionale ed internazionale.\",\"url\":\"https:\/\/www.tennispassionzone.com\/it\/author\/gabriele-rossi\/\"}]}<\/script>\n<!-- \/ Yoast SEO plugin. -->","yoast_head_json":{"title":"US Open: Alcaraz torna in campo contro Safiullin","description":"Dopo quasi cinque mesi di assenza, Carlos Alcaraz torna in campo allo US Open. Al primo turno affronter\u00e0 il russo Roman Safiullin.","robots":{"index":"index","follow":"follow","max-snippet":"max-snippet:-1","max-image-preview":"max-image-preview:large","max-video-preview":"max-video-preview:-1"},"canonical":"https:\/\/www.tennispassionzone.com\/it\/personaggi\/giocatori\/carlos-alcaraz-torna-allo-us-open-debutto-contro-safiullin-dopo-quasi-cinque-mesi\/","og_locale":"it_IT","og_type":"article","og_title":"US Open: Alcaraz torna in campo contro Safiullin","og_description":"Dopo quasi cinque mesi di assenza, Carlos Alcaraz torna in campo allo US Open. Al primo turno affronter\u00e0 il russo Roman Safiullin.","og_url":"https:\/\/www.tennispassionzone.com\/it\/personaggi\/giocatori\/carlos-alcaraz-torna-allo-us-open-debutto-contro-safiullin-dopo-quasi-cinque-mesi\/","og_site_name":"Tennis Passion Zone","article_published_time":"2026-08-31T06:13:58+00:00","article_modified_time":"2026-08-31T06:14:02+00:00","og_image":[{"width":2048,"height":1355,"url":"https:\/\/www.tennispassionzone.com\/wp-content\/uploads\/2026\/08\/murcia-spain-carlos-alcaraz-of-spain-poses-for-a-photograph-in-a-mirror-room-at-the-ganga-1.jpg?v=1788160362","type":"image\/jpeg"}],"author":"Gabriele Rossi","twitter_card":"summary_large_image","twitter_misc":{"Scritto da":"Gabriele Rossi","Tempo di lettura stimato":"2 minuti"},"schema":{"@context":"https:\/\/schema.org","@graph":[{"@type":"Article","@id":"https:\/\/www.tennispassionzone.com\/it\/personaggi\/giocatori\/carlos-alcaraz-torna-allo-us-open-debutto-contro-safiullin-dopo-quasi-cinque-mesi\/#article","isPartOf":{"@id":"https:\/\/www.tennispassionzone.com\/it\/personaggi\/giocatori\/carlos-alcaraz-torna-allo-us-open-debutto-contro-safiullin-dopo-quasi-cinque-mesi\/"},"author":{"name":"Gabriele Rossi","@id":"https:\/\/www.tennispassionzone.com\/it\/#\/schema\/person\/b9c262bd9834410177e11e301758b2a4"},"headline":"Carlos Alcaraz torna allo US Open: debutto contro Safiullin dopo quasi cinque mesi","datePublished":"2026-08-31T06:13:58+00:00","dateModified":"2026-08-31T06:14:02+00:00","mainEntityOfPage":{"@id":"https:\/\/www.tennispassionzone.com\/it\/personaggi\/giocatori\/carlos-alcaraz-torna-allo-us-open-debutto-contro-safiullin-dopo-quasi-cinque-mesi\/"},"wordCount":199,"publisher":{"@id":"https:\/\/www.tennispassionzone.com\/it\/#organization"},"image":{"@id":"https:\/\/www.tennispassionzone.com\/it\/personaggi\/giocatori\/carlos-alcaraz-torna-allo-us-open-debutto-contro-safiullin-dopo-quasi-cinque-mesi\/#primaryimage"},"thumbnailUrl":"https:\/\/www.tennispassionzone.com\/wp-content\/uploads\/2026\/08\/murcia-spain-carlos-alcaraz-of-spain-poses-for-a-photograph-in-a-mirror-room-at-the-ganga-1.jpg?v=1788160362","articleSection":["Giocatori","Notizie","US Open"],"inLanguage":"it-IT"},{"@type":"WebPage","@id":"https:\/\/www.tennispassionzone.com\/it\/personaggi\/giocatori\/carlos-alcaraz-torna-allo-us-open-debutto-contro-safiullin-dopo-quasi-cinque-mesi\/","url":"https:\/\/www.tennispassionzone.com\/it\/personaggi\/giocatori\/carlos-alcaraz-torna-allo-us-open-debutto-contro-safiullin-dopo-quasi-cinque-mesi\/","name":"US Open: Alcaraz torna in campo contro Safiullin","isPartOf":{"@id":"https:\/\/www.tennispassionzone.com\/it\/#website"},"primaryImageOfPage":{"@id":"https:\/\/www.tennispassionzone.com\/it\/personaggi\/giocatori\/carlos-alcaraz-torna-allo-us-open-debutto-contro-safiullin-dopo-quasi-cinque-mesi\/#primaryimage"},"image":{"@id":"https:\/\/www.tennispassionzone.com\/it\/personaggi\/giocatori\/carlos-alcaraz-torna-allo-us-open-debutto-contro-safiullin-dopo-quasi-cinque-mesi\/#primaryimage"},"thumbnailUrl":"https:\/\/www.tennispassionzone.com\/wp-content\/uploads\/2026\/08\/murcia-spain-carlos-alcaraz-of-spain-poses-for-a-photograph-in-a-mirror-room-at-the-ganga-1.jpg?v=1788160362","datePublished":"2026-08-31T06:13:58+00:00","dateModified":"2026-08-31T06:14:02+00:00","description":"Dopo quasi cinque mesi di assenza, Carlos Alcaraz torna in campo allo US Open. Al primo turno affronter\u00e0 il russo Roman Safiullin.","breadcrumb":{"@id":"https:\/\/www.tennispassionzone.com\/it\/personaggi\/giocatori\/carlos-alcaraz-torna-allo-us-open-debutto-contro-safiullin-dopo-quasi-cinque-mesi\/#breadcrumb"},"inLanguage":"it-IT","potentialAction":[{"@type":"ReadAction","target":["https:\/\/www.tennispassionzone.com\/it\/personaggi\/giocatori\/carlos-alcaraz-torna-allo-us-open-debutto-contro-safiullin-dopo-quasi-cinque-mesi\/"]}]},{"@type":"ImageObject","inLanguage":"it-IT","@id":"https:\/\/www.tennispassionzone.com\/it\/personaggi\/giocatori\/carlos-alcaraz-torna-allo-us-open-debutto-contro-safiullin-dopo-quasi-cinque-mesi\/#primaryimage","url":"https:\/\/www.tennispassionzone.com\/wp-content\/uploads\/2026\/08\/murcia-spain-carlos-alcaraz-of-spain-poses-for-a-photograph-in-a-mirror-room-at-the-ganga-1.jpg?v=1788160362","contentUrl":"https:\/\/www.tennispassionzone.com\/wp-content\/uploads\/2026\/08\/murcia-spain-carlos-alcaraz-of-spain-poses-for-a-photograph-in-a-mirror-room-at-the-ganga-1.jpg?v=1788160362","width":2048,"height":1355},{"@type":"BreadcrumbList","@id":"https:\/\/www.tennispassionzone.com\/it\/personaggi\/giocatori\/carlos-alcaraz-torna-allo-us-open-debutto-contro-safiullin-dopo-quasi-cinque-mesi\/#breadcrumb","itemListElement":[{"@type":"ListItem","position":1,"name":"Home","item":"https:\/\/www.tennispassionzone.com\/it\/"},{"@type":"ListItem","position":2,"name":"Personaggi","item":"https:\/\/www.tennispassionzone.com\/it\/personaggi\/"},{"@type":"ListItem","position":3,"name":"Giocatori","item":"https:\/\/www.tennispassionzone.com\/it\/personaggi\/giocatori\/"},{"@type":"ListItem","position":4,"name":"Carlos Alcaraz torna allo US Open: debutto contro Safiullin dopo quasi cinque mesi"}]},{"@type":"WebSite","@id":"https:\/\/www.tennispassionzone.com\/it\/#website","url":"https:\/\/www.tennispassionzone.com\/it\/","name":"Tennis Passion Zone","description":"","publisher":{"@id":"https:\/\/www.tennispassionzone.com\/it\/#organization"},"potentialAction":[{"@type":"SearchAction","target":{"@type":"EntryPoint","urlTemplate":"https:\/\/www.tennispassionzone.com\/it\/?s={search_term_string}"},"query-input":{"@type":"PropertyValueSpecification","valueRequired":true,"valueName":"search_term_string"}}],"inLanguage":"it-IT"},{"@type":"Organization","@id":"https:\/\/www.tennispassionzone.com\/it\/#organization","name":"Tennis Passion Zone","url":"https:\/\/www.tennispassionzone.com\/it\/","logo":{"@type":"ImageObject","inLanguage":"it-IT","@id":"https:\/\/www.tennispassionzone.com\/it\/#\/schema\/logo\/image\/","url":"https:\/\/www.tennispassionzone.com\/wp-content\/uploads\/2025\/12\/Logo_tennis_passion-zone.png?v=1764615384","contentUrl":"https:\/\/www.tennispassionzone.com\/wp-content\/uploads\/2025\/12\/Logo_tennis_passion-zone.png?v=1764615384","width":450,"height":225,"caption":"Tennis Passion Zone"},"image":{"@id":"https:\/\/www.tennispassionzone.com\/it\/#\/schema\/logo\/image\/"}},{"@type":"Person","@id":"https:\/\/www.tennispassionzone.com\/it\/#\/schema\/person\/b9c262bd9834410177e11e301758b2a4","name":"Gabriele Rossi","image":{"@type":"ImageObject","inLanguage":"it-IT","@id":"https:\/\/www.tennispassionzone.com\/it\/#\/schema\/person\/image\/","url":"https:\/\/secure.gravatar.com\/avatar\/0ceb236bcc0b754bfdc9d4b86dd50f4b60debf1f4e4142e83d6673fe2157300c?s=96&d=mm&r=g","contentUrl":"https:\/\/secure.gravatar.com\/avatar\/0ceb236bcc0b754bfdc9d4b86dd50f4b60debf1f4e4142e83d6673fe2157300c?s=96&d=mm&r=g","caption":"Gabriele Rossi"},"description":"Toscano di origine, divide il proprio tempo tra la Versilia e Milano. Nonostante un percorso accademico nel campo dell\u2019ingegneria, con particolare attenzione alle tecnologie radar ed ai sistemi d\u2019antenna, una forte passione per il calcio lo accompagna fin da bambino. Prima sul campo e, poi, attraverso lo studio di partite, schemi, dati ed analisi, \u00e8 riuscito a trasformare questo interesse in diverse collaborazioni con realt\u00e0 online dedicate al calcio ed al fantacalcio, contribuendo con articoli, approfondimenti e contenuti per la community. L'obiettivo \u00e8 quello di coniugare l\u2019approccio analitico e statistico con quello umano, raccontando il calcio attraverso ci\u00f2 che accade sia nei numeri sia nelle storie dei protagonisti, mantenendo sempre una visione attuale sul panorama calcistico nazionale ed internazionale.","url":"https:\/\/www.tennispassionzone.com\/it\/author\/gabriele-rossi\/"}]}},"_links":{"self":[{"href":"https:\/\/www.tennispassionzone.com\/it\/wp-json\/wp\/v2\/posts\/85957","targetHints":{"allow":["GET"]}}],"collection":[{"href":"https:\/\/www.tennispassionzone.com\/it\/wp-json\/wp\/v2\/posts"}],"about":[{"href":"https:\/\/www.tennispassionzone.com\/it\/wp-json\/wp\/v2\/types\/post"}],"author":[{"embeddable":true,"href":"https:\/\/www.tennispassionzone.com\/it\/wp-json\/wp\/v2\/users\/22"}],"replies":[{"embeddable":true,"href":"https:\/\/www.tennispassionzone.com\/it\/wp-json\/wp\/v2\/comments?post=85957"}],"version-history":[{"count":1,"href":"https:\/\/www.tennispassionzone.com\/it\/wp-json\/wp\/v2\/posts\/85957\/revisions"}],"predecessor-version":[{"id":85962,"href":"https:\/\/www.tennispassionzone.com\/it\/wp-json\/wp\/v2\/posts\/85957\/revisions\/85962"}],"wp:featuredmedia":[{"embeddable":true,"href":"https:\/\/www.tennispassionzone.com\/it\/wp-json\/wp\/v2\/media\/85958"}],"wp:attachment":[{"href":"https:\/\/www.tennispassionzone.com\/it\/wp-json\/wp\/v2\/media?parent=85957"}],"wp:term":[{"taxonomy":"category","embeddable":true,"href":"https:\/\/www.tennispassionzone.com\/it\/wp-json\/wp\/v2\/categories?post=85957"},{"taxonomy":"post_tag","embeddable":true,"href":"https:\/\/www.tennispassionzone.com\/it\/wp-json\/wp\/v2\/tags?post=85957"}],"curies":[{"name":"wp","href":"https:\/\/api.w.org\/{rel}","templated":true}]}}