{"id":85970,"date":"2026-08-31T11:04:06","date_gmt":"2026-08-31T09:04:06","guid":{"rendered":"https:\/\/www.tennispassionzone.com\/?p=85970"},"modified":"2026-08-31T11:04:10","modified_gmt":"2026-08-31T09:04:10","slug":"atmane-furioso-agli-us-open-il-fisioterapista-nega-il-trattamento-lite-in-campo","status":"publish","type":"post","link":"https:\/\/www.tennispassionzone.com\/it\/personaggi\/giocatori\/atmane-furioso-agli-us-open-il-fisioterapista-nega-il-trattamento-lite-in-campo\/","title":{"rendered":"Atmane furioso agli US Open: il fisioterapista nega il trattamento, lite in campo"},"content":{"rendered":"<p>Terence Atmane ha vissuto un momento di forte tensione durante il primo turno degli US Open contro Jaume Munar. Il francese, dopo aver accusato pesanti crampi nel corso della partita, ha chiesto nuovamente l&#8217;intervento del fisioterapista all&#8217;inizio del quinto set. La richiesta \u00e8 stata per\u00f2 respinta, facendo esplodere la sua protesta.<\/p>\n<p>Atmane aveva conquistato i primi due set, ma le difficolt\u00e0 fisiche hanno cambiato completamente l&#8217;andamento dell&#8217;incontro. Nel terzo set i crampi lo hanno limitato al punto da costringerlo, in un&#8217;occasione, a servire anche con la mano destra e dal basso.<\/p>\n<h2>Il fisioterapista dice no al trattamento<\/h2>\n<p>Sul punteggio di 2-1 nel quinto set, Atmane ha chiamato nuovamente il fisioterapista. Il trattamento non \u00e8 stato per\u00f2 concesso perch\u00e9 il problema era stato ricondotto ai crampi, per i quali le regole non permettono un medical timeout. Il francese ha contestato la decisione, sostenendo di avere dolore e non semplicemente crampi.<\/p>\n<p>La situazione \u00e8 rapidamente degenerata in un acceso confronto. Atmane ha chiesto al fisioterapista di tornare indietro e, visibilmente contrariato, ne ha contestato il comportamento arrivando anche a chiedere di vedere le sue credenziali.<\/p>\n<h2>La rimonta di Munar<\/h2>\n<p>Il caos fisico e la tensione hanno accompagnato la parte finale di una partita gi\u00e0 molto particolare. Munar \u00e8 riuscito a rimontare due set di svantaggio e a imporsi dopo quasi cinque ore di gioco con il punteggio di 6-7, 3-6, 6-1, 7-6, 7-5.<\/p>\n<p>Per Atmane resta una sconfitta amara, arrivata dopo essere stato avanti di due set e aver accarezzato la possibilit\u00e0 di conquistare la sua prima vittoria in un torneo del Grande Slam.<\/p>\n","protected":false},"excerpt":{"rendered":"<p>Il tennista francese Terence Atmane ha manifestato il suo disappunto dopo che un fisioterapista ha negato il trattamento per i crampi all&#8217;inizio del quinto set di una partita.<\/p>\n","protected":false},"author":19,"featured_media":85971,"comment_status":"closed","ping_status":"open","sticky":false,"template":"","format":"standard","meta":{"_overwrite_by_ai":false,"footnotes":""},"categories":[5032,5022],"tags":[],"class_list":["post-85970","post","type-post","status-publish","format-standard","has-post-thumbnail","hentry","category-giocatori","category-notizie"],"acf":[],"yoast_head":"<!-- This site is optimized with the Yoast SEO plugin v26.8 - https:\/\/yoast.com\/product\/yoast-seo-wordpress\/ -->\n<title>Atmane protesta per rifiuto trattamento crampi nel quinto set<\/title>\n<meta name=\"description\" content=\"Terence Atmane, tennista francese, ha espresso forte disappunto per il rifiuto di un trattamento per crampi nel quinto set.\" \/>\n<meta name=\"robots\" content=\"index, follow, max-snippet:-1, max-image-preview:large, max-video-preview:-1\" \/>\n<link rel=\"canonical\" href=\"https:\/\/www.tennispassionzone.com\/it\/personaggi\/giocatori\/atmane-furioso-agli-us-open-il-fisioterapista-nega-il-trattamento-lite-in-campo\/\" \/>\n<meta property=\"og:locale\" content=\"it_IT\" \/>\n<meta property=\"og:type\" content=\"article\" \/>\n<meta property=\"og:title\" content=\"Atmane protesta per rifiuto trattamento crampi nel quinto set\" \/>\n<meta property=\"og:description\" content=\"Terence Atmane, tennista francese, ha espresso forte disappunto per il rifiuto di un trattamento per crampi nel quinto set.\" \/>\n<meta property=\"og:url\" content=\"https:\/\/www.tennispassionzone.com\/it\/personaggi\/giocatori\/atmane-furioso-agli-us-open-il-fisioterapista-nega-il-trattamento-lite-in-campo\/\" \/>\n<meta property=\"og:site_name\" content=\"Tennis Passion Zone\" \/>\n<meta property=\"article:published_time\" content=\"2026-08-31T09:04:06+00:00\" \/>\n<meta property=\"article:modified_time\" content=\"2026-08-31T09:04:10+00:00\" \/>\n<meta property=\"og:image\" content=\"https:\/\/www.tennispassionzone.com\/wp-content\/uploads\/2026\/08\/paris-france-a-general-view-inside-court-six-during-the-mens-singles-first-round-match-between.jpg?v=1788172973\" \/>\n\t<meta property=\"og:image:width\" content=\"2048\" \/>\n\t<meta property=\"og:image:height\" content=\"1365\" \/>\n\t<meta property=\"og:image:type\" content=\"image\/jpeg\" \/>\n<meta name=\"author\" content=\"Cosimo Albano\" \/>\n<meta name=\"twitter:card\" content=\"summary_large_image\" \/>\n<meta name=\"twitter:label1\" content=\"Scritto da\" \/>\n\t<meta name=\"twitter:data1\" content=\"Cosimo Albano\" \/>\n\t<meta name=\"twitter:label2\" content=\"Tempo di lettura stimato\" \/>\n\t<meta name=\"twitter:data2\" content=\"2 minuti\" \/>\n<script type=\"application\/ld+json\" class=\"yoast-schema-graph\">{\"@context\":\"https:\/\/schema.org\",\"@graph\":[{\"@type\":\"Article\",\"@id\":\"https:\/\/www.tennispassionzone.com\/it\/personaggi\/giocatori\/atmane-furioso-agli-us-open-il-fisioterapista-nega-il-trattamento-lite-in-campo\/#article\",\"isPartOf\":{\"@id\":\"https:\/\/www.tennispassionzone.com\/it\/personaggi\/giocatori\/atmane-furioso-agli-us-open-il-fisioterapista-nega-il-trattamento-lite-in-campo\/\"},\"author\":{\"name\":\"Cosimo Albano\",\"@id\":\"https:\/\/www.tennispassionzone.com\/it\/#\/schema\/person\/b11dbe6823422d3fd9a091fea2bec8e6\"},\"headline\":\"Atmane furioso agli US Open: il fisioterapista nega il trattamento, lite in campo\",\"datePublished\":\"2026-08-31T09:04:06+00:00\",\"dateModified\":\"2026-08-31T09:04:10+00:00\",\"mainEntityOfPage\":{\"@id\":\"https:\/\/www.tennispassionzone.com\/it\/personaggi\/giocatori\/atmane-furioso-agli-us-open-il-fisioterapista-nega-il-trattamento-lite-in-campo\/\"},\"wordCount\":276,\"publisher\":{\"@id\":\"https:\/\/www.tennispassionzone.com\/it\/#organization\"},\"image\":{\"@id\":\"https:\/\/www.tennispassionzone.com\/it\/personaggi\/giocatori\/atmane-furioso-agli-us-open-il-fisioterapista-nega-il-trattamento-lite-in-campo\/#primaryimage\"},\"thumbnailUrl\":\"https:\/\/www.tennispassionzone.com\/wp-content\/uploads\/2026\/08\/paris-france-a-general-view-inside-court-six-during-the-mens-singles-first-round-match-between.jpg?v=1788172973\",\"articleSection\":[\"Giocatori\",\"Notizie\"],\"inLanguage\":\"it-IT\"},{\"@type\":\"WebPage\",\"@id\":\"https:\/\/www.tennispassionzone.com\/it\/personaggi\/giocatori\/atmane-furioso-agli-us-open-il-fisioterapista-nega-il-trattamento-lite-in-campo\/\",\"url\":\"https:\/\/www.tennispassionzone.com\/it\/personaggi\/giocatori\/atmane-furioso-agli-us-open-il-fisioterapista-nega-il-trattamento-lite-in-campo\/\",\"name\":\"Atmane protesta per rifiuto trattamento crampi nel quinto set\",\"isPartOf\":{\"@id\":\"https:\/\/www.tennispassionzone.com\/it\/#website\"},\"primaryImageOfPage\":{\"@id\":\"https:\/\/www.tennispassionzone.com\/it\/personaggi\/giocatori\/atmane-furioso-agli-us-open-il-fisioterapista-nega-il-trattamento-lite-in-campo\/#primaryimage\"},\"image\":{\"@id\":\"https:\/\/www.tennispassionzone.com\/it\/personaggi\/giocatori\/atmane-furioso-agli-us-open-il-fisioterapista-nega-il-trattamento-lite-in-campo\/#primaryimage\"},\"thumbnailUrl\":\"https:\/\/www.tennispassionzone.com\/wp-content\/uploads\/2026\/08\/paris-france-a-general-view-inside-court-six-during-the-mens-singles-first-round-match-between.jpg?v=1788172973\",\"datePublished\":\"2026-08-31T09:04:06+00:00\",\"dateModified\":\"2026-08-31T09:04:10+00:00\",\"description\":\"Terence Atmane, tennista francese, ha espresso forte disappunto per il rifiuto di un trattamento per crampi nel quinto set.\",\"breadcrumb\":{\"@id\":\"https:\/\/www.tennispassionzone.com\/it\/personaggi\/giocatori\/atmane-furioso-agli-us-open-il-fisioterapista-nega-il-trattamento-lite-in-campo\/#breadcrumb\"},\"inLanguage\":\"it-IT\",\"potentialAction\":[{\"@type\":\"ReadAction\",\"target\":[\"https:\/\/www.tennispassionzone.com\/it\/personaggi\/giocatori\/atmane-furioso-agli-us-open-il-fisioterapista-nega-il-trattamento-lite-in-campo\/\"]}]},{\"@type\":\"ImageObject\",\"inLanguage\":\"it-IT\",\"@id\":\"https:\/\/www.tennispassionzone.com\/it\/personaggi\/giocatori\/atmane-furioso-agli-us-open-il-fisioterapista-nega-il-trattamento-lite-in-campo\/#primaryimage\",\"url\":\"https:\/\/www.tennispassionzone.com\/wp-content\/uploads\/2026\/08\/paris-france-a-general-view-inside-court-six-during-the-mens-singles-first-round-match-between.jpg?v=1788172973\",\"contentUrl\":\"https:\/\/www.tennispassionzone.com\/wp-content\/uploads\/2026\/08\/paris-france-a-general-view-inside-court-six-during-the-mens-singles-first-round-match-between.jpg?v=1788172973\",\"width\":2048,\"height\":1365},{\"@type\":\"BreadcrumbList\",\"@id\":\"https:\/\/www.tennispassionzone.com\/it\/personaggi\/giocatori\/atmane-furioso-agli-us-open-il-fisioterapista-nega-il-trattamento-lite-in-campo\/#breadcrumb\",\"itemListElement\":[{\"@type\":\"ListItem\",\"position\":1,\"name\":\"Home\",\"item\":\"https:\/\/www.tennispassionzone.com\/it\/\"},{\"@type\":\"ListItem\",\"position\":2,\"name\":\"Personaggi\",\"item\":\"https:\/\/www.tennispassionzone.com\/it\/personaggi\/\"},{\"@type\":\"ListItem\",\"position\":3,\"name\":\"Giocatori\",\"item\":\"https:\/\/www.tennispassionzone.com\/it\/personaggi\/giocatori\/\"},{\"@type\":\"ListItem\",\"position\":4,\"name\":\"Atmane furioso agli US Open: il fisioterapista nega il trattamento, lite in campo\"}]},{\"@type\":\"WebSite\",\"@id\":\"https:\/\/www.tennispassionzone.com\/it\/#website\",\"url\":\"https:\/\/www.tennispassionzone.com\/it\/\",\"name\":\"Tennis Passion Zone\",\"description\":\"\",\"publisher\":{\"@id\":\"https:\/\/www.tennispassionzone.com\/it\/#organization\"},\"potentialAction\":[{\"@type\":\"SearchAction\",\"target\":{\"@type\":\"EntryPoint\",\"urlTemplate\":\"https:\/\/www.tennispassionzone.com\/it\/?s={search_term_string}\"},\"query-input\":{\"@type\":\"PropertyValueSpecification\",\"valueRequired\":true,\"valueName\":\"search_term_string\"}}],\"inLanguage\":\"it-IT\"},{\"@type\":\"Organization\",\"@id\":\"https:\/\/www.tennispassionzone.com\/it\/#organization\",\"name\":\"Tennis Passion Zone\",\"url\":\"https:\/\/www.tennispassionzone.com\/it\/\",\"logo\":{\"@type\":\"ImageObject\",\"inLanguage\":\"it-IT\",\"@id\":\"https:\/\/www.tennispassionzone.com\/it\/#\/schema\/logo\/image\/\",\"url\":\"https:\/\/www.tennispassionzone.com\/wp-content\/uploads\/2025\/12\/Logo_tennis_passion-zone.png?v=1764615384\",\"contentUrl\":\"https:\/\/www.tennispassionzone.com\/wp-content\/uploads\/2025\/12\/Logo_tennis_passion-zone.png?v=1764615384\",\"width\":450,\"height\":225,\"caption\":\"Tennis Passion Zone\"},\"image\":{\"@id\":\"https:\/\/www.tennispassionzone.com\/it\/#\/schema\/logo\/image\/\"}},{\"@type\":\"Person\",\"@id\":\"https:\/\/www.tennispassionzone.com\/it\/#\/schema\/person\/b11dbe6823422d3fd9a091fea2bec8e6\",\"name\":\"Cosimo Albano\",\"image\":{\"@type\":\"ImageObject\",\"inLanguage\":\"it-IT\",\"@id\":\"https:\/\/www.tennispassionzone.com\/it\/#\/schema\/person\/image\/\",\"url\":\"https:\/\/secure.gravatar.com\/avatar\/8ddf925735e24fbbdda897f977c3da31f9fe50c92a434c20957756bc7b9541e6?s=96&d=mm&r=g\",\"contentUrl\":\"https:\/\/secure.gravatar.com\/avatar\/8ddf925735e24fbbdda897f977c3da31f9fe50c92a434c20957756bc7b9541e6?s=96&d=mm&r=g\",\"caption\":\"Cosimo Albano\"},\"description\":\"Appassionato di calcio e fantacalcio da oltre venticinque anni, segue ogni stagione con lo stesso entusiasmo degli esordi. Da sempre interessato a statistiche, analisi e storie del mondo dello sport, scrive e revisiona articoli e testi editoriali, con particolare attenzione all\u2019accuratezza delle informazioni e alla qualit\u00e0 dei contenuti.\",\"url\":\"https:\/\/www.tennispassionzone.com\/it\/author\/cosimo-albano\/\"}]}<\/script>\n<!-- \/ Yoast SEO plugin. -->","yoast_head_json":{"title":"Atmane protesta per rifiuto trattamento crampi nel quinto set","description":"Terence Atmane, tennista francese, ha espresso forte disappunto per il rifiuto di un trattamento per crampi nel quinto set.","robots":{"index":"index","follow":"follow","max-snippet":"max-snippet:-1","max-image-preview":"max-image-preview:large","max-video-preview":"max-video-preview:-1"},"canonical":"https:\/\/www.tennispassionzone.com\/it\/personaggi\/giocatori\/atmane-furioso-agli-us-open-il-fisioterapista-nega-il-trattamento-lite-in-campo\/","og_locale":"it_IT","og_type":"article","og_title":"Atmane protesta per rifiuto trattamento crampi nel quinto set","og_description":"Terence Atmane, tennista francese, ha espresso forte disappunto per il rifiuto di un trattamento per crampi nel quinto set.","og_url":"https:\/\/www.tennispassionzone.com\/it\/personaggi\/giocatori\/atmane-furioso-agli-us-open-il-fisioterapista-nega-il-trattamento-lite-in-campo\/","og_site_name":"Tennis Passion Zone","article_published_time":"2026-08-31T09:04:06+00:00","article_modified_time":"2026-08-31T09:04:10+00:00","og_image":[{"width":2048,"height":1365,"url":"https:\/\/www.tennispassionzone.com\/wp-content\/uploads\/2026\/08\/paris-france-a-general-view-inside-court-six-during-the-mens-singles-first-round-match-between.jpg?v=1788172973","type":"image\/jpeg"}],"author":"Cosimo Albano","twitter_card":"summary_large_image","twitter_misc":{"Scritto da":"Cosimo Albano","Tempo di lettura stimato":"2 minuti"},"schema":{"@context":"https:\/\/schema.org","@graph":[{"@type":"Article","@id":"https:\/\/www.tennispassionzone.com\/it\/personaggi\/giocatori\/atmane-furioso-agli-us-open-il-fisioterapista-nega-il-trattamento-lite-in-campo\/#article","isPartOf":{"@id":"https:\/\/www.tennispassionzone.com\/it\/personaggi\/giocatori\/atmane-furioso-agli-us-open-il-fisioterapista-nega-il-trattamento-lite-in-campo\/"},"author":{"name":"Cosimo Albano","@id":"https:\/\/www.tennispassionzone.com\/it\/#\/schema\/person\/b11dbe6823422d3fd9a091fea2bec8e6"},"headline":"Atmane furioso agli US Open: il fisioterapista nega il trattamento, lite in campo","datePublished":"2026-08-31T09:04:06+00:00","dateModified":"2026-08-31T09:04:10+00:00","mainEntityOfPage":{"@id":"https:\/\/www.tennispassionzone.com\/it\/personaggi\/giocatori\/atmane-furioso-agli-us-open-il-fisioterapista-nega-il-trattamento-lite-in-campo\/"},"wordCount":276,"publisher":{"@id":"https:\/\/www.tennispassionzone.com\/it\/#organization"},"image":{"@id":"https:\/\/www.tennispassionzone.com\/it\/personaggi\/giocatori\/atmane-furioso-agli-us-open-il-fisioterapista-nega-il-trattamento-lite-in-campo\/#primaryimage"},"thumbnailUrl":"https:\/\/www.tennispassionzone.com\/wp-content\/uploads\/2026\/08\/paris-france-a-general-view-inside-court-six-during-the-mens-singles-first-round-match-between.jpg?v=1788172973","articleSection":["Giocatori","Notizie"],"inLanguage":"it-IT"},{"@type":"WebPage","@id":"https:\/\/www.tennispassionzone.com\/it\/personaggi\/giocatori\/atmane-furioso-agli-us-open-il-fisioterapista-nega-il-trattamento-lite-in-campo\/","url":"https:\/\/www.tennispassionzone.com\/it\/personaggi\/giocatori\/atmane-furioso-agli-us-open-il-fisioterapista-nega-il-trattamento-lite-in-campo\/","name":"Atmane protesta per rifiuto trattamento crampi nel quinto set","isPartOf":{"@id":"https:\/\/www.tennispassionzone.com\/it\/#website"},"primaryImageOfPage":{"@id":"https:\/\/www.tennispassionzone.com\/it\/personaggi\/giocatori\/atmane-furioso-agli-us-open-il-fisioterapista-nega-il-trattamento-lite-in-campo\/#primaryimage"},"image":{"@id":"https:\/\/www.tennispassionzone.com\/it\/personaggi\/giocatori\/atmane-furioso-agli-us-open-il-fisioterapista-nega-il-trattamento-lite-in-campo\/#primaryimage"},"thumbnailUrl":"https:\/\/www.tennispassionzone.com\/wp-content\/uploads\/2026\/08\/paris-france-a-general-view-inside-court-six-during-the-mens-singles-first-round-match-between.jpg?v=1788172973","datePublished":"2026-08-31T09:04:06+00:00","dateModified":"2026-08-31T09:04:10+00:00","description":"Terence Atmane, tennista francese, ha espresso forte disappunto per il rifiuto di un trattamento per crampi nel quinto set.","breadcrumb":{"@id":"https:\/\/www.tennispassionzone.com\/it\/personaggi\/giocatori\/atmane-furioso-agli-us-open-il-fisioterapista-nega-il-trattamento-lite-in-campo\/#breadcrumb"},"inLanguage":"it-IT","potentialAction":[{"@type":"ReadAction","target":["https:\/\/www.tennispassionzone.com\/it\/personaggi\/giocatori\/atmane-furioso-agli-us-open-il-fisioterapista-nega-il-trattamento-lite-in-campo\/"]}]},{"@type":"ImageObject","inLanguage":"it-IT","@id":"https:\/\/www.tennispassionzone.com\/it\/personaggi\/giocatori\/atmane-furioso-agli-us-open-il-fisioterapista-nega-il-trattamento-lite-in-campo\/#primaryimage","url":"https:\/\/www.tennispassionzone.com\/wp-content\/uploads\/2026\/08\/paris-france-a-general-view-inside-court-six-during-the-mens-singles-first-round-match-between.jpg?v=1788172973","contentUrl":"https:\/\/www.tennispassionzone.com\/wp-content\/uploads\/2026\/08\/paris-france-a-general-view-inside-court-six-during-the-mens-singles-first-round-match-between.jpg?v=1788172973","width":2048,"height":1365},{"@type":"BreadcrumbList","@id":"https:\/\/www.tennispassionzone.com\/it\/personaggi\/giocatori\/atmane-furioso-agli-us-open-il-fisioterapista-nega-il-trattamento-lite-in-campo\/#breadcrumb","itemListElement":[{"@type":"ListItem","position":1,"name":"Home","item":"https:\/\/www.tennispassionzone.com\/it\/"},{"@type":"ListItem","position":2,"name":"Personaggi","item":"https:\/\/www.tennispassionzone.com\/it\/personaggi\/"},{"@type":"ListItem","position":3,"name":"Giocatori","item":"https:\/\/www.tennispassionzone.com\/it\/personaggi\/giocatori\/"},{"@type":"ListItem","position":4,"name":"Atmane furioso agli US Open: il fisioterapista nega il trattamento, lite in campo"}]},{"@type":"WebSite","@id":"https:\/\/www.tennispassionzone.com\/it\/#website","url":"https:\/\/www.tennispassionzone.com\/it\/","name":"Tennis Passion Zone","description":"","publisher":{"@id":"https:\/\/www.tennispassionzone.com\/it\/#organization"},"potentialAction":[{"@type":"SearchAction","target":{"@type":"EntryPoint","urlTemplate":"https:\/\/www.tennispassionzone.com\/it\/?s={search_term_string}"},"query-input":{"@type":"PropertyValueSpecification","valueRequired":true,"valueName":"search_term_string"}}],"inLanguage":"it-IT"},{"@type":"Organization","@id":"https:\/\/www.tennispassionzone.com\/it\/#organization","name":"Tennis Passion Zone","url":"https:\/\/www.tennispassionzone.com\/it\/","logo":{"@type":"ImageObject","inLanguage":"it-IT","@id":"https:\/\/www.tennispassionzone.com\/it\/#\/schema\/logo\/image\/","url":"https:\/\/www.tennispassionzone.com\/wp-content\/uploads\/2025\/12\/Logo_tennis_passion-zone.png?v=1764615384","contentUrl":"https:\/\/www.tennispassionzone.com\/wp-content\/uploads\/2025\/12\/Logo_tennis_passion-zone.png?v=1764615384","width":450,"height":225,"caption":"Tennis Passion Zone"},"image":{"@id":"https:\/\/www.tennispassionzone.com\/it\/#\/schema\/logo\/image\/"}},{"@type":"Person","@id":"https:\/\/www.tennispassionzone.com\/it\/#\/schema\/person\/b11dbe6823422d3fd9a091fea2bec8e6","name":"Cosimo Albano","image":{"@type":"ImageObject","inLanguage":"it-IT","@id":"https:\/\/www.tennispassionzone.com\/it\/#\/schema\/person\/image\/","url":"https:\/\/secure.gravatar.com\/avatar\/8ddf925735e24fbbdda897f977c3da31f9fe50c92a434c20957756bc7b9541e6?s=96&d=mm&r=g","contentUrl":"https:\/\/secure.gravatar.com\/avatar\/8ddf925735e24fbbdda897f977c3da31f9fe50c92a434c20957756bc7b9541e6?s=96&d=mm&r=g","caption":"Cosimo Albano"},"description":"Appassionato di calcio e fantacalcio da oltre venticinque anni, segue ogni stagione con lo stesso entusiasmo degli esordi. Da sempre interessato a statistiche, analisi e storie del mondo dello sport, scrive e revisiona articoli e testi editoriali, con particolare attenzione all\u2019accuratezza delle informazioni e alla qualit\u00e0 dei contenuti.","url":"https:\/\/www.tennispassionzone.com\/it\/author\/cosimo-albano\/"}]}},"_links":{"self":[{"href":"https:\/\/www.tennispassionzone.com\/it\/wp-json\/wp\/v2\/posts\/85970","targetHints":{"allow":["GET"]}}],"collection":[{"href":"https:\/\/www.tennispassionzone.com\/it\/wp-json\/wp\/v2\/posts"}],"about":[{"href":"https:\/\/www.tennispassionzone.com\/it\/wp-json\/wp\/v2\/types\/post"}],"author":[{"embeddable":true,"href":"https:\/\/www.tennispassionzone.com\/it\/wp-json\/wp\/v2\/users\/19"}],"replies":[{"embeddable":true,"href":"https:\/\/www.tennispassionzone.com\/it\/wp-json\/wp\/v2\/comments?post=85970"}],"version-history":[{"count":1,"href":"https:\/\/www.tennispassionzone.com\/it\/wp-json\/wp\/v2\/posts\/85970\/revisions"}],"predecessor-version":[{"id":85972,"href":"https:\/\/www.tennispassionzone.com\/it\/wp-json\/wp\/v2\/posts\/85970\/revisions\/85972"}],"wp:featuredmedia":[{"embeddable":true,"href":"https:\/\/www.tennispassionzone.com\/it\/wp-json\/wp\/v2\/media\/85971"}],"wp:attachment":[{"href":"https:\/\/www.tennispassionzone.com\/it\/wp-json\/wp\/v2\/media?parent=85970"}],"wp:term":[{"taxonomy":"category","embeddable":true,"href":"https:\/\/www.tennispassionzone.com\/it\/wp-json\/wp\/v2\/categories?post=85970"},{"taxonomy":"post_tag","embeddable":true,"href":"https:\/\/www.tennispassionzone.com\/it\/wp-json\/wp\/v2\/tags?post=85970"}],"curies":[{"name":"wp","href":"https:\/\/api.w.org\/{rel}","templated":true}]}}