{"id":86013,"date":"2026-09-01T16:59:00","date_gmt":"2026-09-01T14:59:00","guid":{"rendered":"https:\/\/www.tennispassionzone.com\/?p=86013"},"modified":"2026-09-01T16:47:38","modified_gmt":"2026-09-01T14:47:38","slug":"sinner-verso-il-rientro-e-iscritto-allatp-500-di-pechino","status":"publish","type":"post","link":"https:\/\/www.tennispassionzone.com\/it\/atp\/sinner-verso-il-rientro-e-iscritto-allatp-500-di-pechino\/","title":{"rendered":"Sinner verso il rientro: \u00e8 iscritto all&#8217;ATP 500 di Pechino"},"content":{"rendered":"\n<p>Dopo il forfait agli <strong>US Open<\/strong> a causa del problema al ginocchio destro, <strong>Jannik Sinner<\/strong> ha confermato la volont\u00e0 di rientrare durante la tourn\u00e9e asiatica. Un primo segnale concreto \u00e8 arrivato dall&#8217;entry list ufficiale dell&#8217;<strong>ATP 500 di Pechino<\/strong>, torneo in programma dal <strong>30 settembre al 6 ottobre<\/strong>, dove compare il nome del numero uno del mondo.<\/p>\n\n\n\n<h2 class=\"wp-block-heading\">Obiettivo anche Shanghai<\/h2>\n\n\n\n<p>Il piano di recupero resta orientato verso il doppio appuntamento asiatico di <strong>Pechino<\/strong> e <strong>Shanghai<\/strong>, individuati fin dall&#8217;annuncio del forfait a New York come possibili tappe del rientro agonistico. Lo staff del tennista azzurro continua comunque a procedere con cautela per evitare ricadute e forzature.<\/p>\n\n\n\n<h2 class=\"wp-block-heading\">Iscrizione s\u00ec, presenza da confermare<\/h2>\n\n\n\n<p>La presenza nell&#8217;entry list non equivale per\u00f2 a una conferma definitiva della partecipazione. Molto dipender\u00e0 dall&#8217;evoluzione delle condizioni del ginocchio nelle prossime settimane. Al momento Pechino rappresenta il principale obiettivo per il ritorno in campo, ma la decisione finale verr\u00e0 presa solo quando Sinner e il suo team avranno la certezza di poter competere senza rischi.<\/p>\n\n\n\n<h2 class=\"wp-block-heading\">Entry list di altissimo livello<\/h2>\n\n\n\n<p>Oltre a Sinner, figurano tra gli iscritti anche <strong>Alexander Zverev<\/strong>, <strong>Novak Djokovic<\/strong>, <strong>Felix Auger-Aliassime<\/strong> e <strong>Flavio Cobolli<\/strong>, in un torneo che si preannuncia tra i pi\u00f9 competitivi dell&#8217;intera stagione asiatica.<\/p>\n","protected":false},"excerpt":{"rendered":"<p>Aggiornamenti su Sinner e la stagione asiatica.<\/p>\n","protected":false},"author":22,"featured_media":84484,"comment_status":"closed","ping_status":"open","sticky":false,"template":"","format":"standard","meta":{"_overwrite_by_ai":false,"footnotes":""},"categories":[5023,5032,5022],"tags":[],"class_list":["post-86013","post","type-post","status-publish","format-standard","has-post-thumbnail","hentry","category-atp","category-giocatori","category-notizie"],"acf":[],"yoast_head":"<!-- This site is optimized with the Yoast SEO plugin v26.8 - https:\/\/yoast.com\/product\/yoast-seo-wordpress\/ -->\n<title>Sinner verso il rientro: \u00e8 iscritto all&#039;ATP 500 di Pechino - Tennis Passion Zone<\/title>\n<meta name=\"robots\" content=\"index, follow, max-snippet:-1, max-image-preview:large, max-video-preview:-1\" \/>\n<link rel=\"canonical\" href=\"https:\/\/www.tennispassionzone.com\/it\/atp\/sinner-verso-il-rientro-e-iscritto-allatp-500-di-pechino\/\" \/>\n<meta property=\"og:locale\" content=\"it_IT\" \/>\n<meta property=\"og:type\" content=\"article\" \/>\n<meta property=\"og:title\" content=\"Sinner verso il rientro: \u00e8 iscritto all&#039;ATP 500 di Pechino - Tennis Passion Zone\" \/>\n<meta property=\"og:description\" content=\"Aggiornamenti su Sinner e la stagione asiatica.\" \/>\n<meta property=\"og:url\" content=\"https:\/\/www.tennispassionzone.com\/it\/atp\/sinner-verso-il-rientro-e-iscritto-allatp-500-di-pechino\/\" \/>\n<meta property=\"og:site_name\" content=\"Tennis Passion Zone\" \/>\n<meta property=\"article:published_time\" content=\"2026-09-01T14:59:00+00:00\" \/>\n<meta property=\"og:image\" content=\"https:\/\/www.tennispassionzone.com\/wp-content\/uploads\/2026\/07\/monte-carlo-monaco-jannik-sinner-of-italy-celebrates-a-point-against-tomas-machac-of-czechia.jpg?v=1783939931\" \/>\n\t<meta property=\"og:image:width\" content=\"2048\" \/>\n\t<meta property=\"og:image:height\" content=\"1268\" \/>\n\t<meta property=\"og:image:type\" content=\"image\/jpeg\" \/>\n<meta name=\"author\" content=\"Gabriele Rossi\" \/>\n<meta name=\"twitter:card\" content=\"summary_large_image\" \/>\n<meta name=\"twitter:label1\" content=\"Scritto da\" \/>\n\t<meta name=\"twitter:data1\" content=\"Gabriele Rossi\" \/>\n\t<meta name=\"twitter:label2\" content=\"Tempo di lettura stimato\" \/>\n\t<meta name=\"twitter:data2\" content=\"2 minuti\" \/>\n<script type=\"application\/ld+json\" class=\"yoast-schema-graph\">{\"@context\":\"https:\/\/schema.org\",\"@graph\":[{\"@type\":\"Article\",\"@id\":\"https:\/\/www.tennispassionzone.com\/it\/atp\/sinner-verso-il-rientro-e-iscritto-allatp-500-di-pechino\/#article\",\"isPartOf\":{\"@id\":\"https:\/\/www.tennispassionzone.com\/it\/atp\/sinner-verso-il-rientro-e-iscritto-allatp-500-di-pechino\/\"},\"author\":{\"name\":\"Gabriele Rossi\",\"@id\":\"https:\/\/www.tennispassionzone.com\/it\/#\/schema\/person\/b9c262bd9834410177e11e301758b2a4\"},\"headline\":\"Sinner verso il rientro: \u00e8 iscritto all&#8217;ATP 500 di Pechino\",\"datePublished\":\"2026-09-01T14:59:00+00:00\",\"mainEntityOfPage\":{\"@id\":\"https:\/\/www.tennispassionzone.com\/it\/atp\/sinner-verso-il-rientro-e-iscritto-allatp-500-di-pechino\/\"},\"wordCount\":212,\"publisher\":{\"@id\":\"https:\/\/www.tennispassionzone.com\/it\/#organization\"},\"image\":{\"@id\":\"https:\/\/www.tennispassionzone.com\/it\/atp\/sinner-verso-il-rientro-e-iscritto-allatp-500-di-pechino\/#primaryimage\"},\"thumbnailUrl\":\"https:\/\/www.tennispassionzone.com\/wp-content\/uploads\/2026\/07\/monte-carlo-monaco-jannik-sinner-of-italy-celebrates-a-point-against-tomas-machac-of-czechia.jpg?v=1783939931\",\"articleSection\":[\"ATP\",\"Giocatori\",\"Notizie\"],\"inLanguage\":\"it-IT\"},{\"@type\":\"WebPage\",\"@id\":\"https:\/\/www.tennispassionzone.com\/it\/atp\/sinner-verso-il-rientro-e-iscritto-allatp-500-di-pechino\/\",\"url\":\"https:\/\/www.tennispassionzone.com\/it\/atp\/sinner-verso-il-rientro-e-iscritto-allatp-500-di-pechino\/\",\"name\":\"Sinner verso il rientro: \u00e8 iscritto all'ATP 500 di Pechino - Tennis Passion Zone\",\"isPartOf\":{\"@id\":\"https:\/\/www.tennispassionzone.com\/it\/#website\"},\"primaryImageOfPage\":{\"@id\":\"https:\/\/www.tennispassionzone.com\/it\/atp\/sinner-verso-il-rientro-e-iscritto-allatp-500-di-pechino\/#primaryimage\"},\"image\":{\"@id\":\"https:\/\/www.tennispassionzone.com\/it\/atp\/sinner-verso-il-rientro-e-iscritto-allatp-500-di-pechino\/#primaryimage\"},\"thumbnailUrl\":\"https:\/\/www.tennispassionzone.com\/wp-content\/uploads\/2026\/07\/monte-carlo-monaco-jannik-sinner-of-italy-celebrates-a-point-against-tomas-machac-of-czechia.jpg?v=1783939931\",\"datePublished\":\"2026-09-01T14:59:00+00:00\",\"breadcrumb\":{\"@id\":\"https:\/\/www.tennispassionzone.com\/it\/atp\/sinner-verso-il-rientro-e-iscritto-allatp-500-di-pechino\/#breadcrumb\"},\"inLanguage\":\"it-IT\",\"potentialAction\":[{\"@type\":\"ReadAction\",\"target\":[\"https:\/\/www.tennispassionzone.com\/it\/atp\/sinner-verso-il-rientro-e-iscritto-allatp-500-di-pechino\/\"]}]},{\"@type\":\"ImageObject\",\"inLanguage\":\"it-IT\",\"@id\":\"https:\/\/www.tennispassionzone.com\/it\/atp\/sinner-verso-il-rientro-e-iscritto-allatp-500-di-pechino\/#primaryimage\",\"url\":\"https:\/\/www.tennispassionzone.com\/wp-content\/uploads\/2026\/07\/monte-carlo-monaco-jannik-sinner-of-italy-celebrates-a-point-against-tomas-machac-of-czechia.jpg?v=1783939931\",\"contentUrl\":\"https:\/\/www.tennispassionzone.com\/wp-content\/uploads\/2026\/07\/monte-carlo-monaco-jannik-sinner-of-italy-celebrates-a-point-against-tomas-machac-of-czechia.jpg?v=1783939931\",\"width\":2048,\"height\":1268},{\"@type\":\"BreadcrumbList\",\"@id\":\"https:\/\/www.tennispassionzone.com\/it\/atp\/sinner-verso-il-rientro-e-iscritto-allatp-500-di-pechino\/#breadcrumb\",\"itemListElement\":[{\"@type\":\"ListItem\",\"position\":1,\"name\":\"Home\",\"item\":\"https:\/\/www.tennispassionzone.com\/it\/\"},{\"@type\":\"ListItem\",\"position\":2,\"name\":\"ATP\",\"item\":\"https:\/\/www.tennispassionzone.com\/it\/atp\/\"},{\"@type\":\"ListItem\",\"position\":3,\"name\":\"Sinner verso il rientro: \u00e8 iscritto all&#8217;ATP 500 di Pechino\"}]},{\"@type\":\"WebSite\",\"@id\":\"https:\/\/www.tennispassionzone.com\/it\/#website\",\"url\":\"https:\/\/www.tennispassionzone.com\/it\/\",\"name\":\"Tennis Passion Zone\",\"description\":\"\",\"publisher\":{\"@id\":\"https:\/\/www.tennispassionzone.com\/it\/#organization\"},\"potentialAction\":[{\"@type\":\"SearchAction\",\"target\":{\"@type\":\"EntryPoint\",\"urlTemplate\":\"https:\/\/www.tennispassionzone.com\/it\/?s={search_term_string}\"},\"query-input\":{\"@type\":\"PropertyValueSpecification\",\"valueRequired\":true,\"valueName\":\"search_term_string\"}}],\"inLanguage\":\"it-IT\"},{\"@type\":\"Organization\",\"@id\":\"https:\/\/www.tennispassionzone.com\/it\/#organization\",\"name\":\"Tennis Passion Zone\",\"url\":\"https:\/\/www.tennispassionzone.com\/it\/\",\"logo\":{\"@type\":\"ImageObject\",\"inLanguage\":\"it-IT\",\"@id\":\"https:\/\/www.tennispassionzone.com\/it\/#\/schema\/logo\/image\/\",\"url\":\"https:\/\/www.tennispassionzone.com\/wp-content\/uploads\/2025\/12\/Logo_tennis_passion-zone.png?v=1764615384\",\"contentUrl\":\"https:\/\/www.tennispassionzone.com\/wp-content\/uploads\/2025\/12\/Logo_tennis_passion-zone.png?v=1764615384\",\"width\":450,\"height\":225,\"caption\":\"Tennis Passion Zone\"},\"image\":{\"@id\":\"https:\/\/www.tennispassionzone.com\/it\/#\/schema\/logo\/image\/\"}},{\"@type\":\"Person\",\"@id\":\"https:\/\/www.tennispassionzone.com\/it\/#\/schema\/person\/b9c262bd9834410177e11e301758b2a4\",\"name\":\"Gabriele Rossi\",\"image\":{\"@type\":\"ImageObject\",\"inLanguage\":\"it-IT\",\"@id\":\"https:\/\/www.tennispassionzone.com\/it\/#\/schema\/person\/image\/\",\"url\":\"https:\/\/secure.gravatar.com\/avatar\/0ceb236bcc0b754bfdc9d4b86dd50f4b60debf1f4e4142e83d6673fe2157300c?s=96&d=mm&r=g\",\"contentUrl\":\"https:\/\/secure.gravatar.com\/avatar\/0ceb236bcc0b754bfdc9d4b86dd50f4b60debf1f4e4142e83d6673fe2157300c?s=96&d=mm&r=g\",\"caption\":\"Gabriele Rossi\"},\"description\":\"Toscano di origine, divide il proprio tempo tra la Versilia e Milano. Nonostante un percorso accademico nel campo dell\u2019ingegneria, con particolare attenzione alle tecnologie radar ed ai sistemi d\u2019antenna, una forte passione per il calcio lo accompagna fin da bambino. Prima sul campo e, poi, attraverso lo studio di partite, schemi, dati ed analisi, \u00e8 riuscito a trasformare questo interesse in diverse collaborazioni con realt\u00e0 online dedicate al calcio ed al fantacalcio, contribuendo con articoli, approfondimenti e contenuti per la community. L'obiettivo \u00e8 quello di coniugare l\u2019approccio analitico e statistico con quello umano, raccontando il calcio attraverso ci\u00f2 che accade sia nei numeri sia nelle storie dei protagonisti, mantenendo sempre una visione attuale sul panorama calcistico nazionale ed internazionale.\",\"url\":\"https:\/\/www.tennispassionzone.com\/it\/author\/gabriele-rossi\/\"}]}<\/script>\n<!-- \/ Yoast SEO plugin. -->","yoast_head_json":{"title":"Sinner verso il rientro: \u00e8 iscritto all'ATP 500 di Pechino - Tennis Passion Zone","robots":{"index":"index","follow":"follow","max-snippet":"max-snippet:-1","max-image-preview":"max-image-preview:large","max-video-preview":"max-video-preview:-1"},"canonical":"https:\/\/www.tennispassionzone.com\/it\/atp\/sinner-verso-il-rientro-e-iscritto-allatp-500-di-pechino\/","og_locale":"it_IT","og_type":"article","og_title":"Sinner verso il rientro: \u00e8 iscritto all'ATP 500 di Pechino - Tennis Passion Zone","og_description":"Aggiornamenti su Sinner e la stagione asiatica.","og_url":"https:\/\/www.tennispassionzone.com\/it\/atp\/sinner-verso-il-rientro-e-iscritto-allatp-500-di-pechino\/","og_site_name":"Tennis Passion Zone","article_published_time":"2026-09-01T14:59:00+00:00","og_image":[{"width":2048,"height":1268,"url":"https:\/\/www.tennispassionzone.com\/wp-content\/uploads\/2026\/07\/monte-carlo-monaco-jannik-sinner-of-italy-celebrates-a-point-against-tomas-machac-of-czechia.jpg?v=1783939931","type":"image\/jpeg"}],"author":"Gabriele Rossi","twitter_card":"summary_large_image","twitter_misc":{"Scritto da":"Gabriele Rossi","Tempo di lettura stimato":"2 minuti"},"schema":{"@context":"https:\/\/schema.org","@graph":[{"@type":"Article","@id":"https:\/\/www.tennispassionzone.com\/it\/atp\/sinner-verso-il-rientro-e-iscritto-allatp-500-di-pechino\/#article","isPartOf":{"@id":"https:\/\/www.tennispassionzone.com\/it\/atp\/sinner-verso-il-rientro-e-iscritto-allatp-500-di-pechino\/"},"author":{"name":"Gabriele Rossi","@id":"https:\/\/www.tennispassionzone.com\/it\/#\/schema\/person\/b9c262bd9834410177e11e301758b2a4"},"headline":"Sinner verso il rientro: \u00e8 iscritto all&#8217;ATP 500 di Pechino","datePublished":"2026-09-01T14:59:00+00:00","mainEntityOfPage":{"@id":"https:\/\/www.tennispassionzone.com\/it\/atp\/sinner-verso-il-rientro-e-iscritto-allatp-500-di-pechino\/"},"wordCount":212,"publisher":{"@id":"https:\/\/www.tennispassionzone.com\/it\/#organization"},"image":{"@id":"https:\/\/www.tennispassionzone.com\/it\/atp\/sinner-verso-il-rientro-e-iscritto-allatp-500-di-pechino\/#primaryimage"},"thumbnailUrl":"https:\/\/www.tennispassionzone.com\/wp-content\/uploads\/2026\/07\/monte-carlo-monaco-jannik-sinner-of-italy-celebrates-a-point-against-tomas-machac-of-czechia.jpg?v=1783939931","articleSection":["ATP","Giocatori","Notizie"],"inLanguage":"it-IT"},{"@type":"WebPage","@id":"https:\/\/www.tennispassionzone.com\/it\/atp\/sinner-verso-il-rientro-e-iscritto-allatp-500-di-pechino\/","url":"https:\/\/www.tennispassionzone.com\/it\/atp\/sinner-verso-il-rientro-e-iscritto-allatp-500-di-pechino\/","name":"Sinner verso il rientro: \u00e8 iscritto all'ATP 500 di Pechino - Tennis Passion Zone","isPartOf":{"@id":"https:\/\/www.tennispassionzone.com\/it\/#website"},"primaryImageOfPage":{"@id":"https:\/\/www.tennispassionzone.com\/it\/atp\/sinner-verso-il-rientro-e-iscritto-allatp-500-di-pechino\/#primaryimage"},"image":{"@id":"https:\/\/www.tennispassionzone.com\/it\/atp\/sinner-verso-il-rientro-e-iscritto-allatp-500-di-pechino\/#primaryimage"},"thumbnailUrl":"https:\/\/www.tennispassionzone.com\/wp-content\/uploads\/2026\/07\/monte-carlo-monaco-jannik-sinner-of-italy-celebrates-a-point-against-tomas-machac-of-czechia.jpg?v=1783939931","datePublished":"2026-09-01T14:59:00+00:00","breadcrumb":{"@id":"https:\/\/www.tennispassionzone.com\/it\/atp\/sinner-verso-il-rientro-e-iscritto-allatp-500-di-pechino\/#breadcrumb"},"inLanguage":"it-IT","potentialAction":[{"@type":"ReadAction","target":["https:\/\/www.tennispassionzone.com\/it\/atp\/sinner-verso-il-rientro-e-iscritto-allatp-500-di-pechino\/"]}]},{"@type":"ImageObject","inLanguage":"it-IT","@id":"https:\/\/www.tennispassionzone.com\/it\/atp\/sinner-verso-il-rientro-e-iscritto-allatp-500-di-pechino\/#primaryimage","url":"https:\/\/www.tennispassionzone.com\/wp-content\/uploads\/2026\/07\/monte-carlo-monaco-jannik-sinner-of-italy-celebrates-a-point-against-tomas-machac-of-czechia.jpg?v=1783939931","contentUrl":"https:\/\/www.tennispassionzone.com\/wp-content\/uploads\/2026\/07\/monte-carlo-monaco-jannik-sinner-of-italy-celebrates-a-point-against-tomas-machac-of-czechia.jpg?v=1783939931","width":2048,"height":1268},{"@type":"BreadcrumbList","@id":"https:\/\/www.tennispassionzone.com\/it\/atp\/sinner-verso-il-rientro-e-iscritto-allatp-500-di-pechino\/#breadcrumb","itemListElement":[{"@type":"ListItem","position":1,"name":"Home","item":"https:\/\/www.tennispassionzone.com\/it\/"},{"@type":"ListItem","position":2,"name":"ATP","item":"https:\/\/www.tennispassionzone.com\/it\/atp\/"},{"@type":"ListItem","position":3,"name":"Sinner verso il rientro: \u00e8 iscritto all&#8217;ATP 500 di Pechino"}]},{"@type":"WebSite","@id":"https:\/\/www.tennispassionzone.com\/it\/#website","url":"https:\/\/www.tennispassionzone.com\/it\/","name":"Tennis Passion Zone","description":"","publisher":{"@id":"https:\/\/www.tennispassionzone.com\/it\/#organization"},"potentialAction":[{"@type":"SearchAction","target":{"@type":"EntryPoint","urlTemplate":"https:\/\/www.tennispassionzone.com\/it\/?s={search_term_string}"},"query-input":{"@type":"PropertyValueSpecification","valueRequired":true,"valueName":"search_term_string"}}],"inLanguage":"it-IT"},{"@type":"Organization","@id":"https:\/\/www.tennispassionzone.com\/it\/#organization","name":"Tennis Passion Zone","url":"https:\/\/www.tennispassionzone.com\/it\/","logo":{"@type":"ImageObject","inLanguage":"it-IT","@id":"https:\/\/www.tennispassionzone.com\/it\/#\/schema\/logo\/image\/","url":"https:\/\/www.tennispassionzone.com\/wp-content\/uploads\/2025\/12\/Logo_tennis_passion-zone.png?v=1764615384","contentUrl":"https:\/\/www.tennispassionzone.com\/wp-content\/uploads\/2025\/12\/Logo_tennis_passion-zone.png?v=1764615384","width":450,"height":225,"caption":"Tennis Passion Zone"},"image":{"@id":"https:\/\/www.tennispassionzone.com\/it\/#\/schema\/logo\/image\/"}},{"@type":"Person","@id":"https:\/\/www.tennispassionzone.com\/it\/#\/schema\/person\/b9c262bd9834410177e11e301758b2a4","name":"Gabriele Rossi","image":{"@type":"ImageObject","inLanguage":"it-IT","@id":"https:\/\/www.tennispassionzone.com\/it\/#\/schema\/person\/image\/","url":"https:\/\/secure.gravatar.com\/avatar\/0ceb236bcc0b754bfdc9d4b86dd50f4b60debf1f4e4142e83d6673fe2157300c?s=96&d=mm&r=g","contentUrl":"https:\/\/secure.gravatar.com\/avatar\/0ceb236bcc0b754bfdc9d4b86dd50f4b60debf1f4e4142e83d6673fe2157300c?s=96&d=mm&r=g","caption":"Gabriele Rossi"},"description":"Toscano di origine, divide il proprio tempo tra la Versilia e Milano. Nonostante un percorso accademico nel campo dell\u2019ingegneria, con particolare attenzione alle tecnologie radar ed ai sistemi d\u2019antenna, una forte passione per il calcio lo accompagna fin da bambino. Prima sul campo e, poi, attraverso lo studio di partite, schemi, dati ed analisi, \u00e8 riuscito a trasformare questo interesse in diverse collaborazioni con realt\u00e0 online dedicate al calcio ed al fantacalcio, contribuendo con articoli, approfondimenti e contenuti per la community. L'obiettivo \u00e8 quello di coniugare l\u2019approccio analitico e statistico con quello umano, raccontando il calcio attraverso ci\u00f2 che accade sia nei numeri sia nelle storie dei protagonisti, mantenendo sempre una visione attuale sul panorama calcistico nazionale ed internazionale.","url":"https:\/\/www.tennispassionzone.com\/it\/author\/gabriele-rossi\/"}]}},"_links":{"self":[{"href":"https:\/\/www.tennispassionzone.com\/it\/wp-json\/wp\/v2\/posts\/86013","targetHints":{"allow":["GET"]}}],"collection":[{"href":"https:\/\/www.tennispassionzone.com\/it\/wp-json\/wp\/v2\/posts"}],"about":[{"href":"https:\/\/www.tennispassionzone.com\/it\/wp-json\/wp\/v2\/types\/post"}],"author":[{"embeddable":true,"href":"https:\/\/www.tennispassionzone.com\/it\/wp-json\/wp\/v2\/users\/22"}],"replies":[{"embeddable":true,"href":"https:\/\/www.tennispassionzone.com\/it\/wp-json\/wp\/v2\/comments?post=86013"}],"version-history":[{"count":1,"href":"https:\/\/www.tennispassionzone.com\/it\/wp-json\/wp\/v2\/posts\/86013\/revisions"}],"predecessor-version":[{"id":86014,"href":"https:\/\/www.tennispassionzone.com\/it\/wp-json\/wp\/v2\/posts\/86013\/revisions\/86014"}],"wp:featuredmedia":[{"embeddable":true,"href":"https:\/\/www.tennispassionzone.com\/it\/wp-json\/wp\/v2\/media\/84484"}],"wp:attachment":[{"href":"https:\/\/www.tennispassionzone.com\/it\/wp-json\/wp\/v2\/media?parent=86013"}],"wp:term":[{"taxonomy":"category","embeddable":true,"href":"https:\/\/www.tennispassionzone.com\/it\/wp-json\/wp\/v2\/categories?post=86013"},{"taxonomy":"post_tag","embeddable":true,"href":"https:\/\/www.tennispassionzone.com\/it\/wp-json\/wp\/v2\/tags?post=86013"}],"curies":[{"name":"wp","href":"https:\/\/api.w.org\/{rel}","templated":true}]}}