{"id":86056,"date":"2026-09-02T12:43:00","date_gmt":"2026-09-02T10:43:00","guid":{"rendered":"https:\/\/www.tennispassionzone.com\/?p=86056"},"modified":"2026-09-02T11:10:28","modified_gmt":"2026-09-02T09:10:28","slug":"eleonora-mauro-e-il-ct-firenze-a-caccia-del-tricolore-la-sfida-under-16-parte-dalle-cascine","status":"publish","type":"post","link":"https:\/\/www.tennispassionzone.com\/it\/notizie\/eleonora-mauro-e-il-ct-firenze-a-caccia-del-tricolore-la-sfida-under-16-parte-dalle-cascine\/","title":{"rendered":"Eleonora Mauro e il Ct Firenze a caccia del Tricolore: la sfida Under 16 parte dalle Cascine"},"content":{"rendered":"<p>La squadra femminile Under 16 del Circolo Tennis Firenze 1898 si prepara a giocarsi una fetta importante della stagione. Dall&#8217;11 al 13 settembre, sui campi di casa delle Cascine, Eleonora Mauro e le compagne Francesca Berretti, Chiara Bertaccini e Alice Soprani saranno impegnate nella fase di Macroarea.<\/p>\n<p>In palio c&#8217;\u00e8 un posto alle finali nazionali per il titolo italiano. Il fattore campo accompagner\u00e0 quindi le giovani tenniste fiorentine in un appuntamento che pu\u00f2 spalancare loro le porte dell&#8217;ultimo atto della competizione.<\/p>\n<h2>Quattro regioni in campo alle Cascine<\/h2>\n<p>La fase di Macroarea riunir\u00e0 quattro formazioni provenienti da Marche, Umbria, Emilia-Romagna e Toscana. Il CT Firenze rappresenter\u00e0 la regione ospitante e potr\u00e0 contare sul sostegno del proprio pubblico e sulla conoscenza dei campi.<\/p>\n<p>La squadra che riuscir\u00e0 a superare questo appuntamento acceder\u00e0 direttamente alle finali nazionali. Il titolo italiano Under 16 sar\u00e0 assegnato dal 18 al 20 settembre al The Village di Grosseto.<\/p>\n<p>Per arrivarci, per\u00f2, servir\u00e0 prima superare il confronto alle Cascine. Tre giorni nei quali la formazione fiorentina prover\u00e0 a sfruttare ogni dettaglio per conquistare la qualificazione.<\/p>\n<h2>Un periodo intenso per il CT Firenze<\/h2>\n<p>L&#8217;appuntamento con la fase di Macroarea arriva in un momento particolarmente ricco per il circolo. Il presidente Carlo Pennisi ha sottolineato il buon momento attraversato dalla struttura: \u00ab\u00c8 un ottimo momento per il tennis e per il nostro circolo\u00bb.<\/p>\n<p>Il calendario dei prossimi mesi conferma il fermento. Il CT Firenze ospiter\u00e0 infatti una tappa del circuito Doremi riservato agli Under 9, i nuovi corsi e, a ottobre, il Master del circuito Women&#8217;s Cup.<\/p>\n<p>Prima di questi appuntamenti, per\u00f2, l&#8217;attenzione sar\u00e0 tutta sulle Under 16. Eleonora Mauro, Berretti, Bertaccini e Soprani avranno tre giornate per provare a conquistare il pass per Grosseto e continuare a inseguire il sogno tricolore.<\/p>\n","protected":false},"excerpt":{"rendered":"<p>Eleonora Mauro e le sue compagne del Ct Firenze si giocano l&#8217;accesso alle finali nazionali Under 16. Dall&#8217;11 al 13 settembre la sfida sui campi di casa per un posto a Grosseto.<\/p>\n","protected":false},"author":19,"featured_media":86057,"comment_status":"closed","ping_status":"open","sticky":false,"template":"","format":"standard","meta":{"_overwrite_by_ai":false,"footnotes":""},"categories":[5052,5053,5033,5022],"tags":[],"class_list":["post-86056","post","type-post","status-publish","format-standard","has-post-thumbnail","hentry","category-allenamento","category-attrezzatura","category-giocatrici","category-notizie"],"acf":[],"yoast_head":"<!-- This site is optimized with the Yoast SEO plugin v26.8 - https:\/\/yoast.com\/product\/yoast-seo-wordpress\/ -->\n<title>Mauro e il Ct Firenze: sogno Tricolore Under 16 a Firenze<\/title>\n<meta name=\"description\" content=\"Eleonora Mauro e la squadra Under 16 del Ct Firenze giocano in casa la fase di Macroarea. L&#039;obiettivo \u00e8 la qualificazione alle finali nazionali.\" \/>\n<meta name=\"robots\" content=\"index, follow, max-snippet:-1, max-image-preview:large, max-video-preview:-1\" \/>\n<link rel=\"canonical\" href=\"https:\/\/www.tennispassionzone.com\/it\/notizie\/eleonora-mauro-e-il-ct-firenze-a-caccia-del-tricolore-la-sfida-under-16-parte-dalle-cascine\/\" \/>\n<meta property=\"og:locale\" content=\"it_IT\" \/>\n<meta property=\"og:type\" content=\"article\" \/>\n<meta property=\"og:title\" content=\"Mauro e il Ct Firenze: sogno Tricolore Under 16 a Firenze\" \/>\n<meta property=\"og:description\" content=\"Eleonora Mauro e la squadra Under 16 del Ct Firenze giocano in casa la fase di Macroarea. L&#039;obiettivo \u00e8 la qualificazione alle finali nazionali.\" \/>\n<meta property=\"og:url\" content=\"https:\/\/www.tennispassionzone.com\/it\/notizie\/eleonora-mauro-e-il-ct-firenze-a-caccia-del-tricolore-la-sfida-under-16-parte-dalle-cascine\/\" \/>\n<meta property=\"og:site_name\" content=\"Tennis Passion Zone\" \/>\n<meta property=\"article:published_time\" content=\"2026-09-02T10:43:00+00:00\" \/>\n<meta property=\"og:image\" content=\"https:\/\/www.tennispassionzone.com\/wp-content\/uploads\/2026\/09\/GettyImages-2210388599-scaled.jpg?v=1788345803\" \/>\n\t<meta property=\"og:image:width\" content=\"2560\" \/>\n\t<meta property=\"og:image:height\" content=\"1440\" \/>\n\t<meta property=\"og:image:type\" content=\"image\/jpeg\" \/>\n<meta name=\"author\" content=\"Cosimo Albano\" \/>\n<meta name=\"twitter:card\" content=\"summary_large_image\" \/>\n<meta name=\"twitter:label1\" content=\"Scritto da\" \/>\n\t<meta name=\"twitter:data1\" content=\"Cosimo Albano\" \/>\n\t<meta name=\"twitter:label2\" content=\"Tempo di lettura stimato\" \/>\n\t<meta name=\"twitter:data2\" content=\"2 minuti\" \/>\n<script type=\"application\/ld+json\" class=\"yoast-schema-graph\">{\"@context\":\"https:\/\/schema.org\",\"@graph\":[{\"@type\":\"Article\",\"@id\":\"https:\/\/www.tennispassionzone.com\/it\/notizie\/eleonora-mauro-e-il-ct-firenze-a-caccia-del-tricolore-la-sfida-under-16-parte-dalle-cascine\/#article\",\"isPartOf\":{\"@id\":\"https:\/\/www.tennispassionzone.com\/it\/notizie\/eleonora-mauro-e-il-ct-firenze-a-caccia-del-tricolore-la-sfida-under-16-parte-dalle-cascine\/\"},\"author\":{\"name\":\"Cosimo Albano\",\"@id\":\"https:\/\/www.tennispassionzone.com\/it\/#\/schema\/person\/b11dbe6823422d3fd9a091fea2bec8e6\"},\"headline\":\"Eleonora Mauro e il Ct Firenze a caccia del Tricolore: la sfida Under 16 parte dalle Cascine\",\"datePublished\":\"2026-09-02T10:43:00+00:00\",\"mainEntityOfPage\":{\"@id\":\"https:\/\/www.tennispassionzone.com\/it\/notizie\/eleonora-mauro-e-il-ct-firenze-a-caccia-del-tricolore-la-sfida-under-16-parte-dalle-cascine\/\"},\"wordCount\":303,\"publisher\":{\"@id\":\"https:\/\/www.tennispassionzone.com\/it\/#organization\"},\"image\":{\"@id\":\"https:\/\/www.tennispassionzone.com\/it\/notizie\/eleonora-mauro-e-il-ct-firenze-a-caccia-del-tricolore-la-sfida-under-16-parte-dalle-cascine\/#primaryimage\"},\"thumbnailUrl\":\"https:\/\/www.tennispassionzone.com\/wp-content\/uploads\/2026\/09\/GettyImages-2210388599-scaled.jpg?v=1788345803\",\"articleSection\":[\"Allenamento\",\"Attrezzatura\",\"Giocatrici\",\"Notizie\"],\"inLanguage\":\"it-IT\"},{\"@type\":\"WebPage\",\"@id\":\"https:\/\/www.tennispassionzone.com\/it\/notizie\/eleonora-mauro-e-il-ct-firenze-a-caccia-del-tricolore-la-sfida-under-16-parte-dalle-cascine\/\",\"url\":\"https:\/\/www.tennispassionzone.com\/it\/notizie\/eleonora-mauro-e-il-ct-firenze-a-caccia-del-tricolore-la-sfida-under-16-parte-dalle-cascine\/\",\"name\":\"Mauro e il Ct Firenze: sogno Tricolore Under 16 a Firenze\",\"isPartOf\":{\"@id\":\"https:\/\/www.tennispassionzone.com\/it\/#website\"},\"primaryImageOfPage\":{\"@id\":\"https:\/\/www.tennispassionzone.com\/it\/notizie\/eleonora-mauro-e-il-ct-firenze-a-caccia-del-tricolore-la-sfida-under-16-parte-dalle-cascine\/#primaryimage\"},\"image\":{\"@id\":\"https:\/\/www.tennispassionzone.com\/it\/notizie\/eleonora-mauro-e-il-ct-firenze-a-caccia-del-tricolore-la-sfida-under-16-parte-dalle-cascine\/#primaryimage\"},\"thumbnailUrl\":\"https:\/\/www.tennispassionzone.com\/wp-content\/uploads\/2026\/09\/GettyImages-2210388599-scaled.jpg?v=1788345803\",\"datePublished\":\"2026-09-02T10:43:00+00:00\",\"description\":\"Eleonora Mauro e la squadra Under 16 del Ct Firenze giocano in casa la fase di Macroarea. L'obiettivo \u00e8 la qualificazione alle finali nazionali.\",\"breadcrumb\":{\"@id\":\"https:\/\/www.tennispassionzone.com\/it\/notizie\/eleonora-mauro-e-il-ct-firenze-a-caccia-del-tricolore-la-sfida-under-16-parte-dalle-cascine\/#breadcrumb\"},\"inLanguage\":\"it-IT\",\"potentialAction\":[{\"@type\":\"ReadAction\",\"target\":[\"https:\/\/www.tennispassionzone.com\/it\/notizie\/eleonora-mauro-e-il-ct-firenze-a-caccia-del-tricolore-la-sfida-under-16-parte-dalle-cascine\/\"]}]},{\"@type\":\"ImageObject\",\"inLanguage\":\"it-IT\",\"@id\":\"https:\/\/www.tennispassionzone.com\/it\/notizie\/eleonora-mauro-e-il-ct-firenze-a-caccia-del-tricolore-la-sfida-under-16-parte-dalle-cascine\/#primaryimage\",\"url\":\"https:\/\/www.tennispassionzone.com\/wp-content\/uploads\/2026\/09\/GettyImages-2210388599-scaled.jpg?v=1788345803\",\"contentUrl\":\"https:\/\/www.tennispassionzone.com\/wp-content\/uploads\/2026\/09\/GettyImages-2210388599-scaled.jpg?v=1788345803\",\"width\":2560,\"height\":1440},{\"@type\":\"BreadcrumbList\",\"@id\":\"https:\/\/www.tennispassionzone.com\/it\/notizie\/eleonora-mauro-e-il-ct-firenze-a-caccia-del-tricolore-la-sfida-under-16-parte-dalle-cascine\/#breadcrumb\",\"itemListElement\":[{\"@type\":\"ListItem\",\"position\":1,\"name\":\"Home\",\"item\":\"https:\/\/www.tennispassionzone.com\/it\/\"},{\"@type\":\"ListItem\",\"position\":2,\"name\":\"Notizie\",\"item\":\"https:\/\/www.tennispassionzone.com\/it\/notizie\/\"},{\"@type\":\"ListItem\",\"position\":3,\"name\":\"Eleonora Mauro e il Ct Firenze a caccia del Tricolore: la sfida Under 16 parte dalle Cascine\"}]},{\"@type\":\"WebSite\",\"@id\":\"https:\/\/www.tennispassionzone.com\/it\/#website\",\"url\":\"https:\/\/www.tennispassionzone.com\/it\/\",\"name\":\"Tennis Passion Zone\",\"description\":\"\",\"publisher\":{\"@id\":\"https:\/\/www.tennispassionzone.com\/it\/#organization\"},\"potentialAction\":[{\"@type\":\"SearchAction\",\"target\":{\"@type\":\"EntryPoint\",\"urlTemplate\":\"https:\/\/www.tennispassionzone.com\/it\/?s={search_term_string}\"},\"query-input\":{\"@type\":\"PropertyValueSpecification\",\"valueRequired\":true,\"valueName\":\"search_term_string\"}}],\"inLanguage\":\"it-IT\"},{\"@type\":\"Organization\",\"@id\":\"https:\/\/www.tennispassionzone.com\/it\/#organization\",\"name\":\"Tennis Passion Zone\",\"url\":\"https:\/\/www.tennispassionzone.com\/it\/\",\"logo\":{\"@type\":\"ImageObject\",\"inLanguage\":\"it-IT\",\"@id\":\"https:\/\/www.tennispassionzone.com\/it\/#\/schema\/logo\/image\/\",\"url\":\"https:\/\/www.tennispassionzone.com\/wp-content\/uploads\/2025\/12\/Logo_tennis_passion-zone.png?v=1764615384\",\"contentUrl\":\"https:\/\/www.tennispassionzone.com\/wp-content\/uploads\/2025\/12\/Logo_tennis_passion-zone.png?v=1764615384\",\"width\":450,\"height\":225,\"caption\":\"Tennis Passion Zone\"},\"image\":{\"@id\":\"https:\/\/www.tennispassionzone.com\/it\/#\/schema\/logo\/image\/\"}},{\"@type\":\"Person\",\"@id\":\"https:\/\/www.tennispassionzone.com\/it\/#\/schema\/person\/b11dbe6823422d3fd9a091fea2bec8e6\",\"name\":\"Cosimo Albano\",\"image\":{\"@type\":\"ImageObject\",\"inLanguage\":\"it-IT\",\"@id\":\"https:\/\/www.tennispassionzone.com\/it\/#\/schema\/person\/image\/\",\"url\":\"https:\/\/secure.gravatar.com\/avatar\/8ddf925735e24fbbdda897f977c3da31f9fe50c92a434c20957756bc7b9541e6?s=96&d=mm&r=g\",\"contentUrl\":\"https:\/\/secure.gravatar.com\/avatar\/8ddf925735e24fbbdda897f977c3da31f9fe50c92a434c20957756bc7b9541e6?s=96&d=mm&r=g\",\"caption\":\"Cosimo Albano\"},\"description\":\"Appassionato di calcio e fantacalcio da oltre venticinque anni, segue ogni stagione con lo stesso entusiasmo degli esordi. Da sempre interessato a statistiche, analisi e storie del mondo dello sport, scrive e revisiona articoli e testi editoriali, con particolare attenzione all\u2019accuratezza delle informazioni e alla qualit\u00e0 dei contenuti.\",\"url\":\"https:\/\/www.tennispassionzone.com\/it\/author\/cosimo-albano\/\"}]}<\/script>\n<!-- \/ Yoast SEO plugin. -->","yoast_head_json":{"title":"Mauro e il Ct Firenze: sogno Tricolore Under 16 a Firenze","description":"Eleonora Mauro e la squadra Under 16 del Ct Firenze giocano in casa la fase di Macroarea. L'obiettivo \u00e8 la qualificazione alle finali nazionali.","robots":{"index":"index","follow":"follow","max-snippet":"max-snippet:-1","max-image-preview":"max-image-preview:large","max-video-preview":"max-video-preview:-1"},"canonical":"https:\/\/www.tennispassionzone.com\/it\/notizie\/eleonora-mauro-e-il-ct-firenze-a-caccia-del-tricolore-la-sfida-under-16-parte-dalle-cascine\/","og_locale":"it_IT","og_type":"article","og_title":"Mauro e il Ct Firenze: sogno Tricolore Under 16 a Firenze","og_description":"Eleonora Mauro e la squadra Under 16 del Ct Firenze giocano in casa la fase di Macroarea. L'obiettivo \u00e8 la qualificazione alle finali nazionali.","og_url":"https:\/\/www.tennispassionzone.com\/it\/notizie\/eleonora-mauro-e-il-ct-firenze-a-caccia-del-tricolore-la-sfida-under-16-parte-dalle-cascine\/","og_site_name":"Tennis Passion Zone","article_published_time":"2026-09-02T10:43:00+00:00","og_image":[{"width":2560,"height":1440,"url":"https:\/\/www.tennispassionzone.com\/wp-content\/uploads\/2026\/09\/GettyImages-2210388599-scaled.jpg?v=1788345803","type":"image\/jpeg"}],"author":"Cosimo Albano","twitter_card":"summary_large_image","twitter_misc":{"Scritto da":"Cosimo Albano","Tempo di lettura stimato":"2 minuti"},"schema":{"@context":"https:\/\/schema.org","@graph":[{"@type":"Article","@id":"https:\/\/www.tennispassionzone.com\/it\/notizie\/eleonora-mauro-e-il-ct-firenze-a-caccia-del-tricolore-la-sfida-under-16-parte-dalle-cascine\/#article","isPartOf":{"@id":"https:\/\/www.tennispassionzone.com\/it\/notizie\/eleonora-mauro-e-il-ct-firenze-a-caccia-del-tricolore-la-sfida-under-16-parte-dalle-cascine\/"},"author":{"name":"Cosimo Albano","@id":"https:\/\/www.tennispassionzone.com\/it\/#\/schema\/person\/b11dbe6823422d3fd9a091fea2bec8e6"},"headline":"Eleonora Mauro e il Ct Firenze a caccia del Tricolore: la sfida Under 16 parte dalle Cascine","datePublished":"2026-09-02T10:43:00+00:00","mainEntityOfPage":{"@id":"https:\/\/www.tennispassionzone.com\/it\/notizie\/eleonora-mauro-e-il-ct-firenze-a-caccia-del-tricolore-la-sfida-under-16-parte-dalle-cascine\/"},"wordCount":303,"publisher":{"@id":"https:\/\/www.tennispassionzone.com\/it\/#organization"},"image":{"@id":"https:\/\/www.tennispassionzone.com\/it\/notizie\/eleonora-mauro-e-il-ct-firenze-a-caccia-del-tricolore-la-sfida-under-16-parte-dalle-cascine\/#primaryimage"},"thumbnailUrl":"https:\/\/www.tennispassionzone.com\/wp-content\/uploads\/2026\/09\/GettyImages-2210388599-scaled.jpg?v=1788345803","articleSection":["Allenamento","Attrezzatura","Giocatrici","Notizie"],"inLanguage":"it-IT"},{"@type":"WebPage","@id":"https:\/\/www.tennispassionzone.com\/it\/notizie\/eleonora-mauro-e-il-ct-firenze-a-caccia-del-tricolore-la-sfida-under-16-parte-dalle-cascine\/","url":"https:\/\/www.tennispassionzone.com\/it\/notizie\/eleonora-mauro-e-il-ct-firenze-a-caccia-del-tricolore-la-sfida-under-16-parte-dalle-cascine\/","name":"Mauro e il Ct Firenze: sogno Tricolore Under 16 a Firenze","isPartOf":{"@id":"https:\/\/www.tennispassionzone.com\/it\/#website"},"primaryImageOfPage":{"@id":"https:\/\/www.tennispassionzone.com\/it\/notizie\/eleonora-mauro-e-il-ct-firenze-a-caccia-del-tricolore-la-sfida-under-16-parte-dalle-cascine\/#primaryimage"},"image":{"@id":"https:\/\/www.tennispassionzone.com\/it\/notizie\/eleonora-mauro-e-il-ct-firenze-a-caccia-del-tricolore-la-sfida-under-16-parte-dalle-cascine\/#primaryimage"},"thumbnailUrl":"https:\/\/www.tennispassionzone.com\/wp-content\/uploads\/2026\/09\/GettyImages-2210388599-scaled.jpg?v=1788345803","datePublished":"2026-09-02T10:43:00+00:00","description":"Eleonora Mauro e la squadra Under 16 del Ct Firenze giocano in casa la fase di Macroarea. L'obiettivo \u00e8 la qualificazione alle finali nazionali.","breadcrumb":{"@id":"https:\/\/www.tennispassionzone.com\/it\/notizie\/eleonora-mauro-e-il-ct-firenze-a-caccia-del-tricolore-la-sfida-under-16-parte-dalle-cascine\/#breadcrumb"},"inLanguage":"it-IT","potentialAction":[{"@type":"ReadAction","target":["https:\/\/www.tennispassionzone.com\/it\/notizie\/eleonora-mauro-e-il-ct-firenze-a-caccia-del-tricolore-la-sfida-under-16-parte-dalle-cascine\/"]}]},{"@type":"ImageObject","inLanguage":"it-IT","@id":"https:\/\/www.tennispassionzone.com\/it\/notizie\/eleonora-mauro-e-il-ct-firenze-a-caccia-del-tricolore-la-sfida-under-16-parte-dalle-cascine\/#primaryimage","url":"https:\/\/www.tennispassionzone.com\/wp-content\/uploads\/2026\/09\/GettyImages-2210388599-scaled.jpg?v=1788345803","contentUrl":"https:\/\/www.tennispassionzone.com\/wp-content\/uploads\/2026\/09\/GettyImages-2210388599-scaled.jpg?v=1788345803","width":2560,"height":1440},{"@type":"BreadcrumbList","@id":"https:\/\/www.tennispassionzone.com\/it\/notizie\/eleonora-mauro-e-il-ct-firenze-a-caccia-del-tricolore-la-sfida-under-16-parte-dalle-cascine\/#breadcrumb","itemListElement":[{"@type":"ListItem","position":1,"name":"Home","item":"https:\/\/www.tennispassionzone.com\/it\/"},{"@type":"ListItem","position":2,"name":"Notizie","item":"https:\/\/www.tennispassionzone.com\/it\/notizie\/"},{"@type":"ListItem","position":3,"name":"Eleonora Mauro e il Ct Firenze a caccia del Tricolore: la sfida Under 16 parte dalle Cascine"}]},{"@type":"WebSite","@id":"https:\/\/www.tennispassionzone.com\/it\/#website","url":"https:\/\/www.tennispassionzone.com\/it\/","name":"Tennis Passion Zone","description":"","publisher":{"@id":"https:\/\/www.tennispassionzone.com\/it\/#organization"},"potentialAction":[{"@type":"SearchAction","target":{"@type":"EntryPoint","urlTemplate":"https:\/\/www.tennispassionzone.com\/it\/?s={search_term_string}"},"query-input":{"@type":"PropertyValueSpecification","valueRequired":true,"valueName":"search_term_string"}}],"inLanguage":"it-IT"},{"@type":"Organization","@id":"https:\/\/www.tennispassionzone.com\/it\/#organization","name":"Tennis Passion Zone","url":"https:\/\/www.tennispassionzone.com\/it\/","logo":{"@type":"ImageObject","inLanguage":"it-IT","@id":"https:\/\/www.tennispassionzone.com\/it\/#\/schema\/logo\/image\/","url":"https:\/\/www.tennispassionzone.com\/wp-content\/uploads\/2025\/12\/Logo_tennis_passion-zone.png?v=1764615384","contentUrl":"https:\/\/www.tennispassionzone.com\/wp-content\/uploads\/2025\/12\/Logo_tennis_passion-zone.png?v=1764615384","width":450,"height":225,"caption":"Tennis Passion Zone"},"image":{"@id":"https:\/\/www.tennispassionzone.com\/it\/#\/schema\/logo\/image\/"}},{"@type":"Person","@id":"https:\/\/www.tennispassionzone.com\/it\/#\/schema\/person\/b11dbe6823422d3fd9a091fea2bec8e6","name":"Cosimo Albano","image":{"@type":"ImageObject","inLanguage":"it-IT","@id":"https:\/\/www.tennispassionzone.com\/it\/#\/schema\/person\/image\/","url":"https:\/\/secure.gravatar.com\/avatar\/8ddf925735e24fbbdda897f977c3da31f9fe50c92a434c20957756bc7b9541e6?s=96&d=mm&r=g","contentUrl":"https:\/\/secure.gravatar.com\/avatar\/8ddf925735e24fbbdda897f977c3da31f9fe50c92a434c20957756bc7b9541e6?s=96&d=mm&r=g","caption":"Cosimo Albano"},"description":"Appassionato di calcio e fantacalcio da oltre venticinque anni, segue ogni stagione con lo stesso entusiasmo degli esordi. Da sempre interessato a statistiche, analisi e storie del mondo dello sport, scrive e revisiona articoli e testi editoriali, con particolare attenzione all\u2019accuratezza delle informazioni e alla qualit\u00e0 dei contenuti.","url":"https:\/\/www.tennispassionzone.com\/it\/author\/cosimo-albano\/"}]}},"_links":{"self":[{"href":"https:\/\/www.tennispassionzone.com\/it\/wp-json\/wp\/v2\/posts\/86056","targetHints":{"allow":["GET"]}}],"collection":[{"href":"https:\/\/www.tennispassionzone.com\/it\/wp-json\/wp\/v2\/posts"}],"about":[{"href":"https:\/\/www.tennispassionzone.com\/it\/wp-json\/wp\/v2\/types\/post"}],"author":[{"embeddable":true,"href":"https:\/\/www.tennispassionzone.com\/it\/wp-json\/wp\/v2\/users\/19"}],"replies":[{"embeddable":true,"href":"https:\/\/www.tennispassionzone.com\/it\/wp-json\/wp\/v2\/comments?post=86056"}],"version-history":[{"count":1,"href":"https:\/\/www.tennispassionzone.com\/it\/wp-json\/wp\/v2\/posts\/86056\/revisions"}],"predecessor-version":[{"id":86059,"href":"https:\/\/www.tennispassionzone.com\/it\/wp-json\/wp\/v2\/posts\/86056\/revisions\/86059"}],"wp:featuredmedia":[{"embeddable":true,"href":"https:\/\/www.tennispassionzone.com\/it\/wp-json\/wp\/v2\/media\/86057"}],"wp:attachment":[{"href":"https:\/\/www.tennispassionzone.com\/it\/wp-json\/wp\/v2\/media?parent=86056"}],"wp:term":[{"taxonomy":"category","embeddable":true,"href":"https:\/\/www.tennispassionzone.com\/it\/wp-json\/wp\/v2\/categories?post=86056"},{"taxonomy":"post_tag","embeddable":true,"href":"https:\/\/www.tennispassionzone.com\/it\/wp-json\/wp\/v2\/tags?post=86056"}],"curies":[{"name":"wp","href":"https:\/\/api.w.org\/{rel}","templated":true}]}}