{"id":86083,"date":"2026-09-03T12:00:00","date_gmt":"2026-09-03T10:00:00","guid":{"rendered":"https:\/\/www.tennispassionzone.com\/?p=86083"},"modified":"2026-09-03T16:19:40","modified_gmt":"2026-09-03T14:19:40","slug":"berrettini-deluso-dopo-leliminazione-agli-us-open-non-vedevo-bene-la-palla-ma-niente-scuse","status":"publish","type":"post","link":"https:\/\/www.tennispassionzone.com\/grandi-slam\/us-open\/berrettini-deluso-dopo-leliminazione-agli-us-open-non-vedevo-bene-la-palla-ma-niente-scuse\/","title":{"rendered":"Berrettini deluso dopo l\u2019eliminazione agli US Open: \u00abNon vedevo bene la palla, ma niente scuse\u00bb"},"content":{"rendered":"\n<p>Si interrompe al secondo turno il cammino di <strong>Matteo Berrettini<\/strong> agli <strong>US Open 2026<\/strong>. L\u2019azzurro \u00e8 stato sconfitto dall\u2019argentino <strong>Mariano Navone<\/strong> al termine di una battaglia durata 209 minuti, chiusa con grande amarezza dal romano, apparso visibilmente deluso nel post-partita.<\/p>\n\n\n\n<p>Dopo aver eliminato Novak Djokovic nel turno precedente, Navone ha confermato il suo ottimo momento di forma conquistando per la prima volta in carriera l\u2019accesso al terzo turno dello Slam newyorkese. Per Berrettini, invece, resta il rammarico per una prestazione lontana dai suoi standard, caratterizzata da numerosi errori e da una condizione che lui stesso ha definito insufficiente.<\/p>\n\n\n\n<h2 class=\"wp-block-heading\">Berrettini: \u00abGiornata storta, lui \u00e8 stato pi\u00f9 bravo\u00bb<\/h2>\n\n\n\n<p>Nel corso della conferenza stampa, il tennista italiano ha analizzato con lucidit\u00e0 la sconfitta, senza cercare alibi.<\/p>\n\n\n\n<p>\u00abL\u2019atteggiamento non \u00e8 stato buono e purtroppo giornate cos\u00ec capitano. \u00c8 stata una partita storta, in una giornata storta. Devo fare i complimenti a Navone perch\u00e9 dal secondo set in poi ha giocato molto bene e con grande solidit\u00e0. Io non sono riuscito a esprimermi n\u00e9 nel gioco n\u00e9 nell\u2019atteggiamento\u00bb, ha spiegato.<\/p>\n\n\n\n<p>Berrettini ha inoltre raccontato di aver avuto difficolt\u00e0 nella lettura della palla durante l\u2019incontro, pur evitando di utilizzare questo aspetto come giustificazione.<\/p>\n\n\n\n<p>\u00abNon vedevo bene la palla e mi sentivo spesso in ritardo. Le condizioni erano diverse rispetto al primo turno, con pi\u00f9 umidit\u00e0 e una palla meno veloce. Per\u00f2 un professionista deve sapersi adattare e oggi lui lo ha fatto meglio di me\u00bb.<\/p>\n\n\n\n<h2 class=\"wp-block-heading\">Tanti errori e tanta amarezza: \u00abSar\u00e0 difficile da digerire\u00bb<\/h2>\n\n\n\n<p>I numeri raccontano una giornata complicata per l\u2019azzurro: 77 errori non forzati, di cui ben 54 con il diritto, hanno pesato sull\u2019esito dell\u2019incontro. Una statistica che Berrettini non ha nascosto.<\/p>\n\n\n\n<p>\u00abSentivo di non avere le giuste distanze. A volte ero troppo vicino alla palla, altre troppo lontano. Non riuscivo a spingere come volevo e contro un giocatore come Navone questo diventa un problema enorme\u00bb.<\/p>\n\n\n\n<p>Nonostante tutto, il romano ha voluto sottolineare la propria capacit\u00e0 di restare in partita fino all\u2019ultimo.<\/p>\n\n\n\n<p>\u00abSar\u00e0 una sconfitta difficile da accettare, ma non \u00e8 la prima della mia carriera. Devo guardare al percorso fatto quest\u2019anno e ai mesi complicati che ho attraversato. Oggi non era abbastanza per vincere, ma sono riuscito comunque a lottare fino alla fine. Adesso mi prender\u00f2 qualche giorno per recuperare e poi penser\u00f2 al prossimo torneo\u00bb.<\/p>\n","protected":false},"excerpt":{"rendered":"<p>Le parole del tennista italiano.<\/p>\n","protected":false},"author":22,"featured_media":85081,"comment_status":"closed","ping_status":"open","sticky":false,"template":"","format":"standard","meta":{"_overwrite_by_ai":false,"footnotes":""},"categories":[5032,5022,5039],"tags":[],"class_list":["post-86083","post","type-post","status-publish","format-standard","has-post-thumbnail","hentry","category-giocatori","category-notizie","category-us-open"],"acf":[],"yoast_head":"<!-- This site is optimized with the Yoast SEO plugin v26.8 - https:\/\/yoast.com\/product\/yoast-seo-wordpress\/ -->\n<title>Berrettini deluso dopo l\u2019eliminazione agli US Open: \u00abNon vedevo bene la palla, ma niente scuse\u00bb - Tennis Passion Zone<\/title>\n<meta name=\"robots\" content=\"index, follow, max-snippet:-1, max-image-preview:large, max-video-preview:-1\" \/>\n<link rel=\"canonical\" href=\"https:\/\/www.tennispassionzone.com\/it\/grandi-slam\/us-open\/berrettini-deluso-dopo-leliminazione-agli-us-open-non-vedevo-bene-la-palla-ma-niente-scuse\/\" \/>\n<meta property=\"og:locale\" content=\"it_IT\" \/>\n<meta property=\"og:type\" content=\"article\" \/>\n<meta property=\"og:title\" content=\"Berrettini deluso dopo l\u2019eliminazione agli US Open: \u00abNon vedevo bene la palla, ma niente scuse\u00bb - Tennis Passion Zone\" \/>\n<meta property=\"og:description\" content=\"Le parole del tennista italiano.\" \/>\n<meta property=\"og:url\" content=\"https:\/\/www.tennispassionzone.com\/grandi-slam\/us-open\/berrettini-deluso-dopo-leliminazione-agli-us-open-non-vedevo-bene-la-palla-ma-niente-scuse\/\" \/>\n<meta property=\"og:site_name\" content=\"Tennis Passion Zone\" \/>\n<meta property=\"article:published_time\" content=\"2026-09-03T10:00:00+00:00\" \/>\n<meta property=\"article:modified_time\" content=\"2026-09-03T14:19:40+00:00\" \/>\n<meta property=\"og:image\" content=\"https:\/\/www.tennispassionzone.com\/wp-content\/uploads\/2026\/07\/paris-france-matteo-berrettini-of-italy-looks-on-against-matteo-arnaldi-of-italy-during-the.jpg?v=1785522154\" \/>\n\t<meta property=\"og:image:width\" content=\"2048\" \/>\n\t<meta property=\"og:image:height\" content=\"1365\" \/>\n\t<meta property=\"og:image:type\" content=\"image\/jpeg\" \/>\n<meta name=\"author\" content=\"Gabriele Rossi\" \/>\n<meta name=\"twitter:card\" content=\"summary_large_image\" \/>\n<meta name=\"twitter:label1\" content=\"Scritto da\" \/>\n\t<meta name=\"twitter:data1\" content=\"Gabriele Rossi\" \/>\n\t<meta name=\"twitter:label2\" content=\"Tempo di lettura stimato\" \/>\n\t<meta name=\"twitter:data2\" content=\"3 minuti\" \/>\n<script type=\"application\/ld+json\" class=\"yoast-schema-graph\">{\"@context\":\"https:\/\/schema.org\",\"@graph\":[{\"@type\":\"Article\",\"@id\":\"https:\/\/www.tennispassionzone.com\/grandi-slam\/us-open\/berrettini-deluso-dopo-leliminazione-agli-us-open-non-vedevo-bene-la-palla-ma-niente-scuse\/#article\",\"isPartOf\":{\"@id\":\"https:\/\/www.tennispassionzone.com\/grandi-slam\/us-open\/berrettini-deluso-dopo-leliminazione-agli-us-open-non-vedevo-bene-la-palla-ma-niente-scuse\/\"},\"author\":{\"name\":\"Gabriele Rossi\",\"@id\":\"https:\/\/www.tennispassionzone.com\/it\/#\/schema\/person\/b9c262bd9834410177e11e301758b2a4\"},\"headline\":\"Berrettini deluso dopo l\u2019eliminazione agli US Open: \u00abNon vedevo bene la palla, ma niente scuse\u00bb\",\"datePublished\":\"2026-09-03T10:00:00+00:00\",\"dateModified\":\"2026-09-03T14:19:40+00:00\",\"mainEntityOfPage\":{\"@id\":\"https:\/\/www.tennispassionzone.com\/grandi-slam\/us-open\/berrettini-deluso-dopo-leliminazione-agli-us-open-non-vedevo-bene-la-palla-ma-niente-scuse\/\"},\"wordCount\":401,\"publisher\":{\"@id\":\"https:\/\/www.tennispassionzone.com\/it\/#organization\"},\"image\":{\"@id\":\"https:\/\/www.tennispassionzone.com\/grandi-slam\/us-open\/berrettini-deluso-dopo-leliminazione-agli-us-open-non-vedevo-bene-la-palla-ma-niente-scuse\/#primaryimage\"},\"thumbnailUrl\":\"https:\/\/www.tennispassionzone.com\/wp-content\/uploads\/2026\/07\/paris-france-matteo-berrettini-of-italy-looks-on-against-matteo-arnaldi-of-italy-during-the.jpg?v=1785522154\",\"articleSection\":[\"Giocatori\",\"Notizie\",\"US Open\"],\"inLanguage\":\"it-IT\"},{\"@type\":\"WebPage\",\"@id\":\"https:\/\/www.tennispassionzone.com\/grandi-slam\/us-open\/berrettini-deluso-dopo-leliminazione-agli-us-open-non-vedevo-bene-la-palla-ma-niente-scuse\/\",\"url\":\"https:\/\/www.tennispassionzone.com\/grandi-slam\/us-open\/berrettini-deluso-dopo-leliminazione-agli-us-open-non-vedevo-bene-la-palla-ma-niente-scuse\/\",\"name\":\"Berrettini deluso dopo l\u2019eliminazione agli US Open: \u00abNon vedevo bene la palla, ma niente scuse\u00bb - Tennis Passion Zone\",\"isPartOf\":{\"@id\":\"https:\/\/www.tennispassionzone.com\/it\/#website\"},\"primaryImageOfPage\":{\"@id\":\"https:\/\/www.tennispassionzone.com\/grandi-slam\/us-open\/berrettini-deluso-dopo-leliminazione-agli-us-open-non-vedevo-bene-la-palla-ma-niente-scuse\/#primaryimage\"},\"image\":{\"@id\":\"https:\/\/www.tennispassionzone.com\/grandi-slam\/us-open\/berrettini-deluso-dopo-leliminazione-agli-us-open-non-vedevo-bene-la-palla-ma-niente-scuse\/#primaryimage\"},\"thumbnailUrl\":\"https:\/\/www.tennispassionzone.com\/wp-content\/uploads\/2026\/07\/paris-france-matteo-berrettini-of-italy-looks-on-against-matteo-arnaldi-of-italy-during-the.jpg?v=1785522154\",\"datePublished\":\"2026-09-03T10:00:00+00:00\",\"dateModified\":\"2026-09-03T14:19:40+00:00\",\"breadcrumb\":{\"@id\":\"https:\/\/www.tennispassionzone.com\/grandi-slam\/us-open\/berrettini-deluso-dopo-leliminazione-agli-us-open-non-vedevo-bene-la-palla-ma-niente-scuse\/#breadcrumb\"},\"inLanguage\":\"it-IT\",\"potentialAction\":[{\"@type\":\"ReadAction\",\"target\":[\"https:\/\/www.tennispassionzone.com\/grandi-slam\/us-open\/berrettini-deluso-dopo-leliminazione-agli-us-open-non-vedevo-bene-la-palla-ma-niente-scuse\/\"]}]},{\"@type\":\"ImageObject\",\"inLanguage\":\"it-IT\",\"@id\":\"https:\/\/www.tennispassionzone.com\/grandi-slam\/us-open\/berrettini-deluso-dopo-leliminazione-agli-us-open-non-vedevo-bene-la-palla-ma-niente-scuse\/#primaryimage\",\"url\":\"https:\/\/www.tennispassionzone.com\/wp-content\/uploads\/2026\/07\/paris-france-matteo-berrettini-of-italy-looks-on-against-matteo-arnaldi-of-italy-during-the.jpg?v=1785522154\",\"contentUrl\":\"https:\/\/www.tennispassionzone.com\/wp-content\/uploads\/2026\/07\/paris-france-matteo-berrettini-of-italy-looks-on-against-matteo-arnaldi-of-italy-during-the.jpg?v=1785522154\",\"width\":2048,\"height\":1365},{\"@type\":\"BreadcrumbList\",\"@id\":\"https:\/\/www.tennispassionzone.com\/grandi-slam\/us-open\/berrettini-deluso-dopo-leliminazione-agli-us-open-non-vedevo-bene-la-palla-ma-niente-scuse\/#breadcrumb\",\"itemListElement\":[{\"@type\":\"ListItem\",\"position\":1,\"name\":\"Home\",\"item\":\"https:\/\/www.tennispassionzone.com\/it\/\"},{\"@type\":\"ListItem\",\"position\":2,\"name\":\"Grandi Slam\",\"item\":\"https:\/\/www.tennispassionzone.com\/it\/grandi-slam\/\"},{\"@type\":\"ListItem\",\"position\":3,\"name\":\"US Open\",\"item\":\"https:\/\/www.tennispassionzone.com\/it\/grandi-slam\/us-open\/\"},{\"@type\":\"ListItem\",\"position\":4,\"name\":\"Berrettini deluso dopo l\u2019eliminazione agli US Open: \u00abNon vedevo bene la palla, ma niente scuse\u00bb\"}]},{\"@type\":\"WebSite\",\"@id\":\"https:\/\/www.tennispassionzone.com\/it\/#website\",\"url\":\"https:\/\/www.tennispassionzone.com\/it\/\",\"name\":\"Tennis Passion Zone\",\"description\":\"\",\"publisher\":{\"@id\":\"https:\/\/www.tennispassionzone.com\/it\/#organization\"},\"potentialAction\":[{\"@type\":\"SearchAction\",\"target\":{\"@type\":\"EntryPoint\",\"urlTemplate\":\"https:\/\/www.tennispassionzone.com\/it\/?s={search_term_string}\"},\"query-input\":{\"@type\":\"PropertyValueSpecification\",\"valueRequired\":true,\"valueName\":\"search_term_string\"}}],\"inLanguage\":\"it-IT\"},{\"@type\":\"Organization\",\"@id\":\"https:\/\/www.tennispassionzone.com\/it\/#organization\",\"name\":\"Tennis Passion Zone\",\"url\":\"https:\/\/www.tennispassionzone.com\/it\/\",\"logo\":{\"@type\":\"ImageObject\",\"inLanguage\":\"it-IT\",\"@id\":\"https:\/\/www.tennispassionzone.com\/it\/#\/schema\/logo\/image\/\",\"url\":\"https:\/\/www.tennispassionzone.com\/wp-content\/uploads\/2025\/12\/Logo_tennis_passion-zone.png?v=1764615384\",\"contentUrl\":\"https:\/\/www.tennispassionzone.com\/wp-content\/uploads\/2025\/12\/Logo_tennis_passion-zone.png?v=1764615384\",\"width\":450,\"height\":225,\"caption\":\"Tennis Passion Zone\"},\"image\":{\"@id\":\"https:\/\/www.tennispassionzone.com\/it\/#\/schema\/logo\/image\/\"}},{\"@type\":\"Person\",\"@id\":\"https:\/\/www.tennispassionzone.com\/it\/#\/schema\/person\/b9c262bd9834410177e11e301758b2a4\",\"name\":\"Gabriele Rossi\",\"image\":{\"@type\":\"ImageObject\",\"inLanguage\":\"it-IT\",\"@id\":\"https:\/\/www.tennispassionzone.com\/it\/#\/schema\/person\/image\/\",\"url\":\"https:\/\/secure.gravatar.com\/avatar\/0ceb236bcc0b754bfdc9d4b86dd50f4b60debf1f4e4142e83d6673fe2157300c?s=96&d=mm&r=g\",\"contentUrl\":\"https:\/\/secure.gravatar.com\/avatar\/0ceb236bcc0b754bfdc9d4b86dd50f4b60debf1f4e4142e83d6673fe2157300c?s=96&d=mm&r=g\",\"caption\":\"Gabriele Rossi\"},\"description\":\"Toscano di origine, divide il proprio tempo tra la Versilia e Milano. Nonostante un percorso accademico nel campo dell\u2019ingegneria, con particolare attenzione alle tecnologie radar ed ai sistemi d\u2019antenna, una forte passione per il calcio lo accompagna fin da bambino. Prima sul campo e, poi, attraverso lo studio di partite, schemi, dati ed analisi, \u00e8 riuscito a trasformare questo interesse in diverse collaborazioni con realt\u00e0 online dedicate al calcio ed al fantacalcio, contribuendo con articoli, approfondimenti e contenuti per la community. L'obiettivo \u00e8 quello di coniugare l\u2019approccio analitico e statistico con quello umano, raccontando il calcio attraverso ci\u00f2 che accade sia nei numeri sia nelle storie dei protagonisti, mantenendo sempre una visione attuale sul panorama calcistico nazionale ed internazionale.\",\"url\":\"https:\/\/www.tennispassionzone.com\/it\/author\/gabriele-rossi\/\"}]}<\/script>\n<!-- \/ Yoast SEO plugin. -->","yoast_head_json":{"title":"Berrettini deluso dopo l\u2019eliminazione agli US Open: \u00abNon vedevo bene la palla, ma niente scuse\u00bb - Tennis Passion Zone","robots":{"index":"index","follow":"follow","max-snippet":"max-snippet:-1","max-image-preview":"max-image-preview:large","max-video-preview":"max-video-preview:-1"},"canonical":"https:\/\/www.tennispassionzone.com\/it\/grandi-slam\/us-open\/berrettini-deluso-dopo-leliminazione-agli-us-open-non-vedevo-bene-la-palla-ma-niente-scuse\/","og_locale":"it_IT","og_type":"article","og_title":"Berrettini deluso dopo l\u2019eliminazione agli US Open: \u00abNon vedevo bene la palla, ma niente scuse\u00bb - Tennis Passion Zone","og_description":"Le parole del tennista italiano.","og_url":"https:\/\/www.tennispassionzone.com\/grandi-slam\/us-open\/berrettini-deluso-dopo-leliminazione-agli-us-open-non-vedevo-bene-la-palla-ma-niente-scuse\/","og_site_name":"Tennis Passion Zone","article_published_time":"2026-09-03T10:00:00+00:00","article_modified_time":"2026-09-03T14:19:40+00:00","og_image":[{"width":2048,"height":1365,"url":"https:\/\/www.tennispassionzone.com\/wp-content\/uploads\/2026\/07\/paris-france-matteo-berrettini-of-italy-looks-on-against-matteo-arnaldi-of-italy-during-the.jpg?v=1785522154","type":"image\/jpeg"}],"author":"Gabriele Rossi","twitter_card":"summary_large_image","twitter_misc":{"Scritto da":"Gabriele Rossi","Tempo di lettura stimato":"3 minuti"},"schema":{"@context":"https:\/\/schema.org","@graph":[{"@type":"Article","@id":"https:\/\/www.tennispassionzone.com\/grandi-slam\/us-open\/berrettini-deluso-dopo-leliminazione-agli-us-open-non-vedevo-bene-la-palla-ma-niente-scuse\/#article","isPartOf":{"@id":"https:\/\/www.tennispassionzone.com\/grandi-slam\/us-open\/berrettini-deluso-dopo-leliminazione-agli-us-open-non-vedevo-bene-la-palla-ma-niente-scuse\/"},"author":{"name":"Gabriele Rossi","@id":"https:\/\/www.tennispassionzone.com\/it\/#\/schema\/person\/b9c262bd9834410177e11e301758b2a4"},"headline":"Berrettini deluso dopo l\u2019eliminazione agli US Open: \u00abNon vedevo bene la palla, ma niente scuse\u00bb","datePublished":"2026-09-03T10:00:00+00:00","dateModified":"2026-09-03T14:19:40+00:00","mainEntityOfPage":{"@id":"https:\/\/www.tennispassionzone.com\/grandi-slam\/us-open\/berrettini-deluso-dopo-leliminazione-agli-us-open-non-vedevo-bene-la-palla-ma-niente-scuse\/"},"wordCount":401,"publisher":{"@id":"https:\/\/www.tennispassionzone.com\/it\/#organization"},"image":{"@id":"https:\/\/www.tennispassionzone.com\/grandi-slam\/us-open\/berrettini-deluso-dopo-leliminazione-agli-us-open-non-vedevo-bene-la-palla-ma-niente-scuse\/#primaryimage"},"thumbnailUrl":"https:\/\/www.tennispassionzone.com\/wp-content\/uploads\/2026\/07\/paris-france-matteo-berrettini-of-italy-looks-on-against-matteo-arnaldi-of-italy-during-the.jpg?v=1785522154","articleSection":["Giocatori","Notizie","US Open"],"inLanguage":"it-IT"},{"@type":"WebPage","@id":"https:\/\/www.tennispassionzone.com\/grandi-slam\/us-open\/berrettini-deluso-dopo-leliminazione-agli-us-open-non-vedevo-bene-la-palla-ma-niente-scuse\/","url":"https:\/\/www.tennispassionzone.com\/grandi-slam\/us-open\/berrettini-deluso-dopo-leliminazione-agli-us-open-non-vedevo-bene-la-palla-ma-niente-scuse\/","name":"Berrettini deluso dopo l\u2019eliminazione agli US Open: \u00abNon vedevo bene la palla, ma niente scuse\u00bb - Tennis Passion Zone","isPartOf":{"@id":"https:\/\/www.tennispassionzone.com\/it\/#website"},"primaryImageOfPage":{"@id":"https:\/\/www.tennispassionzone.com\/grandi-slam\/us-open\/berrettini-deluso-dopo-leliminazione-agli-us-open-non-vedevo-bene-la-palla-ma-niente-scuse\/#primaryimage"},"image":{"@id":"https:\/\/www.tennispassionzone.com\/grandi-slam\/us-open\/berrettini-deluso-dopo-leliminazione-agli-us-open-non-vedevo-bene-la-palla-ma-niente-scuse\/#primaryimage"},"thumbnailUrl":"https:\/\/www.tennispassionzone.com\/wp-content\/uploads\/2026\/07\/paris-france-matteo-berrettini-of-italy-looks-on-against-matteo-arnaldi-of-italy-during-the.jpg?v=1785522154","datePublished":"2026-09-03T10:00:00+00:00","dateModified":"2026-09-03T14:19:40+00:00","breadcrumb":{"@id":"https:\/\/www.tennispassionzone.com\/grandi-slam\/us-open\/berrettini-deluso-dopo-leliminazione-agli-us-open-non-vedevo-bene-la-palla-ma-niente-scuse\/#breadcrumb"},"inLanguage":"it-IT","potentialAction":[{"@type":"ReadAction","target":["https:\/\/www.tennispassionzone.com\/grandi-slam\/us-open\/berrettini-deluso-dopo-leliminazione-agli-us-open-non-vedevo-bene-la-palla-ma-niente-scuse\/"]}]},{"@type":"ImageObject","inLanguage":"it-IT","@id":"https:\/\/www.tennispassionzone.com\/grandi-slam\/us-open\/berrettini-deluso-dopo-leliminazione-agli-us-open-non-vedevo-bene-la-palla-ma-niente-scuse\/#primaryimage","url":"https:\/\/www.tennispassionzone.com\/wp-content\/uploads\/2026\/07\/paris-france-matteo-berrettini-of-italy-looks-on-against-matteo-arnaldi-of-italy-during-the.jpg?v=1785522154","contentUrl":"https:\/\/www.tennispassionzone.com\/wp-content\/uploads\/2026\/07\/paris-france-matteo-berrettini-of-italy-looks-on-against-matteo-arnaldi-of-italy-during-the.jpg?v=1785522154","width":2048,"height":1365},{"@type":"BreadcrumbList","@id":"https:\/\/www.tennispassionzone.com\/grandi-slam\/us-open\/berrettini-deluso-dopo-leliminazione-agli-us-open-non-vedevo-bene-la-palla-ma-niente-scuse\/#breadcrumb","itemListElement":[{"@type":"ListItem","position":1,"name":"Home","item":"https:\/\/www.tennispassionzone.com\/it\/"},{"@type":"ListItem","position":2,"name":"Grandi Slam","item":"https:\/\/www.tennispassionzone.com\/it\/grandi-slam\/"},{"@type":"ListItem","position":3,"name":"US Open","item":"https:\/\/www.tennispassionzone.com\/it\/grandi-slam\/us-open\/"},{"@type":"ListItem","position":4,"name":"Berrettini deluso dopo l\u2019eliminazione agli US Open: \u00abNon vedevo bene la palla, ma niente scuse\u00bb"}]},{"@type":"WebSite","@id":"https:\/\/www.tennispassionzone.com\/it\/#website","url":"https:\/\/www.tennispassionzone.com\/it\/","name":"Tennis Passion Zone","description":"","publisher":{"@id":"https:\/\/www.tennispassionzone.com\/it\/#organization"},"potentialAction":[{"@type":"SearchAction","target":{"@type":"EntryPoint","urlTemplate":"https:\/\/www.tennispassionzone.com\/it\/?s={search_term_string}"},"query-input":{"@type":"PropertyValueSpecification","valueRequired":true,"valueName":"search_term_string"}}],"inLanguage":"it-IT"},{"@type":"Organization","@id":"https:\/\/www.tennispassionzone.com\/it\/#organization","name":"Tennis Passion Zone","url":"https:\/\/www.tennispassionzone.com\/it\/","logo":{"@type":"ImageObject","inLanguage":"it-IT","@id":"https:\/\/www.tennispassionzone.com\/it\/#\/schema\/logo\/image\/","url":"https:\/\/www.tennispassionzone.com\/wp-content\/uploads\/2025\/12\/Logo_tennis_passion-zone.png?v=1764615384","contentUrl":"https:\/\/www.tennispassionzone.com\/wp-content\/uploads\/2025\/12\/Logo_tennis_passion-zone.png?v=1764615384","width":450,"height":225,"caption":"Tennis Passion Zone"},"image":{"@id":"https:\/\/www.tennispassionzone.com\/it\/#\/schema\/logo\/image\/"}},{"@type":"Person","@id":"https:\/\/www.tennispassionzone.com\/it\/#\/schema\/person\/b9c262bd9834410177e11e301758b2a4","name":"Gabriele Rossi","image":{"@type":"ImageObject","inLanguage":"it-IT","@id":"https:\/\/www.tennispassionzone.com\/it\/#\/schema\/person\/image\/","url":"https:\/\/secure.gravatar.com\/avatar\/0ceb236bcc0b754bfdc9d4b86dd50f4b60debf1f4e4142e83d6673fe2157300c?s=96&d=mm&r=g","contentUrl":"https:\/\/secure.gravatar.com\/avatar\/0ceb236bcc0b754bfdc9d4b86dd50f4b60debf1f4e4142e83d6673fe2157300c?s=96&d=mm&r=g","caption":"Gabriele Rossi"},"description":"Toscano di origine, divide il proprio tempo tra la Versilia e Milano. Nonostante un percorso accademico nel campo dell\u2019ingegneria, con particolare attenzione alle tecnologie radar ed ai sistemi d\u2019antenna, una forte passione per il calcio lo accompagna fin da bambino. Prima sul campo e, poi, attraverso lo studio di partite, schemi, dati ed analisi, \u00e8 riuscito a trasformare questo interesse in diverse collaborazioni con realt\u00e0 online dedicate al calcio ed al fantacalcio, contribuendo con articoli, approfondimenti e contenuti per la community. L'obiettivo \u00e8 quello di coniugare l\u2019approccio analitico e statistico con quello umano, raccontando il calcio attraverso ci\u00f2 che accade sia nei numeri sia nelle storie dei protagonisti, mantenendo sempre una visione attuale sul panorama calcistico nazionale ed internazionale.","url":"https:\/\/www.tennispassionzone.com\/it\/author\/gabriele-rossi\/"}]}},"_links":{"self":[{"href":"https:\/\/www.tennispassionzone.com\/it\/wp-json\/wp\/v2\/posts\/86083","targetHints":{"allow":["GET"]}}],"collection":[{"href":"https:\/\/www.tennispassionzone.com\/it\/wp-json\/wp\/v2\/posts"}],"about":[{"href":"https:\/\/www.tennispassionzone.com\/it\/wp-json\/wp\/v2\/types\/post"}],"author":[{"embeddable":true,"href":"https:\/\/www.tennispassionzone.com\/it\/wp-json\/wp\/v2\/users\/22"}],"replies":[{"embeddable":true,"href":"https:\/\/www.tennispassionzone.com\/it\/wp-json\/wp\/v2\/comments?post=86083"}],"version-history":[{"count":1,"href":"https:\/\/www.tennispassionzone.com\/it\/wp-json\/wp\/v2\/posts\/86083\/revisions"}],"predecessor-version":[{"id":86084,"href":"https:\/\/www.tennispassionzone.com\/it\/wp-json\/wp\/v2\/posts\/86083\/revisions\/86084"}],"wp:featuredmedia":[{"embeddable":true,"href":"https:\/\/www.tennispassionzone.com\/it\/wp-json\/wp\/v2\/media\/85081"}],"wp:attachment":[{"href":"https:\/\/www.tennispassionzone.com\/it\/wp-json\/wp\/v2\/media?parent=86083"}],"wp:term":[{"taxonomy":"category","embeddable":true,"href":"https:\/\/www.tennispassionzone.com\/it\/wp-json\/wp\/v2\/categories?post=86083"},{"taxonomy":"post_tag","embeddable":true,"href":"https:\/\/www.tennispassionzone.com\/it\/wp-json\/wp\/v2\/tags?post=86083"}],"curies":[{"name":"wp","href":"https:\/\/api.w.org\/{rel}","templated":true}]}}