{"id":86127,"date":"2026-09-04T17:39:00","date_gmt":"2026-09-04T15:39:00","guid":{"rendered":"https:\/\/www.tennispassionzone.com\/?p=86127"},"modified":"2026-09-04T16:37:59","modified_gmt":"2026-09-04T14:37:59","slug":"darderi-vola-al-terzo-turno-la-forza-mentale-ha-fatto-la-differenza","status":"publish","type":"post","link":"https:\/\/www.tennispassionzone.com\/grandi-slam\/us-open\/darderi-vola-al-terzo-turno-la-forza-mentale-ha-fatto-la-differenza\/","title":{"rendered":"Darderi vola al terzo turno: \u201cLa forza mentale ha fatto la differenza\u201d"},"content":{"rendered":"\n<p>Luciano Darderi continua il suo percorso agli US Open e, dopo il successo in quattro set contro il ceco <strong>Dalibor Svrcina<\/strong>, conquista per il secondo anno consecutivo l\u2019accesso al terzo turno dello Slam newyorkese. Al termine della sfida, l\u2019azzurro ha analizzato una partita complicata, sottolineando soprattutto l\u2019importanza della tenuta mentale nei momenti decisivi.<\/p>\n\n\n\n<h2 class=\"wp-block-heading\">Una sfida lunga e combattuta<\/h2>\n\n\n\n<p>Darderi si aspettava un match impegnativo e le sue sensazioni si sono rivelate corrette. Svrcina ha confermato le caratteristiche che lo rendono un avversario ostico, capace di coprire il campo e concedere pochissimo.<\/p>\n\n\n\n<p>\u201c\u00c8 stata una partita tosta. Era difficile fargli un vincente, corre tanto e non regala nulla\u201d, ha spiegato il tennista italiano. Un incontro segnato da diversi momenti delicati, come il finale del secondo set e l\u2019avvio del quarto, quando Darderi si \u00e8 trovato costretto a inseguire.<\/p>\n\n\n\n<h2 class=\"wp-block-heading\">La chiave \u00e8 stata la tenuta mentale<\/h2>\n\n\n\n<p>Il passaggio decisivo della partita \u00e8 arrivato proprio nei momenti di maggiore difficolt\u00e0. Darderi ha evidenziato come la sua capacit\u00e0 di restare concentrato gli abbia permesso di non perdere fiducia anche quando il punteggio si era complicato.<\/p>\n\n\n\n<p>\u201cSono contento perch\u00e9 sono rimasto sempre attaccato mentalmente, anche quando mi sono trovato sotto 3-1 nel quarto set. Sapevo che prima o poi avrei avuto una possibilit\u00e0\u201d.<\/p>\n\n\n\n<p>Una lucidit\u00e0 che gli ha consentito di recuperare immediatamente il break subito e riprendere il controllo della sfida fino alla vittoria finale.<\/p>\n\n\n\n<h2 class=\"wp-block-heading\">Condizioni diverse e adattamento complicato<\/h2>\n\n\n\n<p>La giornata newyorkese ha presentato condizioni molto differenti rispetto ai giorni precedenti. Dopo pioggia e umidit\u00e0, il sole e il caldo hanno reso il gioco pi\u00f9 rapido e difficile da controllare.<\/p>\n\n\n\n<p>\u201cLe palle erano complicate da gestire, faceva pi\u00f9 caldo e andavano molto pi\u00f9 veloci. Adattarsi non era semplice\u201d, ha raccontato Darderi, sottolineando come anche il servizio di Svrcina abbia alternato momenti molto efficaci ad altri pi\u00f9 incerti.<\/p>\n\n\n\n<h2 class=\"wp-block-heading\">Nessun calcolo sul tabellone<\/h2>\n\n\n\n<p>Guardando al prosieguo del torneo, Darderi preferisce non fare programmi a lungo termine. L\u2019obiettivo resta quello di affrontare un avversario alla volta, senza lasciarsi distrarre dal possibile percorso.<\/p>\n\n\n\n<p>\u201cBisogna pensare partita dopo partita. Oggi puoi battere chiunque e perdere con chiunque\u201d, ha spiegato l\u2019azzurro, evidenziando come i numerosi risultati sorprendenti registrati nei primi giorni del torneo dimostrino l\u2019equilibrio attuale del circuito.<\/p>\n\n\n\n<h2 class=\"wp-block-heading\">Agli ottavi possibile derby con Musetti sfumato<\/h2>\n\n\n\n<p>Con l\u2019eliminazione di Lorenzo Musetti, il possibile derby italiano non si disputer\u00e0. Darderi proseguir\u00e0 cos\u00ec la sua avventura a New York con l\u2019obiettivo di raggiungere per la prima volta la seconda settimana degli US Open, confermando la crescita mostrata nel corso dell\u2019intera stagione.<\/p>\n","protected":false},"excerpt":{"rendered":"<p>Le parole del tennista italiano.<\/p>\n","protected":false},"author":22,"featured_media":85256,"comment_status":"closed","ping_status":"open","sticky":false,"template":"","format":"standard","meta":{"_overwrite_by_ai":false,"footnotes":""},"categories":[5032,5022,5039],"tags":[],"class_list":["post-86127","post","type-post","status-publish","format-standard","has-post-thumbnail","hentry","category-giocatori","category-notizie","category-us-open"],"acf":[],"yoast_head":"<!-- This site is optimized with the Yoast SEO plugin v26.8 - https:\/\/yoast.com\/product\/yoast-seo-wordpress\/ -->\n<title>Darderi vola al terzo turno: \u201cLa forza mentale ha fatto la differenza\u201d - Tennis Passion Zone<\/title>\n<meta name=\"robots\" content=\"index, follow, max-snippet:-1, max-image-preview:large, max-video-preview:-1\" \/>\n<link rel=\"canonical\" href=\"https:\/\/www.tennispassionzone.com\/it\/grandi-slam\/us-open\/darderi-vola-al-terzo-turno-la-forza-mentale-ha-fatto-la-differenza\/\" \/>\n<meta property=\"og:locale\" content=\"it_IT\" \/>\n<meta property=\"og:type\" content=\"article\" \/>\n<meta property=\"og:title\" content=\"Darderi vola al terzo turno: \u201cLa forza mentale ha fatto la differenza\u201d - Tennis Passion Zone\" \/>\n<meta property=\"og:description\" content=\"Le parole del tennista italiano.\" \/>\n<meta property=\"og:url\" content=\"https:\/\/www.tennispassionzone.com\/grandi-slam\/us-open\/darderi-vola-al-terzo-turno-la-forza-mentale-ha-fatto-la-differenza\/\" \/>\n<meta property=\"og:site_name\" content=\"Tennis Passion Zone\" \/>\n<meta property=\"article:published_time\" content=\"2026-09-04T15:39:00+00:00\" \/>\n<meta property=\"og:image\" content=\"https:\/\/www.tennispassionzone.com\/wp-content\/uploads\/2026\/08\/munich-germany-luciano-darderi-of-italy-looks-on-during-day-four-of-the-bmw-open-at-mttc.jpg?v=1786054950\" \/>\n\t<meta property=\"og:image:width\" content=\"2048\" \/>\n\t<meta property=\"og:image:height\" content=\"1365\" \/>\n\t<meta property=\"og:image:type\" content=\"image\/jpeg\" \/>\n<meta name=\"author\" content=\"Gabriele Rossi\" \/>\n<meta name=\"twitter:card\" content=\"summary_large_image\" \/>\n<meta name=\"twitter:label1\" content=\"Scritto da\" \/>\n\t<meta name=\"twitter:data1\" content=\"Gabriele Rossi\" \/>\n\t<meta name=\"twitter:label2\" content=\"Tempo di lettura stimato\" \/>\n\t<meta name=\"twitter:data2\" content=\"3 minuti\" \/>\n<script type=\"application\/ld+json\" class=\"yoast-schema-graph\">{\"@context\":\"https:\/\/schema.org\",\"@graph\":[{\"@type\":\"Article\",\"@id\":\"https:\/\/www.tennispassionzone.com\/grandi-slam\/us-open\/darderi-vola-al-terzo-turno-la-forza-mentale-ha-fatto-la-differenza\/#article\",\"isPartOf\":{\"@id\":\"https:\/\/www.tennispassionzone.com\/grandi-slam\/us-open\/darderi-vola-al-terzo-turno-la-forza-mentale-ha-fatto-la-differenza\/\"},\"author\":{\"name\":\"Gabriele Rossi\",\"@id\":\"https:\/\/www.tennispassionzone.com\/it\/#\/schema\/person\/b9c262bd9834410177e11e301758b2a4\"},\"headline\":\"Darderi vola al terzo turno: \u201cLa forza mentale ha fatto la differenza\u201d\",\"datePublished\":\"2026-09-04T15:39:00+00:00\",\"mainEntityOfPage\":{\"@id\":\"https:\/\/www.tennispassionzone.com\/grandi-slam\/us-open\/darderi-vola-al-terzo-turno-la-forza-mentale-ha-fatto-la-differenza\/\"},\"wordCount\":436,\"publisher\":{\"@id\":\"https:\/\/www.tennispassionzone.com\/it\/#organization\"},\"image\":{\"@id\":\"https:\/\/www.tennispassionzone.com\/grandi-slam\/us-open\/darderi-vola-al-terzo-turno-la-forza-mentale-ha-fatto-la-differenza\/#primaryimage\"},\"thumbnailUrl\":\"https:\/\/www.tennispassionzone.com\/wp-content\/uploads\/2026\/08\/munich-germany-luciano-darderi-of-italy-looks-on-during-day-four-of-the-bmw-open-at-mttc.jpg?v=1786054950\",\"articleSection\":[\"Giocatori\",\"Notizie\",\"US Open\"],\"inLanguage\":\"it-IT\"},{\"@type\":\"WebPage\",\"@id\":\"https:\/\/www.tennispassionzone.com\/grandi-slam\/us-open\/darderi-vola-al-terzo-turno-la-forza-mentale-ha-fatto-la-differenza\/\",\"url\":\"https:\/\/www.tennispassionzone.com\/grandi-slam\/us-open\/darderi-vola-al-terzo-turno-la-forza-mentale-ha-fatto-la-differenza\/\",\"name\":\"Darderi vola al terzo turno: \u201cLa forza mentale ha fatto la differenza\u201d - Tennis Passion Zone\",\"isPartOf\":{\"@id\":\"https:\/\/www.tennispassionzone.com\/it\/#website\"},\"primaryImageOfPage\":{\"@id\":\"https:\/\/www.tennispassionzone.com\/grandi-slam\/us-open\/darderi-vola-al-terzo-turno-la-forza-mentale-ha-fatto-la-differenza\/#primaryimage\"},\"image\":{\"@id\":\"https:\/\/www.tennispassionzone.com\/grandi-slam\/us-open\/darderi-vola-al-terzo-turno-la-forza-mentale-ha-fatto-la-differenza\/#primaryimage\"},\"thumbnailUrl\":\"https:\/\/www.tennispassionzone.com\/wp-content\/uploads\/2026\/08\/munich-germany-luciano-darderi-of-italy-looks-on-during-day-four-of-the-bmw-open-at-mttc.jpg?v=1786054950\",\"datePublished\":\"2026-09-04T15:39:00+00:00\",\"breadcrumb\":{\"@id\":\"https:\/\/www.tennispassionzone.com\/grandi-slam\/us-open\/darderi-vola-al-terzo-turno-la-forza-mentale-ha-fatto-la-differenza\/#breadcrumb\"},\"inLanguage\":\"it-IT\",\"potentialAction\":[{\"@type\":\"ReadAction\",\"target\":[\"https:\/\/www.tennispassionzone.com\/grandi-slam\/us-open\/darderi-vola-al-terzo-turno-la-forza-mentale-ha-fatto-la-differenza\/\"]}]},{\"@type\":\"ImageObject\",\"inLanguage\":\"it-IT\",\"@id\":\"https:\/\/www.tennispassionzone.com\/grandi-slam\/us-open\/darderi-vola-al-terzo-turno-la-forza-mentale-ha-fatto-la-differenza\/#primaryimage\",\"url\":\"https:\/\/www.tennispassionzone.com\/wp-content\/uploads\/2026\/08\/munich-germany-luciano-darderi-of-italy-looks-on-during-day-four-of-the-bmw-open-at-mttc.jpg?v=1786054950\",\"contentUrl\":\"https:\/\/www.tennispassionzone.com\/wp-content\/uploads\/2026\/08\/munich-germany-luciano-darderi-of-italy-looks-on-during-day-four-of-the-bmw-open-at-mttc.jpg?v=1786054950\",\"width\":2048,\"height\":1365},{\"@type\":\"BreadcrumbList\",\"@id\":\"https:\/\/www.tennispassionzone.com\/grandi-slam\/us-open\/darderi-vola-al-terzo-turno-la-forza-mentale-ha-fatto-la-differenza\/#breadcrumb\",\"itemListElement\":[{\"@type\":\"ListItem\",\"position\":1,\"name\":\"Home\",\"item\":\"https:\/\/www.tennispassionzone.com\/it\/\"},{\"@type\":\"ListItem\",\"position\":2,\"name\":\"Grandi Slam\",\"item\":\"https:\/\/www.tennispassionzone.com\/it\/grandi-slam\/\"},{\"@type\":\"ListItem\",\"position\":3,\"name\":\"US Open\",\"item\":\"https:\/\/www.tennispassionzone.com\/it\/grandi-slam\/us-open\/\"},{\"@type\":\"ListItem\",\"position\":4,\"name\":\"Darderi vola al terzo turno: \u201cLa forza mentale ha fatto la differenza\u201d\"}]},{\"@type\":\"WebSite\",\"@id\":\"https:\/\/www.tennispassionzone.com\/it\/#website\",\"url\":\"https:\/\/www.tennispassionzone.com\/it\/\",\"name\":\"Tennis Passion Zone\",\"description\":\"\",\"publisher\":{\"@id\":\"https:\/\/www.tennispassionzone.com\/it\/#organization\"},\"potentialAction\":[{\"@type\":\"SearchAction\",\"target\":{\"@type\":\"EntryPoint\",\"urlTemplate\":\"https:\/\/www.tennispassionzone.com\/it\/?s={search_term_string}\"},\"query-input\":{\"@type\":\"PropertyValueSpecification\",\"valueRequired\":true,\"valueName\":\"search_term_string\"}}],\"inLanguage\":\"it-IT\"},{\"@type\":\"Organization\",\"@id\":\"https:\/\/www.tennispassionzone.com\/it\/#organization\",\"name\":\"Tennis Passion Zone\",\"url\":\"https:\/\/www.tennispassionzone.com\/it\/\",\"logo\":{\"@type\":\"ImageObject\",\"inLanguage\":\"it-IT\",\"@id\":\"https:\/\/www.tennispassionzone.com\/it\/#\/schema\/logo\/image\/\",\"url\":\"https:\/\/www.tennispassionzone.com\/wp-content\/uploads\/2025\/12\/Logo_tennis_passion-zone.png?v=1764615384\",\"contentUrl\":\"https:\/\/www.tennispassionzone.com\/wp-content\/uploads\/2025\/12\/Logo_tennis_passion-zone.png?v=1764615384\",\"width\":450,\"height\":225,\"caption\":\"Tennis Passion Zone\"},\"image\":{\"@id\":\"https:\/\/www.tennispassionzone.com\/it\/#\/schema\/logo\/image\/\"}},{\"@type\":\"Person\",\"@id\":\"https:\/\/www.tennispassionzone.com\/it\/#\/schema\/person\/b9c262bd9834410177e11e301758b2a4\",\"name\":\"Gabriele Rossi\",\"image\":{\"@type\":\"ImageObject\",\"inLanguage\":\"it-IT\",\"@id\":\"https:\/\/www.tennispassionzone.com\/it\/#\/schema\/person\/image\/\",\"url\":\"https:\/\/secure.gravatar.com\/avatar\/0ceb236bcc0b754bfdc9d4b86dd50f4b60debf1f4e4142e83d6673fe2157300c?s=96&d=mm&r=g\",\"contentUrl\":\"https:\/\/secure.gravatar.com\/avatar\/0ceb236bcc0b754bfdc9d4b86dd50f4b60debf1f4e4142e83d6673fe2157300c?s=96&d=mm&r=g\",\"caption\":\"Gabriele Rossi\"},\"description\":\"Toscano di origine, divide il proprio tempo tra la Versilia e Milano. Nonostante un percorso accademico nel campo dell\u2019ingegneria, con particolare attenzione alle tecnologie radar ed ai sistemi d\u2019antenna, una forte passione per il calcio lo accompagna fin da bambino. Prima sul campo e, poi, attraverso lo studio di partite, schemi, dati ed analisi, \u00e8 riuscito a trasformare questo interesse in diverse collaborazioni con realt\u00e0 online dedicate al calcio ed al fantacalcio, contribuendo con articoli, approfondimenti e contenuti per la community. L'obiettivo \u00e8 quello di coniugare l\u2019approccio analitico e statistico con quello umano, raccontando il calcio attraverso ci\u00f2 che accade sia nei numeri sia nelle storie dei protagonisti, mantenendo sempre una visione attuale sul panorama calcistico nazionale ed internazionale.\",\"url\":\"https:\/\/www.tennispassionzone.com\/it\/author\/gabriele-rossi\/\"}]}<\/script>\n<!-- \/ Yoast SEO plugin. -->","yoast_head_json":{"title":"Darderi vola al terzo turno: \u201cLa forza mentale ha fatto la differenza\u201d - Tennis Passion Zone","robots":{"index":"index","follow":"follow","max-snippet":"max-snippet:-1","max-image-preview":"max-image-preview:large","max-video-preview":"max-video-preview:-1"},"canonical":"https:\/\/www.tennispassionzone.com\/it\/grandi-slam\/us-open\/darderi-vola-al-terzo-turno-la-forza-mentale-ha-fatto-la-differenza\/","og_locale":"it_IT","og_type":"article","og_title":"Darderi vola al terzo turno: \u201cLa forza mentale ha fatto la differenza\u201d - Tennis Passion Zone","og_description":"Le parole del tennista italiano.","og_url":"https:\/\/www.tennispassionzone.com\/grandi-slam\/us-open\/darderi-vola-al-terzo-turno-la-forza-mentale-ha-fatto-la-differenza\/","og_site_name":"Tennis Passion Zone","article_published_time":"2026-09-04T15:39:00+00:00","og_image":[{"width":2048,"height":1365,"url":"https:\/\/www.tennispassionzone.com\/wp-content\/uploads\/2026\/08\/munich-germany-luciano-darderi-of-italy-looks-on-during-day-four-of-the-bmw-open-at-mttc.jpg?v=1786054950","type":"image\/jpeg"}],"author":"Gabriele Rossi","twitter_card":"summary_large_image","twitter_misc":{"Scritto da":"Gabriele Rossi","Tempo di lettura stimato":"3 minuti"},"schema":{"@context":"https:\/\/schema.org","@graph":[{"@type":"Article","@id":"https:\/\/www.tennispassionzone.com\/grandi-slam\/us-open\/darderi-vola-al-terzo-turno-la-forza-mentale-ha-fatto-la-differenza\/#article","isPartOf":{"@id":"https:\/\/www.tennispassionzone.com\/grandi-slam\/us-open\/darderi-vola-al-terzo-turno-la-forza-mentale-ha-fatto-la-differenza\/"},"author":{"name":"Gabriele Rossi","@id":"https:\/\/www.tennispassionzone.com\/it\/#\/schema\/person\/b9c262bd9834410177e11e301758b2a4"},"headline":"Darderi vola al terzo turno: \u201cLa forza mentale ha fatto la differenza\u201d","datePublished":"2026-09-04T15:39:00+00:00","mainEntityOfPage":{"@id":"https:\/\/www.tennispassionzone.com\/grandi-slam\/us-open\/darderi-vola-al-terzo-turno-la-forza-mentale-ha-fatto-la-differenza\/"},"wordCount":436,"publisher":{"@id":"https:\/\/www.tennispassionzone.com\/it\/#organization"},"image":{"@id":"https:\/\/www.tennispassionzone.com\/grandi-slam\/us-open\/darderi-vola-al-terzo-turno-la-forza-mentale-ha-fatto-la-differenza\/#primaryimage"},"thumbnailUrl":"https:\/\/www.tennispassionzone.com\/wp-content\/uploads\/2026\/08\/munich-germany-luciano-darderi-of-italy-looks-on-during-day-four-of-the-bmw-open-at-mttc.jpg?v=1786054950","articleSection":["Giocatori","Notizie","US Open"],"inLanguage":"it-IT"},{"@type":"WebPage","@id":"https:\/\/www.tennispassionzone.com\/grandi-slam\/us-open\/darderi-vola-al-terzo-turno-la-forza-mentale-ha-fatto-la-differenza\/","url":"https:\/\/www.tennispassionzone.com\/grandi-slam\/us-open\/darderi-vola-al-terzo-turno-la-forza-mentale-ha-fatto-la-differenza\/","name":"Darderi vola al terzo turno: \u201cLa forza mentale ha fatto la differenza\u201d - Tennis Passion Zone","isPartOf":{"@id":"https:\/\/www.tennispassionzone.com\/it\/#website"},"primaryImageOfPage":{"@id":"https:\/\/www.tennispassionzone.com\/grandi-slam\/us-open\/darderi-vola-al-terzo-turno-la-forza-mentale-ha-fatto-la-differenza\/#primaryimage"},"image":{"@id":"https:\/\/www.tennispassionzone.com\/grandi-slam\/us-open\/darderi-vola-al-terzo-turno-la-forza-mentale-ha-fatto-la-differenza\/#primaryimage"},"thumbnailUrl":"https:\/\/www.tennispassionzone.com\/wp-content\/uploads\/2026\/08\/munich-germany-luciano-darderi-of-italy-looks-on-during-day-four-of-the-bmw-open-at-mttc.jpg?v=1786054950","datePublished":"2026-09-04T15:39:00+00:00","breadcrumb":{"@id":"https:\/\/www.tennispassionzone.com\/grandi-slam\/us-open\/darderi-vola-al-terzo-turno-la-forza-mentale-ha-fatto-la-differenza\/#breadcrumb"},"inLanguage":"it-IT","potentialAction":[{"@type":"ReadAction","target":["https:\/\/www.tennispassionzone.com\/grandi-slam\/us-open\/darderi-vola-al-terzo-turno-la-forza-mentale-ha-fatto-la-differenza\/"]}]},{"@type":"ImageObject","inLanguage":"it-IT","@id":"https:\/\/www.tennispassionzone.com\/grandi-slam\/us-open\/darderi-vola-al-terzo-turno-la-forza-mentale-ha-fatto-la-differenza\/#primaryimage","url":"https:\/\/www.tennispassionzone.com\/wp-content\/uploads\/2026\/08\/munich-germany-luciano-darderi-of-italy-looks-on-during-day-four-of-the-bmw-open-at-mttc.jpg?v=1786054950","contentUrl":"https:\/\/www.tennispassionzone.com\/wp-content\/uploads\/2026\/08\/munich-germany-luciano-darderi-of-italy-looks-on-during-day-four-of-the-bmw-open-at-mttc.jpg?v=1786054950","width":2048,"height":1365},{"@type":"BreadcrumbList","@id":"https:\/\/www.tennispassionzone.com\/grandi-slam\/us-open\/darderi-vola-al-terzo-turno-la-forza-mentale-ha-fatto-la-differenza\/#breadcrumb","itemListElement":[{"@type":"ListItem","position":1,"name":"Home","item":"https:\/\/www.tennispassionzone.com\/it\/"},{"@type":"ListItem","position":2,"name":"Grandi Slam","item":"https:\/\/www.tennispassionzone.com\/it\/grandi-slam\/"},{"@type":"ListItem","position":3,"name":"US Open","item":"https:\/\/www.tennispassionzone.com\/it\/grandi-slam\/us-open\/"},{"@type":"ListItem","position":4,"name":"Darderi vola al terzo turno: \u201cLa forza mentale ha fatto la differenza\u201d"}]},{"@type":"WebSite","@id":"https:\/\/www.tennispassionzone.com\/it\/#website","url":"https:\/\/www.tennispassionzone.com\/it\/","name":"Tennis Passion Zone","description":"","publisher":{"@id":"https:\/\/www.tennispassionzone.com\/it\/#organization"},"potentialAction":[{"@type":"SearchAction","target":{"@type":"EntryPoint","urlTemplate":"https:\/\/www.tennispassionzone.com\/it\/?s={search_term_string}"},"query-input":{"@type":"PropertyValueSpecification","valueRequired":true,"valueName":"search_term_string"}}],"inLanguage":"it-IT"},{"@type":"Organization","@id":"https:\/\/www.tennispassionzone.com\/it\/#organization","name":"Tennis Passion Zone","url":"https:\/\/www.tennispassionzone.com\/it\/","logo":{"@type":"ImageObject","inLanguage":"it-IT","@id":"https:\/\/www.tennispassionzone.com\/it\/#\/schema\/logo\/image\/","url":"https:\/\/www.tennispassionzone.com\/wp-content\/uploads\/2025\/12\/Logo_tennis_passion-zone.png?v=1764615384","contentUrl":"https:\/\/www.tennispassionzone.com\/wp-content\/uploads\/2025\/12\/Logo_tennis_passion-zone.png?v=1764615384","width":450,"height":225,"caption":"Tennis Passion Zone"},"image":{"@id":"https:\/\/www.tennispassionzone.com\/it\/#\/schema\/logo\/image\/"}},{"@type":"Person","@id":"https:\/\/www.tennispassionzone.com\/it\/#\/schema\/person\/b9c262bd9834410177e11e301758b2a4","name":"Gabriele Rossi","image":{"@type":"ImageObject","inLanguage":"it-IT","@id":"https:\/\/www.tennispassionzone.com\/it\/#\/schema\/person\/image\/","url":"https:\/\/secure.gravatar.com\/avatar\/0ceb236bcc0b754bfdc9d4b86dd50f4b60debf1f4e4142e83d6673fe2157300c?s=96&d=mm&r=g","contentUrl":"https:\/\/secure.gravatar.com\/avatar\/0ceb236bcc0b754bfdc9d4b86dd50f4b60debf1f4e4142e83d6673fe2157300c?s=96&d=mm&r=g","caption":"Gabriele Rossi"},"description":"Toscano di origine, divide il proprio tempo tra la Versilia e Milano. Nonostante un percorso accademico nel campo dell\u2019ingegneria, con particolare attenzione alle tecnologie radar ed ai sistemi d\u2019antenna, una forte passione per il calcio lo accompagna fin da bambino. Prima sul campo e, poi, attraverso lo studio di partite, schemi, dati ed analisi, \u00e8 riuscito a trasformare questo interesse in diverse collaborazioni con realt\u00e0 online dedicate al calcio ed al fantacalcio, contribuendo con articoli, approfondimenti e contenuti per la community. L'obiettivo \u00e8 quello di coniugare l\u2019approccio analitico e statistico con quello umano, raccontando il calcio attraverso ci\u00f2 che accade sia nei numeri sia nelle storie dei protagonisti, mantenendo sempre una visione attuale sul panorama calcistico nazionale ed internazionale.","url":"https:\/\/www.tennispassionzone.com\/it\/author\/gabriele-rossi\/"}]}},"_links":{"self":[{"href":"https:\/\/www.tennispassionzone.com\/it\/wp-json\/wp\/v2\/posts\/86127","targetHints":{"allow":["GET"]}}],"collection":[{"href":"https:\/\/www.tennispassionzone.com\/it\/wp-json\/wp\/v2\/posts"}],"about":[{"href":"https:\/\/www.tennispassionzone.com\/it\/wp-json\/wp\/v2\/types\/post"}],"author":[{"embeddable":true,"href":"https:\/\/www.tennispassionzone.com\/it\/wp-json\/wp\/v2\/users\/22"}],"replies":[{"embeddable":true,"href":"https:\/\/www.tennispassionzone.com\/it\/wp-json\/wp\/v2\/comments?post=86127"}],"version-history":[{"count":1,"href":"https:\/\/www.tennispassionzone.com\/it\/wp-json\/wp\/v2\/posts\/86127\/revisions"}],"predecessor-version":[{"id":86128,"href":"https:\/\/www.tennispassionzone.com\/it\/wp-json\/wp\/v2\/posts\/86127\/revisions\/86128"}],"wp:featuredmedia":[{"embeddable":true,"href":"https:\/\/www.tennispassionzone.com\/it\/wp-json\/wp\/v2\/media\/85256"}],"wp:attachment":[{"href":"https:\/\/www.tennispassionzone.com\/it\/wp-json\/wp\/v2\/media?parent=86127"}],"wp:term":[{"taxonomy":"category","embeddable":true,"href":"https:\/\/www.tennispassionzone.com\/it\/wp-json\/wp\/v2\/categories?post=86127"},{"taxonomy":"post_tag","embeddable":true,"href":"https:\/\/www.tennispassionzone.com\/it\/wp-json\/wp\/v2\/tags?post=86127"}],"curies":[{"name":"wp","href":"https:\/\/api.w.org\/{rel}","templated":true}]}}