{"id":86172,"date":"2026-09-06T11:26:00","date_gmt":"2026-09-06T09:26:00","guid":{"rendered":"https:\/\/www.tennispassionzone.com\/?p=86172"},"modified":"2026-09-06T09:52:31","modified_gmt":"2026-09-06T07:52:31","slug":"us-open-si-interrompe-la-corsa-di-errani-e-tagger-avanzano-dabrowski-e-stefani","status":"publish","type":"post","link":"https:\/\/www.tennispassionzone.com\/it\/grandi-slam\/us-open\/us-open-si-interrompe-la-corsa-di-errani-e-tagger-avanzano-dabrowski-e-stefani\/","title":{"rendered":"US Open, si interrompe la corsa di Errani e Tagger: avanzano Dabrowski e Stefani"},"content":{"rendered":"\n<p>Termina al secondo turno il cammino di <strong>Sara Errani<\/strong> e <strong>Lilli Tagger<\/strong> nel torneo di doppio femminile dello US Open. La coppia formata dalla veterana azzurra e dalla giovane austriaca allenata da <strong>Francesca Schiavone<\/strong> \u00e8 stata sconfitta con il punteggio di <strong>6-2 7-5<\/strong> dalle numero 2 del seeding, <strong>Gabriela Dabrowski<\/strong> e <strong>Luisa Stefani<\/strong>.<\/p>\n\n\n\n<p>Per Errani e Tagger si tratta dello stesso traguardo raggiunto pochi mesi fa al Roland Garros, dove il percorso si era interrotto anch\u2019esso al secondo turno.<\/p>\n\n\n\n<h2 class=\"wp-block-heading\">Dabrowski e Stefani confermano il loro status<\/h2>\n\n\n\n<p>La canadese e la brasiliana si presentavano a New York come una delle coppie pi\u00f9 accreditate del circuito e hanno confermato il proprio valore anche sul cemento americano. Nel corso del 2026 hanno conquistato il <strong>WTA 1000 di Dubai<\/strong>, il <strong>WTA 500 di Strasburgo<\/strong> e il <strong>WTA 250 di Eastbourne<\/strong>, oltre a raggiungere la finale di Wimbledon.<\/p>\n\n\n\n<p>Risultati che hanno gi\u00e0 garantito loro la qualificazione alle <strong>WTA Finals<\/strong>, che disputeranno per la prima volta insieme. Entrambe, per\u00f2, vantano gi\u00e0 esperienza nell&#8217;evento di fine stagione: Stefani \u00e8 stata finalista nel 2025, mentre Dabrowski ha conquistato il titolo nel 2024, diventando la prima canadese a riuscirci.<\/p>\n\n\n\n<h2 class=\"wp-block-heading\">Una stagione comunque positiva per Errani<\/h2>\n\n\n\n<p>Nonostante l\u2019eliminazione, il bilancio stagionale in doppio resta significativo per Sara Errani. La romagnola ha infatti raggiunto tre finali nel 2026: a <strong>Miami<\/strong> in coppia con <strong>Jasmine Paolini<\/strong>, e successivamente a <strong>Berlino<\/strong> e <strong>Toronto<\/strong> insieme alla statunitense <strong>Nicole Melichar-Martinez<\/strong>.<\/p>\n\n\n\n<p>A 39 anni, l\u2019azzurra continua a essere una delle protagoniste della specialit\u00e0, forte di un palmar\u00e8s che comprende <strong>36 titoli di doppio<\/strong>.<\/p>\n\n\n\n<h2 class=\"wp-block-heading\">I precedenti successi a New York<\/h2>\n\n\n\n<p>Lo US Open resta comunque uno dei tornei pi\u00f9 importanti nella carriera di Errani. La tennista di Massa Lombarda ha infatti conquistato il titolo di doppio femminile nel <strong>2012<\/strong> insieme a <strong>Roberta Vinci<\/strong>, completando una delle pagine pi\u00f9 prestigiose del tennis italiano.<\/p>\n\n\n\n<p>Pi\u00f9 recentemente ha trionfato due volte nel <strong>doppio misto<\/strong>, vincendo le edizioni <strong>2024<\/strong> e <strong>2025<\/strong> in coppia con <strong>Andrea Vavassori<\/strong>. Un legame speciale con Flushing Meadows che, nonostante l\u2019eliminazione nel tabellone femminile, potrebbe ancora regalare nuove soddisfazioni.<\/p>\n","protected":false},"excerpt":{"rendered":"<p>Il resoconto del match.<\/p>\n","protected":false},"author":22,"featured_media":86109,"comment_status":"closed","ping_status":"open","sticky":false,"template":"","format":"standard","meta":{"_overwrite_by_ai":false,"footnotes":""},"categories":[5033,5022,5039],"tags":[],"class_list":["post-86172","post","type-post","status-publish","format-standard","has-post-thumbnail","hentry","category-giocatrici","category-notizie","category-us-open"],"acf":[],"yoast_head":"<!-- This site is optimized with the Yoast SEO plugin v26.8 - https:\/\/yoast.com\/product\/yoast-seo-wordpress\/ -->\n<title>US Open, si interrompe la corsa di Errani e Tagger: avanzano Dabrowski e Stefani - Tennis Passion Zone<\/title>\n<meta name=\"robots\" content=\"index, follow, max-snippet:-1, max-image-preview:large, max-video-preview:-1\" \/>\n<link rel=\"canonical\" href=\"https:\/\/www.tennispassionzone.com\/it\/grandi-slam\/us-open\/us-open-si-interrompe-la-corsa-di-errani-e-tagger-avanzano-dabrowski-e-stefani\/\" \/>\n<meta property=\"og:locale\" content=\"it_IT\" \/>\n<meta property=\"og:type\" content=\"article\" \/>\n<meta property=\"og:title\" content=\"US Open, si interrompe la corsa di Errani e Tagger: avanzano Dabrowski e Stefani - Tennis Passion Zone\" \/>\n<meta property=\"og:description\" content=\"Il resoconto del match.\" \/>\n<meta property=\"og:url\" content=\"https:\/\/www.tennispassionzone.com\/it\/grandi-slam\/us-open\/us-open-si-interrompe-la-corsa-di-errani-e-tagger-avanzano-dabrowski-e-stefani\/\" \/>\n<meta property=\"og:site_name\" content=\"Tennis Passion Zone\" \/>\n<meta property=\"article:published_time\" content=\"2026-09-06T09:26:00+00:00\" \/>\n<meta property=\"og:image\" content=\"https:\/\/www.tennispassionzone.com\/wp-content\/uploads\/2026\/09\/GettyImages-2210388599-2-scaled.jpg?v=1788514429\" \/>\n\t<meta property=\"og:image:width\" content=\"2560\" \/>\n\t<meta property=\"og:image:height\" content=\"1440\" \/>\n\t<meta property=\"og:image:type\" content=\"image\/jpeg\" \/>\n<meta name=\"author\" content=\"Gabriele Rossi\" \/>\n<meta name=\"twitter:card\" content=\"summary_large_image\" \/>\n<meta name=\"twitter:label1\" content=\"Scritto da\" \/>\n\t<meta name=\"twitter:data1\" content=\"Gabriele Rossi\" \/>\n\t<meta name=\"twitter:label2\" content=\"Tempo di lettura stimato\" \/>\n\t<meta name=\"twitter:data2\" content=\"3 minuti\" \/>\n<script type=\"application\/ld+json\" class=\"yoast-schema-graph\">{\"@context\":\"https:\/\/schema.org\",\"@graph\":[{\"@type\":\"Article\",\"@id\":\"https:\/\/www.tennispassionzone.com\/it\/grandi-slam\/us-open\/us-open-si-interrompe-la-corsa-di-errani-e-tagger-avanzano-dabrowski-e-stefani\/#article\",\"isPartOf\":{\"@id\":\"https:\/\/www.tennispassionzone.com\/it\/grandi-slam\/us-open\/us-open-si-interrompe-la-corsa-di-errani-e-tagger-avanzano-dabrowski-e-stefani\/\"},\"author\":{\"name\":\"Gabriele Rossi\",\"@id\":\"https:\/\/www.tennispassionzone.com\/it\/#\/schema\/person\/b9c262bd9834410177e11e301758b2a4\"},\"headline\":\"US Open, si interrompe la corsa di Errani e Tagger: avanzano Dabrowski e Stefani\",\"datePublished\":\"2026-09-06T09:26:00+00:00\",\"mainEntityOfPage\":{\"@id\":\"https:\/\/www.tennispassionzone.com\/it\/grandi-slam\/us-open\/us-open-si-interrompe-la-corsa-di-errani-e-tagger-avanzano-dabrowski-e-stefani\/\"},\"wordCount\":347,\"publisher\":{\"@id\":\"https:\/\/www.tennispassionzone.com\/it\/#organization\"},\"image\":{\"@id\":\"https:\/\/www.tennispassionzone.com\/it\/grandi-slam\/us-open\/us-open-si-interrompe-la-corsa-di-errani-e-tagger-avanzano-dabrowski-e-stefani\/#primaryimage\"},\"thumbnailUrl\":\"https:\/\/www.tennispassionzone.com\/wp-content\/uploads\/2026\/09\/GettyImages-2210388599-2-scaled.jpg?v=1788514429\",\"articleSection\":[\"Giocatrici\",\"Notizie\",\"US Open\"],\"inLanguage\":\"it-IT\"},{\"@type\":\"WebPage\",\"@id\":\"https:\/\/www.tennispassionzone.com\/it\/grandi-slam\/us-open\/us-open-si-interrompe-la-corsa-di-errani-e-tagger-avanzano-dabrowski-e-stefani\/\",\"url\":\"https:\/\/www.tennispassionzone.com\/it\/grandi-slam\/us-open\/us-open-si-interrompe-la-corsa-di-errani-e-tagger-avanzano-dabrowski-e-stefani\/\",\"name\":\"US Open, si interrompe la corsa di Errani e Tagger: avanzano Dabrowski e Stefani - Tennis Passion Zone\",\"isPartOf\":{\"@id\":\"https:\/\/www.tennispassionzone.com\/it\/#website\"},\"primaryImageOfPage\":{\"@id\":\"https:\/\/www.tennispassionzone.com\/it\/grandi-slam\/us-open\/us-open-si-interrompe-la-corsa-di-errani-e-tagger-avanzano-dabrowski-e-stefani\/#primaryimage\"},\"image\":{\"@id\":\"https:\/\/www.tennispassionzone.com\/it\/grandi-slam\/us-open\/us-open-si-interrompe-la-corsa-di-errani-e-tagger-avanzano-dabrowski-e-stefani\/#primaryimage\"},\"thumbnailUrl\":\"https:\/\/www.tennispassionzone.com\/wp-content\/uploads\/2026\/09\/GettyImages-2210388599-2-scaled.jpg?v=1788514429\",\"datePublished\":\"2026-09-06T09:26:00+00:00\",\"breadcrumb\":{\"@id\":\"https:\/\/www.tennispassionzone.com\/it\/grandi-slam\/us-open\/us-open-si-interrompe-la-corsa-di-errani-e-tagger-avanzano-dabrowski-e-stefani\/#breadcrumb\"},\"inLanguage\":\"it-IT\",\"potentialAction\":[{\"@type\":\"ReadAction\",\"target\":[\"https:\/\/www.tennispassionzone.com\/it\/grandi-slam\/us-open\/us-open-si-interrompe-la-corsa-di-errani-e-tagger-avanzano-dabrowski-e-stefani\/\"]}]},{\"@type\":\"ImageObject\",\"inLanguage\":\"it-IT\",\"@id\":\"https:\/\/www.tennispassionzone.com\/it\/grandi-slam\/us-open\/us-open-si-interrompe-la-corsa-di-errani-e-tagger-avanzano-dabrowski-e-stefani\/#primaryimage\",\"url\":\"https:\/\/www.tennispassionzone.com\/wp-content\/uploads\/2026\/09\/GettyImages-2210388599-2-scaled.jpg?v=1788514429\",\"contentUrl\":\"https:\/\/www.tennispassionzone.com\/wp-content\/uploads\/2026\/09\/GettyImages-2210388599-2-scaled.jpg?v=1788514429\",\"width\":2560,\"height\":1440},{\"@type\":\"BreadcrumbList\",\"@id\":\"https:\/\/www.tennispassionzone.com\/it\/grandi-slam\/us-open\/us-open-si-interrompe-la-corsa-di-errani-e-tagger-avanzano-dabrowski-e-stefani\/#breadcrumb\",\"itemListElement\":[{\"@type\":\"ListItem\",\"position\":1,\"name\":\"Home\",\"item\":\"https:\/\/www.tennispassionzone.com\/it\/\"},{\"@type\":\"ListItem\",\"position\":2,\"name\":\"Grandi Slam\",\"item\":\"https:\/\/www.tennispassionzone.com\/it\/grandi-slam\/\"},{\"@type\":\"ListItem\",\"position\":3,\"name\":\"US Open\",\"item\":\"https:\/\/www.tennispassionzone.com\/it\/grandi-slam\/us-open\/\"},{\"@type\":\"ListItem\",\"position\":4,\"name\":\"US Open, si interrompe la corsa di Errani e Tagger: avanzano Dabrowski e Stefani\"}]},{\"@type\":\"WebSite\",\"@id\":\"https:\/\/www.tennispassionzone.com\/it\/#website\",\"url\":\"https:\/\/www.tennispassionzone.com\/it\/\",\"name\":\"Tennis Passion Zone\",\"description\":\"\",\"publisher\":{\"@id\":\"https:\/\/www.tennispassionzone.com\/it\/#organization\"},\"potentialAction\":[{\"@type\":\"SearchAction\",\"target\":{\"@type\":\"EntryPoint\",\"urlTemplate\":\"https:\/\/www.tennispassionzone.com\/it\/?s={search_term_string}\"},\"query-input\":{\"@type\":\"PropertyValueSpecification\",\"valueRequired\":true,\"valueName\":\"search_term_string\"}}],\"inLanguage\":\"it-IT\"},{\"@type\":\"Organization\",\"@id\":\"https:\/\/www.tennispassionzone.com\/it\/#organization\",\"name\":\"Tennis Passion Zone\",\"url\":\"https:\/\/www.tennispassionzone.com\/it\/\",\"logo\":{\"@type\":\"ImageObject\",\"inLanguage\":\"it-IT\",\"@id\":\"https:\/\/www.tennispassionzone.com\/it\/#\/schema\/logo\/image\/\",\"url\":\"https:\/\/www.tennispassionzone.com\/wp-content\/uploads\/2025\/12\/Logo_tennis_passion-zone.png?v=1764615384\",\"contentUrl\":\"https:\/\/www.tennispassionzone.com\/wp-content\/uploads\/2025\/12\/Logo_tennis_passion-zone.png?v=1764615384\",\"width\":450,\"height\":225,\"caption\":\"Tennis Passion Zone\"},\"image\":{\"@id\":\"https:\/\/www.tennispassionzone.com\/it\/#\/schema\/logo\/image\/\"}},{\"@type\":\"Person\",\"@id\":\"https:\/\/www.tennispassionzone.com\/it\/#\/schema\/person\/b9c262bd9834410177e11e301758b2a4\",\"name\":\"Gabriele Rossi\",\"image\":{\"@type\":\"ImageObject\",\"inLanguage\":\"it-IT\",\"@id\":\"https:\/\/www.tennispassionzone.com\/it\/#\/schema\/person\/image\/\",\"url\":\"https:\/\/secure.gravatar.com\/avatar\/0ceb236bcc0b754bfdc9d4b86dd50f4b60debf1f4e4142e83d6673fe2157300c?s=96&d=mm&r=g\",\"contentUrl\":\"https:\/\/secure.gravatar.com\/avatar\/0ceb236bcc0b754bfdc9d4b86dd50f4b60debf1f4e4142e83d6673fe2157300c?s=96&d=mm&r=g\",\"caption\":\"Gabriele Rossi\"},\"description\":\"Toscano di origine, divide il proprio tempo tra la Versilia e Milano. Nonostante un percorso accademico nel campo dell\u2019ingegneria, con particolare attenzione alle tecnologie radar ed ai sistemi d\u2019antenna, una forte passione per il calcio lo accompagna fin da bambino. Prima sul campo e, poi, attraverso lo studio di partite, schemi, dati ed analisi, \u00e8 riuscito a trasformare questo interesse in diverse collaborazioni con realt\u00e0 online dedicate al calcio ed al fantacalcio, contribuendo con articoli, approfondimenti e contenuti per la community. L'obiettivo \u00e8 quello di coniugare l\u2019approccio analitico e statistico con quello umano, raccontando il calcio attraverso ci\u00f2 che accade sia nei numeri sia nelle storie dei protagonisti, mantenendo sempre una visione attuale sul panorama calcistico nazionale ed internazionale.\",\"url\":\"https:\/\/www.tennispassionzone.com\/it\/author\/gabriele-rossi\/\"}]}<\/script>\n<!-- \/ Yoast SEO plugin. -->","yoast_head_json":{"title":"US Open, si interrompe la corsa di Errani e Tagger: avanzano Dabrowski e Stefani - Tennis Passion Zone","robots":{"index":"index","follow":"follow","max-snippet":"max-snippet:-1","max-image-preview":"max-image-preview:large","max-video-preview":"max-video-preview:-1"},"canonical":"https:\/\/www.tennispassionzone.com\/it\/grandi-slam\/us-open\/us-open-si-interrompe-la-corsa-di-errani-e-tagger-avanzano-dabrowski-e-stefani\/","og_locale":"it_IT","og_type":"article","og_title":"US Open, si interrompe la corsa di Errani e Tagger: avanzano Dabrowski e Stefani - Tennis Passion Zone","og_description":"Il resoconto del match.","og_url":"https:\/\/www.tennispassionzone.com\/it\/grandi-slam\/us-open\/us-open-si-interrompe-la-corsa-di-errani-e-tagger-avanzano-dabrowski-e-stefani\/","og_site_name":"Tennis Passion Zone","article_published_time":"2026-09-06T09:26:00+00:00","og_image":[{"width":2560,"height":1440,"url":"https:\/\/www.tennispassionzone.com\/wp-content\/uploads\/2026\/09\/GettyImages-2210388599-2-scaled.jpg?v=1788514429","type":"image\/jpeg"}],"author":"Gabriele Rossi","twitter_card":"summary_large_image","twitter_misc":{"Scritto da":"Gabriele Rossi","Tempo di lettura stimato":"3 minuti"},"schema":{"@context":"https:\/\/schema.org","@graph":[{"@type":"Article","@id":"https:\/\/www.tennispassionzone.com\/it\/grandi-slam\/us-open\/us-open-si-interrompe-la-corsa-di-errani-e-tagger-avanzano-dabrowski-e-stefani\/#article","isPartOf":{"@id":"https:\/\/www.tennispassionzone.com\/it\/grandi-slam\/us-open\/us-open-si-interrompe-la-corsa-di-errani-e-tagger-avanzano-dabrowski-e-stefani\/"},"author":{"name":"Gabriele Rossi","@id":"https:\/\/www.tennispassionzone.com\/it\/#\/schema\/person\/b9c262bd9834410177e11e301758b2a4"},"headline":"US Open, si interrompe la corsa di Errani e Tagger: avanzano Dabrowski e Stefani","datePublished":"2026-09-06T09:26:00+00:00","mainEntityOfPage":{"@id":"https:\/\/www.tennispassionzone.com\/it\/grandi-slam\/us-open\/us-open-si-interrompe-la-corsa-di-errani-e-tagger-avanzano-dabrowski-e-stefani\/"},"wordCount":347,"publisher":{"@id":"https:\/\/www.tennispassionzone.com\/it\/#organization"},"image":{"@id":"https:\/\/www.tennispassionzone.com\/it\/grandi-slam\/us-open\/us-open-si-interrompe-la-corsa-di-errani-e-tagger-avanzano-dabrowski-e-stefani\/#primaryimage"},"thumbnailUrl":"https:\/\/www.tennispassionzone.com\/wp-content\/uploads\/2026\/09\/GettyImages-2210388599-2-scaled.jpg?v=1788514429","articleSection":["Giocatrici","Notizie","US Open"],"inLanguage":"it-IT"},{"@type":"WebPage","@id":"https:\/\/www.tennispassionzone.com\/it\/grandi-slam\/us-open\/us-open-si-interrompe-la-corsa-di-errani-e-tagger-avanzano-dabrowski-e-stefani\/","url":"https:\/\/www.tennispassionzone.com\/it\/grandi-slam\/us-open\/us-open-si-interrompe-la-corsa-di-errani-e-tagger-avanzano-dabrowski-e-stefani\/","name":"US Open, si interrompe la corsa di Errani e Tagger: avanzano Dabrowski e Stefani - Tennis Passion Zone","isPartOf":{"@id":"https:\/\/www.tennispassionzone.com\/it\/#website"},"primaryImageOfPage":{"@id":"https:\/\/www.tennispassionzone.com\/it\/grandi-slam\/us-open\/us-open-si-interrompe-la-corsa-di-errani-e-tagger-avanzano-dabrowski-e-stefani\/#primaryimage"},"image":{"@id":"https:\/\/www.tennispassionzone.com\/it\/grandi-slam\/us-open\/us-open-si-interrompe-la-corsa-di-errani-e-tagger-avanzano-dabrowski-e-stefani\/#primaryimage"},"thumbnailUrl":"https:\/\/www.tennispassionzone.com\/wp-content\/uploads\/2026\/09\/GettyImages-2210388599-2-scaled.jpg?v=1788514429","datePublished":"2026-09-06T09:26:00+00:00","breadcrumb":{"@id":"https:\/\/www.tennispassionzone.com\/it\/grandi-slam\/us-open\/us-open-si-interrompe-la-corsa-di-errani-e-tagger-avanzano-dabrowski-e-stefani\/#breadcrumb"},"inLanguage":"it-IT","potentialAction":[{"@type":"ReadAction","target":["https:\/\/www.tennispassionzone.com\/it\/grandi-slam\/us-open\/us-open-si-interrompe-la-corsa-di-errani-e-tagger-avanzano-dabrowski-e-stefani\/"]}]},{"@type":"ImageObject","inLanguage":"it-IT","@id":"https:\/\/www.tennispassionzone.com\/it\/grandi-slam\/us-open\/us-open-si-interrompe-la-corsa-di-errani-e-tagger-avanzano-dabrowski-e-stefani\/#primaryimage","url":"https:\/\/www.tennispassionzone.com\/wp-content\/uploads\/2026\/09\/GettyImages-2210388599-2-scaled.jpg?v=1788514429","contentUrl":"https:\/\/www.tennispassionzone.com\/wp-content\/uploads\/2026\/09\/GettyImages-2210388599-2-scaled.jpg?v=1788514429","width":2560,"height":1440},{"@type":"BreadcrumbList","@id":"https:\/\/www.tennispassionzone.com\/it\/grandi-slam\/us-open\/us-open-si-interrompe-la-corsa-di-errani-e-tagger-avanzano-dabrowski-e-stefani\/#breadcrumb","itemListElement":[{"@type":"ListItem","position":1,"name":"Home","item":"https:\/\/www.tennispassionzone.com\/it\/"},{"@type":"ListItem","position":2,"name":"Grandi Slam","item":"https:\/\/www.tennispassionzone.com\/it\/grandi-slam\/"},{"@type":"ListItem","position":3,"name":"US Open","item":"https:\/\/www.tennispassionzone.com\/it\/grandi-slam\/us-open\/"},{"@type":"ListItem","position":4,"name":"US Open, si interrompe la corsa di Errani e Tagger: avanzano Dabrowski e Stefani"}]},{"@type":"WebSite","@id":"https:\/\/www.tennispassionzone.com\/it\/#website","url":"https:\/\/www.tennispassionzone.com\/it\/","name":"Tennis Passion Zone","description":"","publisher":{"@id":"https:\/\/www.tennispassionzone.com\/it\/#organization"},"potentialAction":[{"@type":"SearchAction","target":{"@type":"EntryPoint","urlTemplate":"https:\/\/www.tennispassionzone.com\/it\/?s={search_term_string}"},"query-input":{"@type":"PropertyValueSpecification","valueRequired":true,"valueName":"search_term_string"}}],"inLanguage":"it-IT"},{"@type":"Organization","@id":"https:\/\/www.tennispassionzone.com\/it\/#organization","name":"Tennis Passion Zone","url":"https:\/\/www.tennispassionzone.com\/it\/","logo":{"@type":"ImageObject","inLanguage":"it-IT","@id":"https:\/\/www.tennispassionzone.com\/it\/#\/schema\/logo\/image\/","url":"https:\/\/www.tennispassionzone.com\/wp-content\/uploads\/2025\/12\/Logo_tennis_passion-zone.png?v=1764615384","contentUrl":"https:\/\/www.tennispassionzone.com\/wp-content\/uploads\/2025\/12\/Logo_tennis_passion-zone.png?v=1764615384","width":450,"height":225,"caption":"Tennis Passion Zone"},"image":{"@id":"https:\/\/www.tennispassionzone.com\/it\/#\/schema\/logo\/image\/"}},{"@type":"Person","@id":"https:\/\/www.tennispassionzone.com\/it\/#\/schema\/person\/b9c262bd9834410177e11e301758b2a4","name":"Gabriele Rossi","image":{"@type":"ImageObject","inLanguage":"it-IT","@id":"https:\/\/www.tennispassionzone.com\/it\/#\/schema\/person\/image\/","url":"https:\/\/secure.gravatar.com\/avatar\/0ceb236bcc0b754bfdc9d4b86dd50f4b60debf1f4e4142e83d6673fe2157300c?s=96&d=mm&r=g","contentUrl":"https:\/\/secure.gravatar.com\/avatar\/0ceb236bcc0b754bfdc9d4b86dd50f4b60debf1f4e4142e83d6673fe2157300c?s=96&d=mm&r=g","caption":"Gabriele Rossi"},"description":"Toscano di origine, divide il proprio tempo tra la Versilia e Milano. Nonostante un percorso accademico nel campo dell\u2019ingegneria, con particolare attenzione alle tecnologie radar ed ai sistemi d\u2019antenna, una forte passione per il calcio lo accompagna fin da bambino. Prima sul campo e, poi, attraverso lo studio di partite, schemi, dati ed analisi, \u00e8 riuscito a trasformare questo interesse in diverse collaborazioni con realt\u00e0 online dedicate al calcio ed al fantacalcio, contribuendo con articoli, approfondimenti e contenuti per la community. L'obiettivo \u00e8 quello di coniugare l\u2019approccio analitico e statistico con quello umano, raccontando il calcio attraverso ci\u00f2 che accade sia nei numeri sia nelle storie dei protagonisti, mantenendo sempre una visione attuale sul panorama calcistico nazionale ed internazionale.","url":"https:\/\/www.tennispassionzone.com\/it\/author\/gabriele-rossi\/"}]}},"_links":{"self":[{"href":"https:\/\/www.tennispassionzone.com\/it\/wp-json\/wp\/v2\/posts\/86172","targetHints":{"allow":["GET"]}}],"collection":[{"href":"https:\/\/www.tennispassionzone.com\/it\/wp-json\/wp\/v2\/posts"}],"about":[{"href":"https:\/\/www.tennispassionzone.com\/it\/wp-json\/wp\/v2\/types\/post"}],"author":[{"embeddable":true,"href":"https:\/\/www.tennispassionzone.com\/it\/wp-json\/wp\/v2\/users\/22"}],"replies":[{"embeddable":true,"href":"https:\/\/www.tennispassionzone.com\/it\/wp-json\/wp\/v2\/comments?post=86172"}],"version-history":[{"count":1,"href":"https:\/\/www.tennispassionzone.com\/it\/wp-json\/wp\/v2\/posts\/86172\/revisions"}],"predecessor-version":[{"id":86173,"href":"https:\/\/www.tennispassionzone.com\/it\/wp-json\/wp\/v2\/posts\/86172\/revisions\/86173"}],"wp:featuredmedia":[{"embeddable":true,"href":"https:\/\/www.tennispassionzone.com\/it\/wp-json\/wp\/v2\/media\/86109"}],"wp:attachment":[{"href":"https:\/\/www.tennispassionzone.com\/it\/wp-json\/wp\/v2\/media?parent=86172"}],"wp:term":[{"taxonomy":"category","embeddable":true,"href":"https:\/\/www.tennispassionzone.com\/it\/wp-json\/wp\/v2\/categories?post=86172"},{"taxonomy":"post_tag","embeddable":true,"href":"https:\/\/www.tennispassionzone.com\/it\/wp-json\/wp\/v2\/tags?post=86172"}],"curies":[{"name":"wp","href":"https:\/\/api.w.org\/{rel}","templated":true}]}}